{"id":8323,"date":"2023-02-13T16:11:14","date_gmt":"2023-02-13T15:11:14","guid":{"rendered":"https:\/\/www.jocelyne-lopez.de\/blog\/?p=8323"},"modified":"2023-02-13T16:21:58","modified_gmt":"2023-02-13T15:21:58","slug":"petition-manifest-fuer-frieden","status":"publish","type":"post","link":"https:\/\/www.jocelyne-lopez.de\/blog\/2023\/02\/petition-manifest-fuer-frieden\/","title":{"rendered":"PETITION: Manifest f\u00fcr Frieden"},"content":{"rendered":"<p style=\"text-align: justify;\">Bitte unterschreiben Sie auch die sehr wichtige Petition von Sahra Wagenknecht und Alice Schwarzer. Wir brauchen eine starke Friedenbewegung und Friedenverhandlungen, damit das Sterben in der Ukraine endlich aufh\u00f6rt!<\/p>\n<p>&nbsp;<\/p>\n<h3 style=\"text-align: center;\">Petition: Manifest f\u00fcr Frieden<\/h3>\n<div class=\"x11i5rnm xat24cr x1mh8g0r x1vvkbs xdj266r x126k92a\">\n<div dir=\"auto\" style=\"text-align: justify;\"><em>&#8222;Wir, Alice Schwarzer und Sahra Wagenknecht, haben gemeinsam ein \u201eManifest f\u00fcr Frieden\u201c verfasst. F\u00fcr Verhandlungen statt Panzer. Innerhalb weniger Tage wurde das Manifest von 69 bekannten Pers\u00f6nlichkeiten aus Kultur, Kunst, Wissenschaft und Politik unterschrieben. Ab heute kann sich jede und jeder dem Manifest anschlie\u00dfen.<\/em>&nbsp;&nbsp;&nbsp;<\/p>\n<p>&nbsp;<\/p>\n<\/div>\n<\/div>\n<div class=\"x11i5rnm xat24cr x1mh8g0r x1vvkbs xtlvy1s x126k92a\">\n<div dir=\"auto\" style=\"text-align: justify;\"><em>Auf Basis der Forderungen dieses Manifestes laden wir gemeinsam mit Brigadegeneral a.D. Erich Vad zu einer Kundgebung ein: am 25. Februar um 14 Uhr am Brandenburger Tor in Berlin. Kommt alle! Unser Land braucht wieder eine starke Friedensbewegung.<\/em>&nbsp;<\/div>\n<\/div>\n<div class=\"x11i5rnm xat24cr x1mh8g0r x1vvkbs xtlvy1s x126k92a\">\n<div dir=\"auto\" style=\"text-align: justify;\"><em><br \/>\nWir wollen mit diesen Aktionen dazu beitragen, dass die H\u00e4lfte der deutschen Bev\u00f6lkerung in der \u00f6ffentlichen Debatte endlich geh\u00f6rt wird, die f\u00fcr Verhandlungen statt Krieg pl\u00e4diert. F\u00fcr Frieden statt Panzer.&#8220;<\/em>&nbsp;<\/p>\n<p style=\"text-align: center;\">&#8212;&#8212;&#8212;&#8212;&#8212;&#8212;&#8212;&#8212;&#8212;&#8212;&#8212;<\/p>\n<p><span class=\"x193iq5w xeuugli x13faqbe x1vvkbs x1xmvt09 x1lliihq x1s928wv xhkezso x1gmr53x x1cpjm7i x1fgarty x1943h6x xudqn12 x3x7a5m x6prxxf xvq8zen xo1l8bm xzsf02u x1yc453h\" dir=\"auto\">&#8222;Ein starkes Signal f\u00fcr den Frieden &#8211; Bereits eine Viertelmillion Menschen haben nach nicht einmal drei Tagen das &#8222;Manifest f\u00fcr Frieden&#8220; unterschrieben und wollen mit uns allen gemeinsam Druck aufbauen, damit die Bundesregierung ihren Kurs korrigiert und nicht mit immer mehr Waffenlieferungen den blutigen Konflikt in der Ukraine befeuert. Nach Umfragen will die H\u00e4lfte der Bev\u00f6lkerung keine Panzer, Kampfjets und Raketen zur L\u00f6sung des Konfliktes, sondern endlich diplomatische Initiativen, Verhandlungen und Frieden. Es wird Zeit, dieser H\u00e4lfte ein Geh\u00f6r zu verschaffen, ein Stoppzeichen zu setzen und den Protest gegen Waffenlieferungen und f\u00fcr Frieden und Diplomatie auf die Stra\u00dfe zu tragen. Alice Schwarzer und ich rufen deshalb mit vielen weiteren Unterzeichnern dazu auf: Unterschreibt das &#8222;Manifest f\u00fcr Frieden&#8220; (<a class=\"x1i10hfl xjbqb8w x6umtig x1b1mbwd xaqea5y xav7gou x9f619 x1ypdohk xt0psk2 xe8uvvx xdj266r x11i5rnm xat24cr x1mh8g0r xexx8yu x4uap5 x18d9i69 xkhd6sd x16tdsg8 x1hl2dhg xggy1nq x1a2a7pz xt0b8zv x1fey0fg\" tabindex=\"0\" role=\"link\" href=\"https:\/\/bit.ly\/3jKMHGP?fbclid=IwAR3K7-dlXGWshbcgeuyC848QfJOq0kjYJJ3kj7efEZsc7ngVhT5nNEGs3Ec\" target=\"_blank\" rel=\"nofollow noopener\">https:\/\/bit.ly\/3jKMHGP<\/a>) und zeigt, dass wir viele sind! Wenn jeder der Unterzeichner nur einen Freund, einen Verwandten, einen Nachbarn oder Kollegen motiviert, auch zu unterschreiben, sind wir bereits doppelt so viele. Au\u00dferdem: Kommt auf die Stra\u00dfe am 25.02., 14:00, in Berlin, Brandenburger Tor! Zu viele Menschen sind bereits sinnlos in diesem Krieg gestorben! Lasst uns gemeinsam Druck machen, damit die Logik, diesen Konflikt milit\u00e4risch l\u00f6sen zu wollen, gebrochen wird, und die Bundesregierung endlich zur Diplomatie zur\u00fcckkommt.&#8220; (Sahra Wagenknecht)<br \/>\n<\/span><\/p>\n<\/div>\n<\/div>\n<div dir=\"auto\"><img loading=\"lazy\" decoding=\"async\" class=\"x1ey2m1c xds687c x5yr21d x10l6tqk x17qophe x13vifvy xh8yej3 xl1xv1r\" src=\"https:\/\/scontent-dus1-1.xx.fbcdn.net\/v\/t39.30808-6\/330773568_865450211427246_5960271671747599333_n.jpg?stp=dst-jpg_p526x296&amp;_nc_cat=111&amp;ccb=1-7&amp;_nc_sid=8bfeb9&amp;_nc_ohc=RgXPXDz8SXcAX_zgUD3&amp;_nc_ht=scontent-dus1-1.xx&amp;oh=00_AfCJPrfbfWxEzI6zWftsSAflf96qd0EmDR0fs_n9_7e4Ng&amp;oe=63EF193C\" alt=\"Ist m\u00f6glicherweise ein Bild von 2 Personen und Text \u201e250.000! Jetzt unterschreiben auf Change.org! Kommt zur gro\u00dfen Friedens- kundgebung am 25.02. in Berlin! Manifest f\u00fcr Frieden Eine Viertelmillion Unterst\u00fctzer Linksfraktion Olaf\u201c\" width=\"473\" height=\"473\"\/><\/div>\n<h2 dir=\"auto\" style=\"text-align: center;\"><a href=\"http:\/\/www.change.org\/p\/manifest-f\u00fcr-frieden\">ZUR PETITION&#8230;<\/a><\/h2>\n","protected":false},"excerpt":{"rendered":"<p>Bitte unterschreiben Sie auch die sehr wichtige Petition von Sahra Wagenknecht und Alice Schwarzer. Wir brauchen eine starke Friedenbewegung und Friedenverhandlungen, damit das Sterben in der Ukraine endlich aufh\u00f6rt! &nbsp; Petition: Manifest f\u00fcr Frieden &#8222;Wir, Alice Schwarzer und Sahra Wagenknecht, haben gemeinsam ein \u201eManifest f\u00fcr Frieden\u201c verfasst. F\u00fcr Verhandlungen statt Panzer. Innerhalb weniger Tage wurde [&hellip;]<\/p>\n","protected":false},"author":3,"featured_media":0,"comment_status":"closed","ping_status":"closed","sticky":false,"template":"","format":"standard","meta":{"om_disable_all_campaigns":false,"_monsterinsights_skip_tracking":false,"_monsterinsights_sitenote_active":false,"_monsterinsights_sitenote_note":"","_monsterinsights_sitenote_category":0,"ngg_post_thumbnail":0,"footnotes":""},"categories":[18],"tags":[],"class_list":["post-8323","post","type-post","status-publish","format-standard","hentry","category-vom-leben-2"],"aioseo_notices":[],"_links":{"self":[{"href":"https:\/\/www.jocelyne-lopez.de\/blog\/wp-json\/wp\/v2\/posts\/8323"}],"collection":[{"href":"https:\/\/www.jocelyne-lopez.de\/blog\/wp-json\/wp\/v2\/posts"}],"about":[{"href":"https:\/\/www.jocelyne-lopez.de\/blog\/wp-json\/wp\/v2\/types\/post"}],"author":[{"embeddable":true,"href":"https:\/\/www.jocelyne-lopez.de\/blog\/wp-json\/wp\/v2\/users\/3"}],"replies":[{"embeddable":true,"href":"https:\/\/www.jocelyne-lopez.de\/blog\/wp-json\/wp\/v2\/comments?post=8323"}],"version-history":[{"count":0,"href":"https:\/\/www.jocelyne-lopez.de\/blog\/wp-json\/wp\/v2\/posts\/8323\/revisions"}],"wp:attachment":[{"href":"https:\/\/www.jocelyne-lopez.de\/blog\/wp-json\/wp\/v2\/media?parent=8323"}],"wp:term":[{"taxonomy":"category","embeddable":true,"href":"https:\/\/www.jocelyne-lopez.de\/blog\/wp-json\/wp\/v2\/categories?post=8323"},{"taxonomy":"post_tag","embeddable":true,"href":"https:\/\/www.jocelyne-lopez.de\/blog\/wp-json\/wp\/v2\/tags?post=8323"}],"curies":[{"name":"wp","href":"https:\/\/api.w.org\/{rel}","templated":true}]}}