{"id":8320,"date":"2023-01-17T14:32:50","date_gmt":"2023-01-17T13:32:50","guid":{"rendered":"https:\/\/www.jocelyne-lopez.de\/blog\/?p=8320"},"modified":"2023-01-17T14:41:35","modified_gmt":"2023-01-17T13:41:35","slug":"kbv-daten-belegen-starke-zunahme-schwerer-erkrankungen-2021-todesursachenstatistik-wirft-fragen-auf","status":"publish","type":"post","link":"https:\/\/www.jocelyne-lopez.de\/blog\/2023\/01\/kbv-daten-belegen-starke-zunahme-schwerer-erkrankungen-2021-todesursachenstatistik-wirft-fragen-auf\/","title":{"rendered":"KBV-Daten belegen starke Zunahme schwerer Erkrankungen 2021, Todesursachenstatistik wirft Fragen auf"},"content":{"rendered":"<p style=\"text-align: justify;\">Eine sehr fundierte Analyse der Statistiken zur Zunahme der schweren Erkrankungen und der Impftoten 2021 im Magazin <em>Multipolar<\/em> vom 20.12.2022:<\/p>\n<p style=\"padding-left: 30px; text-align: left;\"><strong><a href=\"https:\/\/multipolar-magazin.de\/artikel\/kbv-daten-todesursachenstatistik\">KBV-Daten belegen starke Zunahme schwerer Erkrankungen 2021, Todesursachenstatistik wirft Fragen auf<\/a><\/strong><\/p>\n<p style=\"padding-left: 30px;\"><strong>Ausz\u00fcge:<br \/>\n<\/strong><\/p>\n<p style=\"padding-left: 30px; text-align: justify;\"><em><strong>&#8222;Der Ver\u00f6ffentlichung der Abrechnungsdaten der Kassen\u00e4rztlichen Bundesvereinigung (KBV) durch die AfD am 12. Dezember folgten verschiedene, einander widersprechende Dementis sowie zahlreiche Faktenchecks gro\u00dfer Medien. Tenor: Die AfD hat die Zahlen falsch analysiert, einen massiven Anstieg pl\u00f6tzlicher und unerwarteter Todesf\u00e4lle hat es nicht gegeben. Doch die KBV-Daten enthalten anderes, bislang nicht diskutiertes, brisantes Zahlenmaterial, das auch das Paul-Ehrlich-Institut unter Druck setzt. Zudem wirft die am 16. Dezember vom Statistischen Bundesamt ver\u00f6ffentlichte Todesursachenstatistik f\u00fcr das Jahr 2021 Fragen auf. (Mit zwei Korrekturen)<\/strong> <\/em><br \/>\n<em>[&#8230;]<\/em><\/p>\n<p style=\"padding-left: 30px; text-align: justify;\"><em><strong>Statistisches Bundesamt: 255 Impftote im Jahr 2021<\/strong><\/em><\/p>\n<p style=\"padding-left: 30px; text-align: justify;\"><em>Doch selbst dann, wenn man der Todesursachenstatistik im Gro\u00dfen und Ganzen Glauben schenkt und solche Fragen ignoriert, enth\u00e4lt der Datensatz einen brisanten Befund. W\u00e4hrend das PEI in seinem Sicherheitsbericht f\u00fcr das Jahr 2021 lediglich von 85 Todesf\u00e4llen <a href=\"https:\/\/www.pei.de\/SharedDocs\/Downloads\/DE\/newsroom\/dossiers\/sicherheitsberichte\/sicherheitsbericht-27-12-20-bis-31-12-21.pdf?__blob=publicationFile&amp;v=5\">ausgeht<\/a>, bei denen das Institut einen \u201eurs\u00e4chlichen Zusammenhang mit der Impfung als m\u00f6glich oder wahrscheinlich bewertet\u201c, summieren sich solche Impftodesf\u00e4lle laut Statistischem Bundesamt im Jahr 2021 auf ein Vielfaches, n\u00e4mlich 255 F\u00e4lle. Zum Vergleich: In den Vorjahren 2016 bis 2020 wurden laut Bundesamt im Durchschnitt lediglich 1,2 (!) Impftote pro Jahr gez\u00e4hlt<\/em><br \/>\n<img loading=\"lazy\" decoding=\"async\" class=\"\" src=\"https:\/\/multipolar-magazin.de\/media\/pages\/artikel\/kbv-daten-todesursachenstatistik\/96cacaf28b-1671842686\/abb-7c.jpg\" alt=\"\" width=\"423\" height=\"281\"\/><\/p>\n<h5 style=\"padding-left: 90px;\"><strong>Abb. 7:<\/strong> Todesf\u00e4lle aufgrund von Impfung, Grafik: Christof Kuhbandner,<br \/>\nQuelle: Statistisches Bundesamt, Todesursachenstatistik<\/h5>\n<p style=\"padding-left: 30px; text-align: justify;\"><em>Dieser extreme Anstieg l\u00e4sst sich nicht durch die gr\u00f6\u00dfere Anzahl von Impfungen im Jahr 2021 erkl\u00e4ren. W\u00e4hrend in den Vorjahren 2016 bis 2020 <a href=\"https:\/\/www.kbv.de\/media\/sp\/2022-06-16_Anfrage_codierte_Impfnebenwirkungen_Covid-19.pdf\">laut KBV-Daten<\/a> durchschnittlich 24 Millionen Impfungen durchgef\u00fchrt wurden, waren es 2021 154 Millionen \u2013 also eine Versechsfachung. Der Anstieg der Todesf\u00e4lle von 1,2 auf 255 pro Jahr entspricht aber einem Zuwachs um das 213-fache. Eine Beh\u00f6rde, die hier kein Sicherheitssignal erkennt, wird, so darf man konstatieren, selbst zu einer Gefahr f\u00fcr die \u00f6ffentliche Gesundheit.&#8220; [&#8230;]<br \/>\n<\/em><br \/>\n<a href=\"https:\/\/multipolar-magazin.de\/artikel\/kbv-daten-todesursachenstatistik\">Den ganzen Artikel lesen&#8230;<\/a><\/p>\n","protected":false},"excerpt":{"rendered":"<p>Eine sehr fundierte Analyse der Statistiken zur Zunahme der schweren Erkrankungen und der Impftoten 2021 im Magazin Multipolar vom 20.12.2022: KBV-Daten belegen starke Zunahme schwerer Erkrankungen 2021, Todesursachenstatistik wirft Fragen auf Ausz\u00fcge: &#8222;Der Ver\u00f6ffentlichung der Abrechnungsdaten der Kassen\u00e4rztlichen Bundesvereinigung (KBV) durch die AfD am 12. Dezember folgten verschiedene, einander widersprechende Dementis sowie zahlreiche Faktenchecks gro\u00dfer [&hellip;]<\/p>\n","protected":false},"author":3,"featured_media":0,"comment_status":"closed","ping_status":"closed","sticky":false,"template":"","format":"standard","meta":{"om_disable_all_campaigns":false,"_monsterinsights_skip_tracking":false,"_monsterinsights_sitenote_active":false,"_monsterinsights_sitenote_note":"","_monsterinsights_sitenote_category":0,"ngg_post_thumbnail":0,"footnotes":""},"categories":[1470],"tags":[1461,1460],"class_list":["post-8320","post","type-post","status-publish","format-standard","hentry","category-corona-krise","tag-multipolar","tag-paul-schreyer"],"aioseo_notices":[],"_links":{"self":[{"href":"https:\/\/www.jocelyne-lopez.de\/blog\/wp-json\/wp\/v2\/posts\/8320"}],"collection":[{"href":"https:\/\/www.jocelyne-lopez.de\/blog\/wp-json\/wp\/v2\/posts"}],"about":[{"href":"https:\/\/www.jocelyne-lopez.de\/blog\/wp-json\/wp\/v2\/types\/post"}],"author":[{"embeddable":true,"href":"https:\/\/www.jocelyne-lopez.de\/blog\/wp-json\/wp\/v2\/users\/3"}],"replies":[{"embeddable":true,"href":"https:\/\/www.jocelyne-lopez.de\/blog\/wp-json\/wp\/v2\/comments?post=8320"}],"version-history":[{"count":0,"href":"https:\/\/www.jocelyne-lopez.de\/blog\/wp-json\/wp\/v2\/posts\/8320\/revisions"}],"wp:attachment":[{"href":"https:\/\/www.jocelyne-lopez.de\/blog\/wp-json\/wp\/v2\/media?parent=8320"}],"wp:term":[{"taxonomy":"category","embeddable":true,"href":"https:\/\/www.jocelyne-lopez.de\/blog\/wp-json\/wp\/v2\/categories?post=8320"},{"taxonomy":"post_tag","embeddable":true,"href":"https:\/\/www.jocelyne-lopez.de\/blog\/wp-json\/wp\/v2\/tags?post=8320"}],"curies":[{"name":"wp","href":"https:\/\/api.w.org\/{rel}","templated":true}]}}