{"id":8306,"date":"2022-09-06T16:26:44","date_gmt":"2022-09-06T15:26:44","guid":{"rendered":"https:\/\/www.jocelyne-lopez.de\/blog\/?p=8306"},"modified":"2022-09-06T16:27:40","modified_gmt":"2022-09-06T15:27:40","slug":"der-beunruhigende-trend-setzt-sich-fort-ueberall-unerklaerte-uebersterblichkeit-seit-anfang-der-impfkampagnen-2021","status":"publish","type":"post","link":"https:\/\/www.jocelyne-lopez.de\/blog\/2022\/09\/der-beunruhigende-trend-setzt-sich-fort-ueberall-unerklaerte-uebersterblichkeit-seit-anfang-der-impfkampagnen-2021\/","title":{"rendered":"Der beunruhigende Trend setzt sich fort: \u00dcberall unerkl\u00e4rte \u00dcbersterblichkeit seit Anfang der Impfkampagnen 2021!"},"content":{"rendered":"<div class=\"d2hqwtrz o9wcebwi b6ax4al1\">\n<div class=\"m8h3af8h l7ghb35v kjdc1dyq kmwttqpk gh25dzvf\">\n<div dir=\"auto\">Erschreckend: drastische \u00dcbersterblichkeit,&nbsp; auch in Deutschland, seit Anfang des Impfungsjahrs 2021:<\/div>\n<\/div>\n<div class=\"l7ghb35v kjdc1dyq kmwttqpk gh25dzvf jikcssrz\">\n<div dir=\"auto\" style=\"text-align: justify; padding-left: 30px;\">\n<p class=\"title-heading-left fusion-responsive-typography-calculated\"><a href=\"https:\/\/tkp.at\/2022\/08\/23\/uebersterblichkeit-in-deutschland-vergleich-2020-bis-2022\/\">\u00dcbersterblichkeit in Deutschland \u2013 Vergleich 2020 bis 2022<\/a><\/p>\n<p>&#8222;<em><strong>Die Sterblichkeits- und Geburtsdaten f\u00fcr Deutschland zeigen ganz eindeutige Trends und Ver\u00e4nderungen ab Anfang 2021. Die Impfung wirkt ganz offensichtlich, allerdings bewirkt sie das genaue Gegenteil dessen was uns versprochen wird. Sie sch\u00fctzt nicht vor Todesf\u00e4llen, sondern f\u00f6rdert sie und das in allen Alterskategorien. Hier eine neue Analyse der deutschen Wissenschaftler Christof Kuhbandner und Matthias Reitzner.<\/strong><\/em><\/p>\n<\/div>\n<\/div>\n<div class=\"l7ghb35v kjdc1dyq kmwttqpk gh25dzvf jikcssrz\">\n<div dir=\"auto\" style=\"text-align: justify; padding-left: 30px;\"><em>Die neue Ver\u00f6ffentlichung mit dem Titel \u201e<a href=\"https:\/\/www.researchgate.net\/publication\/362777743_Excess_mortality_in_Germany_2020-2022\">Excess mortality in Germany 2020-2022<\/a>\u201c (\u00dcbersterblichkeit in Deutschland 2020 \u2013 20222) zeigt ein klares Bild:<\/em><\/div>\n<\/div>\n<div class=\"l7ghb35v kjdc1dyq kmwttqpk gh25dzvf jikcssrz\" style=\"text-align: justify;\">\n<div dir=\"auto\" style=\"text-align: justify; padding-left: 30px;\"><em>Die hohe \u00dcbersterblichkeit im Jahr 2021 war fast ausschlie\u00dflich auf einen Anstieg der Sterbef\u00e4lle in den Altersgruppen zwischen 15 und 79 Jahren zur\u00fcckzuf\u00fchren und begann erst ab April 2021 zu kumulieren. Ein \u00e4hnliches Sterblichkeitsmuster wurde bei den Totgeburten mit einem Anstieg von etwa 11 Prozent im zweiten Quartal des Jahres 2021 beobachtet.<\/em>&nbsp;&nbsp;&nbsp;<br \/>\n<em><img loading=\"lazy\" decoding=\"async\" class=\"alignnone  wp-image-36420\" src=\"https:\/\/i0.wp.com\/tkp.at\/wp-content\/uploads\/2022\/08\/Yearly-excess-mortality-The-red-bars-show-the-excess-mortality-in-2020-left.png?resize=577%2C321&amp;ssl=1\" sizes=\"(max-width: 577px) 100vw, 577px\" srcset=\"https:\/\/i0.wp.com\/tkp.at\/wp-content\/uploads\/2022\/08\/Yearly-excess-mortality-The-red-bars-show-the-excess-mortality-in-2020-left.png?resize=200%2C111&amp;ssl=1 200w, https:\/\/i0.wp.com\/tkp.at\/wp-content\/uploads\/2022\/08\/Yearly-excess-mortality-The-red-bars-show-the-excess-mortality-in-2020-left.png?resize=300%2C167&amp;ssl=1 300w, https:\/\/i0.wp.com\/tkp.at\/wp-content\/uploads\/2022\/08\/Yearly-excess-mortality-The-red-bars-show-the-excess-mortality-in-2020-left.png?resize=400%2C223&amp;ssl=1 400w, https:\/\/i0.wp.com\/tkp.at\/wp-content\/uploads\/2022\/08\/Yearly-excess-mortality-The-red-bars-show-the-excess-mortality-in-2020-left.png?fit=577%2C321&amp;ssl=1 577w\" alt=\"\" data-attachment-id=\"36420\" data-permalink=\"https:\/\/tkp.at\/2022\/08\/23\/uebersterblichkeit-in-deutschland-vergleich-2020-bis-2022\/yearly-excess-mortality-the-red-bars-show-the-excess-mortality-in-2020-left\/\" data-orig-file=\"https:\/\/i0.wp.com\/tkp.at\/wp-content\/uploads\/2022\/08\/Yearly-excess-mortality-The-red-bars-show-the-excess-mortality-in-2020-left.png?fit=577%2C321&amp;ssl=1\" data-orig-size=\"577,321\" data-comments-opened=\"1\" data-image-meta=\"{&quot;aperture&quot;:&quot;0&quot;,&quot;credit&quot;:&quot;&quot;,&quot;camera&quot;:&quot;&quot;,&quot;caption&quot;:&quot;&quot;,&quot;created_timestamp&quot;:&quot;0&quot;,&quot;copyright&quot;:&quot;&quot;,&quot;focal_length&quot;:&quot;0&quot;,&quot;iso&quot;:&quot;0&quot;,&quot;shutter_speed&quot;:&quot;0&quot;,&quot;title&quot;:&quot;&quot;,&quot;orientation&quot;:&quot;0&quot;}\" data-image-title=\"Yearly-excess-mortality-The-red-bars-show-the-excess-mortality-in-2020-left\" data-image-description=\"\" data-image-caption=\"\" data-medium-file=\"https:\/\/i0.wp.com\/tkp.at\/wp-content\/uploads\/2022\/08\/Yearly-excess-mortality-The-red-bars-show-the-excess-mortality-in-2020-left.png?fit=300%2C167&amp;ssl=1\" data-large-file=\"https:\/\/i0.wp.com\/tkp.at\/wp-content\/uploads\/2022\/08\/Yearly-excess-mortality-The-red-bars-show-the-excess-mortality-in-2020-left.png?fit=577%2C321&amp;ssl=1\" width=\"371\" height=\"206\"\/><br \/>\n[&#8230;]<br \/>\nIrgendetwas muss im April 2021 passiert sein, das zu einem pl\u00f6tzlichen und anhaltenden Anstieg der Sterblichkeit in den Altersgruppen unter 80 Jahren gef\u00fchrt hat, obwohl w\u00e4hrend der COVID-19-Pandemie bisher keine derartigen Auswirkungen auf die Sterblichkeit beobachtet worden waren<\/em>.&#8220; [&#8230;]&nbsp;&nbsp;&nbsp;&nbsp;&nbsp;&nbsp;<\/div>\n<\/div>\n<div dir=\"auto\">&nbsp;<\/p>\n<div class=\"elementor-element elementor-element-19114677 elementor-widget elementor-widget-theme-post-title elementor-page-title elementor-widget-heading\" data-id=\"19114677\" data-element_type=\"widget\" data-widget_type=\"theme-post-title.default\">\n<div class=\"elementor-widget-container\">\n<p class=\"elementor-heading-title elementor-size-default\" style=\"padding-left: 30px; text-align: justify;\"><a href=\"https:\/\/reitschuster.de\/post\/massive-uebersterblichkeit-in-england\/?fbclid=IwAR05ebYyXYBZlmfoVoLQp_k3qS8r4bGhWoVKVF_Cm9U5ryVbMPyac4u0Uls\"><span class=\"entry-title-primary\"><em>Massive \u00dcbersterblichkeit in England<\/em><\/span><em><span class=\"entry-subtitle\"> &#8211;<br \/>\n&#8222;Unerkl\u00e4rliche Todesf\u00e4lle, erschreckend&#8220;: Vor allem Herz-Kreislauf<\/span>&nbsp;<\/em><\/a><em><span class=\"gvxzyvdx aeinzg81 t7p7dqev gh25dzvf exr7barw b6ax4al1 gem102v4 ncib64c9 mrvwc6qr sx8pxkcf f597kf1v cpcgwwas m2nijcs8 hxfwr5lz k1z55t6l oog5qr5w tes86rjd pbevjfx6\" dir=\"auto\" lang=\"de-DE\"><br \/>\n&#8222;Es ist schwerer Tobak, den die britische Qualit\u00e4tszeitung Telegraph auff\u00e4hrt. Lauterbach und seine J\u00fcnger m\u00fcssen sich warm anziehen. Neben der \u00dcberschrift, in der die ketzerische These aufgestellt wird, dass die Ma\u00dfnahmen mehr Menschen get\u00f6tet haben k\u00f6nnten als das Virus, f\u00fchrt das Blatt in seiner Unterzeile aus: \u201eUnerkl\u00e4rliche Todesf\u00e4lle \u00fcbertreffen die Zahl derjenigen, die durch Viren verursacht wurden, Mediziner bezeichnen die Zahlen als \u2018erschreckend\u2018.\u201c Bezeichnend ist, dass in den gro\u00dfen Deutschen Medien solche Berichte schlecht vorstellbar sind.&#8220; [&#8230;]<\/span><\/em><\/p>\n<p>&nbsp;<\/p>\n<div class=\"m8h3af8h l7ghb35v kjdc1dyq kmwttqpk gh25dzvf\">\n<div dir=\"auto\" style=\"padding-left: 30px;\"><a href=\"https:\/\/reitschuster.de\/post\/corona-impfung-faelle-von-myokarditis-gehen-durch-die-decke\/?fbclid=IwAR1FsV4l1XMRkYN0KZQzIu2oI5Ep70di_pCnakokoJ2tWT9dFWB4mr5wW_0\">&#8222;Corona-Impfung: F\u00e4lle von Myokarditis gehen durch die Decke \u201eHerzmuskelentz\u00fcndugen reduzieren die Lebenserwartung\u201c<\/a><\/div>\n<\/div>\n<div class=\"l7ghb35v kjdc1dyq kmwttqpk gh25dzvf jikcssrz\">\n<div dir=\"auto\" style=\"padding-left: 30px; text-align: justify;\"><em>&#8222;Das Vaccine Adverse Event Reporting System, kurz VAERS, d\u00fcrfte der breiten Masse in Deutschland bisher noch unbekannt sein. Hierbei handelt es sich um ein Meldesystem f\u00fcr Verdachtsf\u00e4lle unerw\u00fcnschter Nebenwirkungen von Impfstoffen in den USA. Betrieben durch die Centers for Disease Control and Prevention (CDC) sowie die Food and Drug Administration (FDA) versteht sich das VAERS per Definition als \u201enationales Fr\u00fchwarnsystem zur Erkennung m\u00f6glicher Sicherheitsprobleme bei in den USA zugelassenen Impfstoffen.\u201c Es handelt sich also um eine hochoffizielle und jeder Schwurbelei unverd\u00e4chtige Stelle. Sp\u00e4testens mit der Ver\u00f6ffentlichung der j\u00fcngsten VAERS-Daten wurde ein gewaltiges \u201eSicherheitsproblem\u201c detektiert, das nicht nur in den USA s\u00e4mtliche Alarmglocken schrillen lassen sollte.<\/em>&nbsp;<\/p>\n<\/div>\n<\/div>\n<div class=\"l7ghb35v kjdc1dyq kmwttqpk gh25dzvf jikcssrz\">\n<div dir=\"auto\" style=\"padding-left: 30px; text-align: justify;\"><em>In dem Bericht wurde das Hauptaugenmerk auf die beim VAERS gemeldeten F\u00e4lle von Myokarditis (Herzmuskelentz\u00fcndung) und Perikarditis (Herzbeutelentz\u00fcndung) gelegt, die in den Tagen<\/em> <em><\/em><em>nach einer Impfung aufgetreten sind. Die wichtigste Erkenntnis: Die Erkrankungen an Myokarditis oder Perikarditis haben seit Beginn der Impfkampagne im Vergleich zu den Vorjahren um das bis zu 270-fache zugenommen. [&#8230;] Wer trotzdem noch immer nicht wahrhaben will, dass die Anzahl der gemeldeten F\u00e4lle von Myokarditis oder Perikarditis infolge der Corona-Impfungen alle bisher gekannten Dimensionen sprengt, dem sei ein Blick auf die entsprechende Gegen\u00fcberstellung der VAERS-Daten empfohlen. Seit 2010 bis heute wurden in der Altersgruppe der 0- bis 50-j\u00e4hrigen Amerikaner in allen Jahren zusammen \u2013 also in 11,5 Jahren \u2013 gerade einmal 207 F\u00e4lle von Herzmuskel- oder Herzbeutelentz\u00fcndungen gemeldet. In derselben Altersgruppe brachten es die Corona-Impfstoffe seit Beginn der Impfkampagne Anfang 2021 in nur eineinhalb Jahren auf sagenhafte 14.925 F\u00e4lle dieser ernsten Nebenwirkungen.&#8220; [&#8230;]<\/em>&nbsp;<\/p>\n<\/div>\n<\/div>\n<\/div>\n<\/div>\n<p><strong>IMPFUNGEN STOPPEN!!!<\/strong><\/p>\n<p>&nbsp;<\/p>\n<\/div>\n<\/div>\n","protected":false},"excerpt":{"rendered":"<p>Erschreckend: drastische \u00dcbersterblichkeit,&nbsp; auch in Deutschland, seit Anfang des Impfungsjahrs 2021: \u00dcbersterblichkeit in Deutschland \u2013 Vergleich 2020 bis 2022 &#8222;Die Sterblichkeits- und Geburtsdaten f\u00fcr Deutschland zeigen ganz eindeutige Trends und Ver\u00e4nderungen ab Anfang 2021. Die Impfung wirkt ganz offensichtlich, allerdings bewirkt sie das genaue Gegenteil dessen was uns versprochen wird. Sie sch\u00fctzt nicht vor Todesf\u00e4llen, [&hellip;]<\/p>\n","protected":false},"author":3,"featured_media":0,"comment_status":"closed","ping_status":"closed","sticky":false,"template":"","format":"standard","meta":{"om_disable_all_campaigns":false,"_monsterinsights_skip_tracking":false,"_monsterinsights_sitenote_active":false,"_monsterinsights_sitenote_note":"","_monsterinsights_sitenote_category":0,"ngg_post_thumbnail":0,"footnotes":""},"categories":[1470],"tags":[],"class_list":["post-8306","post","type-post","status-publish","format-standard","hentry","category-corona-krise"],"aioseo_notices":[],"_links":{"self":[{"href":"https:\/\/www.jocelyne-lopez.de\/blog\/wp-json\/wp\/v2\/posts\/8306"}],"collection":[{"href":"https:\/\/www.jocelyne-lopez.de\/blog\/wp-json\/wp\/v2\/posts"}],"about":[{"href":"https:\/\/www.jocelyne-lopez.de\/blog\/wp-json\/wp\/v2\/types\/post"}],"author":[{"embeddable":true,"href":"https:\/\/www.jocelyne-lopez.de\/blog\/wp-json\/wp\/v2\/users\/3"}],"replies":[{"embeddable":true,"href":"https:\/\/www.jocelyne-lopez.de\/blog\/wp-json\/wp\/v2\/comments?post=8306"}],"version-history":[{"count":0,"href":"https:\/\/www.jocelyne-lopez.de\/blog\/wp-json\/wp\/v2\/posts\/8306\/revisions"}],"wp:attachment":[{"href":"https:\/\/www.jocelyne-lopez.de\/blog\/wp-json\/wp\/v2\/media?parent=8306"}],"wp:term":[{"taxonomy":"category","embeddable":true,"href":"https:\/\/www.jocelyne-lopez.de\/blog\/wp-json\/wp\/v2\/categories?post=8306"},{"taxonomy":"post_tag","embeddable":true,"href":"https:\/\/www.jocelyne-lopez.de\/blog\/wp-json\/wp\/v2\/tags?post=8306"}],"curies":[{"name":"wp","href":"https:\/\/api.w.org\/{rel}","templated":true}]}}