{"id":8235,"date":"2022-03-20T19:54:46","date_gmt":"2022-03-20T18:54:46","guid":{"rendered":"https:\/\/www.jocelyne-lopez.de\/blog\/?p=8235"},"modified":"2022-03-20T19:54:48","modified_gmt":"2022-03-20T18:54:48","slug":"demonstration-in-karlsruhe-anwaelte-fordern-ruecktritt-von-verfassungsgerichts-praesident-stephan-harbarth","status":"publish","type":"post","link":"https:\/\/www.jocelyne-lopez.de\/blog\/2022\/03\/demonstration-in-karlsruhe-anwaelte-fordern-ruecktritt-von-verfassungsgerichts-praesident-stephan-harbarth\/","title":{"rendered":"Demonstration in Karlsruhe &#8211; Anw\u00e4lte fordern R\u00fccktritt von Verfassungsgerichts-Pr\u00e4sident Stephan Harbarth"},"content":{"rendered":"<p style=\"text-align: justify;\">Berichtserstattung vom 13.03.2022 aus dem Online-Portal <em>WB Wochenblick<\/em>:<\/p>\n<p>&nbsp;<\/p>\n<div class=\"elementor-element elementor-element-6e2bc68 ignore elementor-widget elementor-widget-heading\" data-id=\"6e2bc68\" data-element_type=\"widget\" data-widget_type=\"heading.default\">\n<div class=\"elementor-widget-container\">\n<p class=\"elementor-heading-title elementor-size-default\" style=\"padding-left: 30px; text-align: justify;\"><a href=\"https:\/\/www.wochenblick.at\/corona\/anwaelte-fordern-ruecktritt-von-verfassungsgerichts-praesident-stephan-harbarth\/\">Demonstration in Karlsruhe &#8211; Anw\u00e4lte fordern R\u00fccktritt von Verfassungsgerichts-Pr\u00e4sident Stephan Harbarth<\/a><\/p>\n<p style=\"padding-left: 30px; text-align: justify;\">ZITATE:<\/p>\n<p style=\"padding-left: 30px; text-align: justify;\">&#8222;<strong>Am Freitag fand vor dem Bundesverfassungsgericht (BVerfG) in Karlsruhe eine aufsehenerregende Demonstration gegen die Voreingenommenheit und offenkundige Parteilichkeit dieser h\u00f6chsten juristischen Instanz Deutschlands statt. Au\u00dferdem waren die Corona-Ma\u00dfnahmen, die diesbez\u00fcgliche Rechtsprechung des Ersten Senats und die drohende Impfpflicht Anlass f\u00fcr die Proteste.<\/strong><\/p>\n<p style=\"padding-left: 30px;\">Von Daniel Matissek<\/p>\n<p style=\"padding-left: 30px; text-align: justify;\">Zu der Protestaktion aufgerufen hatten nicht etwa Laien, sondern gestandene Juristen: Organisator war der Verein \u201e<a href=\"https:\/\/www.youtube.com\/watch?v=JYQF_xex59k\" target=\"_blank\" rel=\"noopener\">Anw\u00e4lte f\u00fcr Aufkl\u00e4rung\u201c<\/a>. Neben 150 bis 200 Rechtsanw\u00e4lten und Assessoren fanden sich laut Verein auch mehrere hundert Pfleger ein. Unter anderem wurde von den Demonstranten der R\u00fccktritt des <a href=\"https:\/\/www.handelsblatt.com\/politik\/deutschland\/designierter-praesident-stephan-harbarth-verfassungsrichter-mit-umstrittener-vergangenheit\/25612434.html\" target=\"_blank\" rel=\"noopener\">umstrittenen Verfassungsgerichtspr\u00e4sidenten Stephan Harbarth<\/a> gefordert, einem CDU-Parteivasallen, der seine Berufung ausschlie\u00dflich der Protektion Angela Merkels verdankte, nachdem er zuvor als Heidelberger Bundestagsabgeordneter vor allem<a href=\"https:\/\/rheinneckarblog.de\/12\/ueber-eine-million-euro-nebeneinkuenfte\/110221.html\" target=\"_blank\" rel=\"noopener\"> durch skandal\u00f6se Nebeneink\u00fcnfte in Anwaltskanzleien<\/a> von sich Reden gemacht hatte.<\/p>\n<p style=\"padding-left: 30px;\"><strong>Frage der richterlichen Unabh\u00e4ngigkeit<\/strong><\/p>\n<p style=\"padding-left: 30px; text-align: justify;\">Die Demonstranten stellten vor allem die<a href=\"https:\/\/www.epochtimes.de\/politik\/deutschland\/anwaelte-fuer-aufklaerung-fordern-ruecktritt-von-harbarth-demo-am-bverfg-a3751957.html\" target=\"_blank\" rel=\"noopener\"> richterliche Unabh\u00e4ngigkeit Harbaths <\/a>in Frage. Bisher habe \u201e<em>kein Richter in der bundesdeutschen Nachkriegsgeschichte zuvor unser h\u00f6chstes deutsches Gericht, das Bundesverfassungsgericht, so sehr besch\u00e4digt, wie dieser Pr\u00e4sident.\u201c<\/em> Weitere Themen waren das Widerstandsrecht, die Gewaltenteilung, die <em>\u201eDelegitimierung des Staates\u201c<\/em>, berufsrechtliche Anschuldigungen gegen \u00c4rzte bez\u00fcglich der Aufkl\u00e4rung \u00fcber Corona-Impfstoffe und deren Nebenwirkungen und weitere Themen rund um die Corona-Ma\u00dfnahmen. &#8222;<\/p>\n<p style=\"padding-left: 30px;\"><strong>Ideologische Beeinflussung<\/strong><\/p>\n<p style=\"padding-left: 30px; text-align: justify;\">\u201e<em>Wir setzen uns f\u00fcr die F\u00f6rderung und den Erhalt des demokratischen Staatswesens ein. Dazu geh\u00f6rt&nbsp;eine unabh\u00e4ngige Justiz. Eine Justiz, die das Grundgesetz achtet, Neutralit\u00e4t und Unabh\u00e4ngigkeit&nbsp;der Richter in den Entscheidungen garantiert und ohne ideologische Beeinflussungsfaktoren die&nbsp;Rechtsstaatlichkeit bewertet und sichert.<\/em> <em>Das ist in Gefahr. Aktuell wird im Zuge der Entscheidung zur allgemeinen Impfpflicht ab 18 Jahren&nbsp;Artikel 2 Absatz 2 des Grundgesetzes, wonach jeder das Recht auf k\u00f6rperliche Unversehrtheit hat&nbsp;und die Freiheit der Person unverletzlich ist, missachtet und gebrochen\u201c, <\/em>hei\u00dft es in einem <a href=\"https:\/\/afaev.de\/wp-content\/uploads\/2022\/03\/Pressetext-MSM-7.3.22.pdf\" target=\"_blank\" rel=\"noopener\">Aufruf der \u201eAnw\u00e4lte f\u00fcr Aufkl\u00e4rung\u201c<\/a>.<br \/>\n[&#8230;]<\/p>\n<p style=\"padding-left: 30px;\"><a href=\"https:\/\/www.wochenblick.at\/corona\/anwaelte-fordern-ruecktritt-von-verfassungsgerichts-praesident-stephan-harbarth\/\">Den ganzen Artikel lesen&#8230;<\/a><\/p>\n<p>&nbsp;<\/p>\n<\/div>\n<\/div>\n<p><iframe loading=\"lazy\" title=\"Demo am Bundesverfassungsgericht: Anw\u00e4lte f\u00fcr Aufkl\u00e4rung fordern R\u00fccktritt von BVerfG-Chef Harbarth\" width=\"500\" height=\"281\" src=\"https:\/\/www.youtube.com\/embed\/JYQF_xex59k?feature=oembed\" frameborder=\"0\" allow=\"accelerometer; autoplay; clipboard-write; encrypted-media; gyroscope; picture-in-picture; web-share\" referrerpolicy=\"strict-origin-when-cross-origin\" allowfullscreen><\/iframe><\/p>\n<p>&nbsp;<\/p>\n","protected":false},"excerpt":{"rendered":"<p>Berichtserstattung vom 13.03.2022 aus dem Online-Portal WB Wochenblick: &nbsp; Demonstration in Karlsruhe &#8211; Anw\u00e4lte fordern R\u00fccktritt von Verfassungsgerichts-Pr\u00e4sident Stephan Harbarth ZITATE: &#8222;Am Freitag fand vor dem Bundesverfassungsgericht (BVerfG) in Karlsruhe eine aufsehenerregende Demonstration gegen die Voreingenommenheit und offenkundige Parteilichkeit dieser h\u00f6chsten juristischen Instanz Deutschlands statt. Au\u00dferdem waren die Corona-Ma\u00dfnahmen, die diesbez\u00fcgliche Rechtsprechung des Ersten Senats [&hellip;]<\/p>\n","protected":false},"author":3,"featured_media":0,"comment_status":"closed","ping_status":"closed","sticky":false,"template":"","format":"standard","meta":{"om_disable_all_campaigns":false,"_monsterinsights_skip_tracking":false,"_monsterinsights_sitenote_active":false,"_monsterinsights_sitenote_note":"","_monsterinsights_sitenote_category":0,"ngg_post_thumbnail":0,"footnotes":""},"categories":[1470],"tags":[1571],"class_list":["post-8235","post","type-post","status-publish","format-standard","hentry","category-corona-krise","tag-anwaelte-fuer-aufklaerung"],"aioseo_notices":[],"_links":{"self":[{"href":"https:\/\/www.jocelyne-lopez.de\/blog\/wp-json\/wp\/v2\/posts\/8235"}],"collection":[{"href":"https:\/\/www.jocelyne-lopez.de\/blog\/wp-json\/wp\/v2\/posts"}],"about":[{"href":"https:\/\/www.jocelyne-lopez.de\/blog\/wp-json\/wp\/v2\/types\/post"}],"author":[{"embeddable":true,"href":"https:\/\/www.jocelyne-lopez.de\/blog\/wp-json\/wp\/v2\/users\/3"}],"replies":[{"embeddable":true,"href":"https:\/\/www.jocelyne-lopez.de\/blog\/wp-json\/wp\/v2\/comments?post=8235"}],"version-history":[{"count":0,"href":"https:\/\/www.jocelyne-lopez.de\/blog\/wp-json\/wp\/v2\/posts\/8235\/revisions"}],"wp:attachment":[{"href":"https:\/\/www.jocelyne-lopez.de\/blog\/wp-json\/wp\/v2\/media?parent=8235"}],"wp:term":[{"taxonomy":"category","embeddable":true,"href":"https:\/\/www.jocelyne-lopez.de\/blog\/wp-json\/wp\/v2\/categories?post=8235"},{"taxonomy":"post_tag","embeddable":true,"href":"https:\/\/www.jocelyne-lopez.de\/blog\/wp-json\/wp\/v2\/tags?post=8235"}],"curies":[{"name":"wp","href":"https:\/\/api.w.org\/{rel}","templated":true}]}}