{"id":8234,"date":"2022-03-17T14:53:49","date_gmt":"2022-03-17T13:53:49","guid":{"rendered":"https:\/\/www.jocelyne-lopez.de\/blog\/?p=8234"},"modified":"2022-03-17T14:53:51","modified_gmt":"2022-03-17T13:53:51","slug":"das-versagen-der-linken-ist-kolossal-punkt-preradovic-mit-prof-dr-ulrike-guerot","status":"publish","type":"post","link":"https:\/\/www.jocelyne-lopez.de\/blog\/2022\/03\/das-versagen-der-linken-ist-kolossal-punkt-preradovic-mit-prof-dr-ulrike-guerot\/","title":{"rendered":"\u201eDas Versagen der Linken ist kolossal\u201c &#8211; Punkt.PRERADOVIC mit Prof. Dr. Ulrike Gu\u00e9rot"},"content":{"rendered":"<div class=\"elementor-element elementor-element-19114677 elementor-widget elementor-widget-theme-post-title elementor-page-title elementor-widget-heading\" data-id=\"19114677\" data-element_type=\"widget\" data-widget_type=\"theme-post-title.default\">\n<div class=\"elementor-widget-container\">\n<p class=\"elementor-heading-title elementor-size-default\" style=\"padding-left: 30px;\"><a href=\"https:\/\/punkt-preradovic.com\/das-versagen-der-linken-ist-kolossal-mit-prof-dr-ulrike-guerot\/\"><span class=\"entry-title-primary\">\u201eDie Linke hat kolossal versagt<span class=\"entry-subtitle\">&#8220; &#8211; Prof. Ulrike Gu\u00e9rot im Gespr\u00e4ch mit Milena Preradovic<\/span><\/span> <\/a><\/p>\n<\/div>\n<\/div>\n<p style=\"padding-left: 30px; text-align: justify;\"><em><span class=\"style-scope yt-formatted-string\" dir=\"auto\">Wie ist der Zustand unserer Zeit und wie wollen wir leben? Mit diesen Fragen befasst sich die renommierte Politikwissenschaftlerin Prof. Dr. Ulrike Gu\u00e9rot in ihrem neuesten Buch \u201eWer schweigt, stimmt zu\u201c. Sie m\u00f6chte eine n\u00f6tige Debatte anregen, um das Abdriften der Politik in autorit\u00e4re Strukturen zu verhindern. Ein ausf\u00fchrliches Gespr\u00e4ch \u00fcber Totalitarismus, \u00dcberwachung, das \u201ekolossale Versagen der Linken\u201c und die Verengung des Meinungsspektrums, das sich auch jetzt in der Ukraine-Krise zeigt.<\/span>\u201eDie Linke hat kolossal versagt\u201c, sagt die Politologin Prof. Ulrike Gu\u00e9rot. Sie hinterfrage den Machtbegriff nicht mehr. Wer Interessen vermute, der werde gleich der Verschw\u00f6rungstheorie bezichtigt.<\/em><\/p>\n<p style=\"text-align: justify; padding-left: 30px;\"><em>Die gr\u00f6\u00dfte Entt\u00e4uschung f\u00fcr die \u00fcberzeugte Europ\u00e4erin ist die EU, von der ebenfalls keine Freiheit mehr ausgehe, sondern genau das Gegenteil. \u00dcberwachung, Einschr\u00e4nkung der Meinungsfreiheit, Abbau demokratischer zugunsten autorit\u00e4rer Strukturen \u2013 daf\u00fcr stehe inzwischen die EU.<\/em><\/p>\n<p style=\"text-align: justify; padding-left: 30px;\"><em>\u201eWenn sich die EU nicht wieder auf der Seite der Freiheit sortiert, dann ist sie politisch nicht mehr verteidigungsw\u00fcrdig\u201c, so die Autorin des Buches \u201eWer schweigt, stimmt zu\u201c.<\/em><\/p>\n<p>&nbsp;<\/p>\n<p><iframe loading=\"lazy\" title=\"\u201eDas Versagen der Linken ist kolossal\u201c - Punkt.PRERADOVIC mit Prof. Dr. Ulrike Gu\u00e9rot\" width=\"500\" height=\"281\" src=\"https:\/\/www.youtube.com\/embed\/ovplZbBplCU?feature=oembed\" frameborder=\"0\" allow=\"accelerometer; autoplay; clipboard-write; encrypted-media; gyroscope; picture-in-picture; web-share\" referrerpolicy=\"strict-origin-when-cross-origin\" allowfullscreen><\/iframe><\/p>\n<p style=\"padding-left: 30px;\">&nbsp;<\/p>\n<p style=\"padding-left: 120px;\"><img loading=\"lazy\" decoding=\"async\" class=\"\" src=\"https:\/\/assets.thalia.media\/img\/artikel\/6c697f2c88f77d7a3077e03445216c36a5f1935b-00-03.jpeg\" alt=\"Wer schweigt, stimmt zu\" width=\"254\" height=\"396\"\/><\/p>\n<p style=\"padding-left: 60px;\"><a href=\"https:\/\/www.thalia.de\/shop\/home\/artikeldetails\/A1063126638?ProvID=11000533&amp;gclid=EAIaIQobChMI-Ij7qKPN9gIVKY9oCR2ZGg6TEAQYASABEgJievD_BwE&amp;nclid=SIIHIi9NGFs2YXGFuVrsbzEQVeVHKvZmKeAaYfKc7gmXARDRzqU6e3ouwJJAbEf8\">Thalia &#8211; Beschreibung<\/a><\/p>\n<div class=\"element-text-standard\" data-zusatztexte-overlay=\"\">\n<p style=\"padding-left: 60px; text-align: justify;\">&#8222;<em>Wie wollen wir eigentlich leben? Nach zwei Jahren Pandemie, in zerm\u00fcrbten Gesellschaften, verformten Demokratien, polarisierten Debatten, ersch\u00f6pfen Volkswirtschaften und eingeschr\u00e4nkten Freiheitsrechten, liegt diese Frage mitten auf dem europ\u00e4ischen Tisch! Ulrike Gu\u00e9rot hat ein w\u00fctendes Essay f\u00fcr all diejenigen geschrieben, die nicht so leben wollen wie in den letzten zwei Jahren; die einem Virus nicht noch ein demokratischen System hinterher schmei\u00dfen, und die ihre Freiheit nicht f\u00fcr eine vermeintliche Sicherheit verspielen wollen. Ein Buch gegen den transhumanistischen Zeitgeist, der mit einer als Lebensrettung maskierten Kontrollpolitik genau das verspielt, was das Mysterium des Lebens ausmacht.&#8220;<\/em><\/p>\n<\/div>\n","protected":false},"excerpt":{"rendered":"<p>\u201eDie Linke hat kolossal versagt&#8220; &#8211; Prof. Ulrike Gu\u00e9rot im Gespr\u00e4ch mit Milena Preradovic Wie ist der Zustand unserer Zeit und wie wollen wir leben? Mit diesen Fragen befasst sich die renommierte Politikwissenschaftlerin Prof. Dr. Ulrike Gu\u00e9rot in ihrem neuesten Buch \u201eWer schweigt, stimmt zu\u201c. Sie m\u00f6chte eine n\u00f6tige Debatte anregen, um das Abdriften der [&hellip;]<\/p>\n","protected":false},"author":3,"featured_media":0,"comment_status":"closed","ping_status":"closed","sticky":false,"template":"","format":"standard","meta":{"om_disable_all_campaigns":false,"_monsterinsights_skip_tracking":false,"_monsterinsights_sitenote_active":false,"_monsterinsights_sitenote_note":"","_monsterinsights_sitenote_category":0,"ngg_post_thumbnail":0,"footnotes":""},"categories":[1470],"tags":[1579,1652],"class_list":["post-8234","post","type-post","status-publish","format-standard","hentry","category-corona-krise","tag-milena-preradovic","tag-ulrike-guerot"],"aioseo_notices":[],"_links":{"self":[{"href":"https:\/\/www.jocelyne-lopez.de\/blog\/wp-json\/wp\/v2\/posts\/8234"}],"collection":[{"href":"https:\/\/www.jocelyne-lopez.de\/blog\/wp-json\/wp\/v2\/posts"}],"about":[{"href":"https:\/\/www.jocelyne-lopez.de\/blog\/wp-json\/wp\/v2\/types\/post"}],"author":[{"embeddable":true,"href":"https:\/\/www.jocelyne-lopez.de\/blog\/wp-json\/wp\/v2\/users\/3"}],"replies":[{"embeddable":true,"href":"https:\/\/www.jocelyne-lopez.de\/blog\/wp-json\/wp\/v2\/comments?post=8234"}],"version-history":[{"count":0,"href":"https:\/\/www.jocelyne-lopez.de\/blog\/wp-json\/wp\/v2\/posts\/8234\/revisions"}],"wp:attachment":[{"href":"https:\/\/www.jocelyne-lopez.de\/blog\/wp-json\/wp\/v2\/media?parent=8234"}],"wp:term":[{"taxonomy":"category","embeddable":true,"href":"https:\/\/www.jocelyne-lopez.de\/blog\/wp-json\/wp\/v2\/categories?post=8234"},{"taxonomy":"post_tag","embeddable":true,"href":"https:\/\/www.jocelyne-lopez.de\/blog\/wp-json\/wp\/v2\/tags?post=8234"}],"curies":[{"name":"wp","href":"https:\/\/api.w.org\/{rel}","templated":true}]}}