{"id":8148,"date":"2022-01-19T17:55:16","date_gmt":"2022-01-19T16:55:16","guid":{"rendered":"https:\/\/www.jocelyne-lopez.de\/blog\/?p=8148"},"modified":"2022-01-19T17:55:41","modified_gmt":"2022-01-19T16:55:41","slug":"der-subjektive-studen-t-warum-das-fremdschutz-argument-versagt","status":"publish","type":"post","link":"https:\/\/www.jocelyne-lopez.de\/blog\/2022\/01\/der-subjektive-studen-t-warum-das-fremdschutz-argument-versagt\/","title":{"rendered":"&#8222;Der Subjektive Student&#8220; &#8211; Warum das Fremdschutz-Argument versagt"},"content":{"rendered":"<p style=\"text-align: justify;\">Ein lesenswerter Gastbeitrag im Informationsportal <em>reitschuster.de<\/em>:<\/p>\n<div class=\"elementor-element elementor-element-19114677 elementor-widget elementor-widget-theme-post-title elementor-page-title elementor-widget-heading\" data-id=\"19114677\" data-element_type=\"widget\" data-widget_type=\"theme-post-title.default\">\n<div class=\"elementor-widget-container\">\n<p class=\"elementor-heading-title elementor-size-default\" style=\"padding-left: 30px;\"><a href=\"https:\/\/reitschuster.de\/post\/das-ende-der-solidarischen-impfung\"><span class=\"entry-title-primary\">Das Ende der solidarischen Impfung<\/span> <span class=\"entry-subtitle\">&#8211; Warum das Fremdschutz-Argument inzwischen versagt<\/span> <\/a><span class=\"entry-subtitle\"><br \/>\nEin Gastbeitrag des \u201eSubjektiven Studenten\u201c<\/span><\/p>\n<p style=\"padding-left: 30px; text-align: justify;\">\u201e<em>Mit einer Impfung sch\u00fctzen Sie sich und andere\u201c,&nbsp;<a href=\"https:\/\/www.baden-wuerttemberg.de\/de\/service\/alle-meldungen\/meldung\/pid\/mit-einer-impfung-schuetzen-sie-sich-und-andere\/\" target=\"_blank\" rel=\"noopener\">verk\u00fcndete<\/a> beispielsweise der Ministerpr\u00e4sident aus Baden-W\u00fcrttemberg noch im vergangenen September im Brustton der \u00dcberzeugung. Die Botschaft scheint klar: Wer sich impfen l\u00e4sst, verhindert nicht nur eine Erkrankung der eigenen Person, sondern vermeidet auch die Ansteckung seines Umfelds.<\/em><\/p>\n<p style=\"padding-left: 30px; text-align: justify;\"><em>Und wer sich nicht impfen l\u00e4sst, musste sich folgerichtig eben klarmachen, dass er durch sein Verhalten vermeidbares Leid \u00fcber die Bev\u00f6lkerung bringen w\u00fcrde. Wie mit der eigenen Gesundheit umgegangen wird, das sei nat\u00fcrlich reine Privatsache; in dem Moment jedoch, wo mit dem eigenen Verhalten andere potenziell in Gefahr gebracht werden, da h\u00f6re dann eben auch die eigene Freiheit auf \u2013 so der Tenor der vergangenen Monate. [&#8230;]<\/em><\/p>\n<p class=\"elementor-heading-title elementor-size-default\" style=\"padding-left: 30px; text-align: justify;\"><em><span class=\"entry-subtitle\">Es ist also das Argument des Fremdschutzes, welches an vorderster Front angef\u00fchrt wird und wurde, um die immensen Eingriffe in unser aller Leben zu legitimieren. Und es ist auch das Argument des Fremdschutzes, welches angef\u00fchrt wird und wurde, um Geimpfte moralisch auf- und Ungeimpfte moralisch abzuwerten, denn die Impfung \u2013 so das Narrativ \u2013 verhindere Infektionen.<br \/>\n<\/span><\/em><\/p>\n<div class=\"container section-title-container\">\n<p class=\"section-title section-title-normal\" style=\"padding-left: 30px;\"><em><strong><span class=\"section-title-main\">Keine Daten, die Fremdschutz-Argument belegen<\/span><\/strong><\/em><\/p>\n<\/div>\n<p style=\"padding-left: 30px; text-align: justify;\"><em>Tats\u00e4chlich zeigen die neueren Zahlen aus unterschiedlichsten L\u00e4ndern, dass bei der neuen Variante Omikron das Argument des Fremdschutzes durch Impfung aus so gut wie gar keinem Blickwinkel mehr belastbar erscheint. Auch bei reitschuster.de wurde bereits auf die \u00dcberrepr\u00e4sentation der zweifach Geimpften in Bezug zu den symptomatischen Omikron-F\u00e4llen in den Statistiken des RKI <a href=\"https:\/\/reitschuster.de\/post\/omikron-die-variante-der-geimpften\/\" target=\"_blank\" rel=\"noopener\">hingewiesen<\/a>.<\/em><\/p>\n<p style=\"text-align: justify; padding-left: 30px;\"><em>Auch andere L\u00e4nder berichten \u00fcber das Ph\u00e4nomen der \u00dcberrepr\u00e4sentation bei Geimpften. In Schottland beispielsweise liegt gem\u00e4\u00df <a href=\"https:\/\/publichealthscotland.scot\/media\/11089\/22-01-12-covid19-winter_publication_report.pdf\" target=\"_blank\" rel=\"noopener\">Ver\u00f6ffentlichung<\/a> vom 12. Januar 2022 bei \u201ePublic Health Scotland\u201c (Seite 30) f\u00fcr die erste Kalenderwoche die altersstandardisierte 7-Tagesinzidenz bei den Ungeimpften sogar am niedrigsten (1093), gefolgt von den Geboosterten (1.467) und den Einmal-Geimpften (1.528). Auch hier rekrutierten sich aus den zweifach Geimpften die meisten positiv Getesteten (2.500).<\/em><\/p>\n<p style=\"text-align: justify; padding-left: 30px;\"><em>In England ein <a href=\"https:\/\/assets.publishing.service.gov.uk\/government\/uploads\/system\/uploads\/attachment_data\/file\/1046431\/Vaccine-surveillance-report-week-2-2022.pdf\" target=\"_blank\" rel=\"noopener\">\u00e4hnliches Bild<\/a>: Lediglich bei den unter 18-J\u00e4hrigen lassen sich Infektionen h\u00e4ufiger bei den Ungeimpften feststellen als bei den Geimpften. Bei den \u00c4lteren wendet sich das Blatt und die Spalte der Geimpften weist durchgehend die h\u00f6heren Werte f\u00fcr die reinen Infektionsraten auf, wie nachstehend unschwer zu erkennen ist: [&#8230;]<\/em><br \/>\n<a href=\"https:\/\/reitschuster.de\/post\/das-ende-der-solidarischen-impfung\/\">Den ganzen Beitrag lesen&#8230;<\/a><\/p>\n<p>&nbsp;<\/p>\n<p>Siehe auch einen Video-Beitrag des Autors auf Youtube:<\/p>\n<p class=\"title style-scope ytd-video-primary-info-renderer\" style=\"text-align: center; padding-left: 30px;\"><a href=\"https:\/\/www.youtube.com\/watch?v=b8SNkRCbmO4\">Warum Omikron die Impfpflicht ad absurdum f\u00fchrt!<\/a><\/p>\n<p><iframe loading=\"lazy\" title=\"Subjektiver Student im Gespr\u00e4ch: Warum Omikron die Impfpflicht ad absurdum f\u00fchrt!\" width=\"500\" height=\"281\" src=\"https:\/\/www.youtube.com\/embed\/b8SNkRCbmO4?feature=oembed\" frameborder=\"0\" allow=\"accelerometer; autoplay; clipboard-write; encrypted-media; gyroscope; picture-in-picture; web-share\" referrerpolicy=\"strict-origin-when-cross-origin\" allowfullscreen><\/iframe><\/p>\n<\/div>\n<\/div>\n<p>&nbsp;<\/p>\n","protected":false},"excerpt":{"rendered":"<p>Ein lesenswerter Gastbeitrag im Informationsportal reitschuster.de: Das Ende der solidarischen Impfung &#8211; Warum das Fremdschutz-Argument inzwischen versagt Ein Gastbeitrag des \u201eSubjektiven Studenten\u201c \u201eMit einer Impfung sch\u00fctzen Sie sich und andere\u201c,&nbsp;verk\u00fcndete beispielsweise der Ministerpr\u00e4sident aus Baden-W\u00fcrttemberg noch im vergangenen September im Brustton der \u00dcberzeugung. Die Botschaft scheint klar: Wer sich impfen l\u00e4sst, verhindert nicht nur eine [&hellip;]<\/p>\n","protected":false},"author":3,"featured_media":0,"comment_status":"closed","ping_status":"closed","sticky":false,"template":"","format":"standard","meta":{"om_disable_all_campaigns":false,"_monsterinsights_skip_tracking":false,"_monsterinsights_sitenote_active":false,"_monsterinsights_sitenote_note":"","_monsterinsights_sitenote_category":0,"ngg_post_thumbnail":0,"footnotes":""},"categories":[1470],"tags":[1644],"class_list":["post-8148","post","type-post","status-publish","format-standard","hentry","category-corona-krise","tag-der-subjektive-student"],"aioseo_notices":[],"_links":{"self":[{"href":"https:\/\/www.jocelyne-lopez.de\/blog\/wp-json\/wp\/v2\/posts\/8148"}],"collection":[{"href":"https:\/\/www.jocelyne-lopez.de\/blog\/wp-json\/wp\/v2\/posts"}],"about":[{"href":"https:\/\/www.jocelyne-lopez.de\/blog\/wp-json\/wp\/v2\/types\/post"}],"author":[{"embeddable":true,"href":"https:\/\/www.jocelyne-lopez.de\/blog\/wp-json\/wp\/v2\/users\/3"}],"replies":[{"embeddable":true,"href":"https:\/\/www.jocelyne-lopez.de\/blog\/wp-json\/wp\/v2\/comments?post=8148"}],"version-history":[{"count":0,"href":"https:\/\/www.jocelyne-lopez.de\/blog\/wp-json\/wp\/v2\/posts\/8148\/revisions"}],"wp:attachment":[{"href":"https:\/\/www.jocelyne-lopez.de\/blog\/wp-json\/wp\/v2\/media?parent=8148"}],"wp:term":[{"taxonomy":"category","embeddable":true,"href":"https:\/\/www.jocelyne-lopez.de\/blog\/wp-json\/wp\/v2\/categories?post=8148"},{"taxonomy":"post_tag","embeddable":true,"href":"https:\/\/www.jocelyne-lopez.de\/blog\/wp-json\/wp\/v2\/tags?post=8148"}],"curies":[{"name":"wp","href":"https:\/\/api.w.org\/{rel}","templated":true}]}}