{"id":8117,"date":"2021-12-09T12:44:59","date_gmt":"2021-12-09T11:44:59","guid":{"rendered":"https:\/\/www.jocelyne-lopez.de\/blog\/?p=8117"},"modified":"2021-12-09T12:45:00","modified_gmt":"2021-12-09T11:45:00","slug":"die-radikalisierung-einer-fraktion-der-massnahmenbefuerworter-schreitet-in-unfassbarer-geschwindigkeit-voran","status":"publish","type":"post","link":"https:\/\/www.jocelyne-lopez.de\/blog\/2021\/12\/die-radikalisierung-einer-fraktion-der-massnahmenbefuerworter-schreitet-in-unfassbarer-geschwindigkeit-voran\/","title":{"rendered":"Die Radikalisierung einer Fraktion der Ma\u00dfnahmenbef\u00fcrworter schreitet in unfassbarer Geschwindigkeit voran"},"content":{"rendered":"<p style=\"text-align: justify;\">Erschreckende Entwicklung in der Bev\u00f6lkerung anl\u00e4\u00dflich der Corona-Krise, die bereits auch im Ausland wahrgenommen wird: Der h\u00e4ssliche Deutsche ist wieder da&#8230;<\/p>\n<p>Siehe zum Beispiel:<\/p>\n<p style=\"padding-left: 30px; text-align: justify;\"><a href=\"https:\/\/de.rt.com\/meinung\/128041-ungeimpfte-als-blinddarm-ist-nazisprache\/\">Ist das schon Nazisprache?<br \/>\nZDF-&#8222;Kabarettistin&#8220; bezeichnet Ungeimpfte als Blinddarm<\/a><br \/>\n<strong><br \/>\nAuszug: <\/strong>[Kabarettistin Sarah Bosetti im ZDF:]<br \/>\n&#8222;<em>W\u00e4re die Spaltung der Gesellschaft wirklich etwas so Schlimmes? Sie w\u00fcrde ja nicht in der Mitte auseinanderbrechen, sondern ziemlich weit rechts unten. Und so ein Blinddarm ist ja nicht im strengeren Sinne essentiell f\u00fcr das \u00dcberleben des Gesamtkomplexes.&#8220;<\/em><br \/>\n[&#8230;]<br \/>\n<em>Das ist die Aussage des SS-Arztes Fritz Klein, t\u00e4tig an der Selektionsrampe in Bergen-Belsen, hingerichtet in Hameln am 13.12.1945: &#8222;Aus Ehrfurcht vor dem menschlichen Leben w\u00fcrde ich einen eiternden Blinddarm aus einem kranken K\u00f6rper entfernen. Der Jude ist der eiternde Blinddarm im K\u00f6rper der Menschheit.&#8220; <\/em><br \/>\n<em>[&#8230;] Frau Bosetti denkt schlicht. Solange sie diejenigen liebt, die zu lieben gerade angesagt ist, und diejenigen hasst, die zu hassen Mode ist, glaubt sie, alles sei gut. [&#8230;] Und Ungeimpfte darf man derzeit ausgiebig hassen. Bosetti sieht nicht, dass Menschenverachtung nicht am Objekt festgemacht wird, sondern vom Subjekt ausgeht. Sie \u00fcbersieht die Tatsache, dass ein Fritz Klein seine S\u00e4tze unter einer Regierung schrieb, die genau diese Sicht auf genau diese Gruppe st\u00fctzte und verbreitete; dass entsprechende S\u00e4tze in jeder Zeitung zu lesen waren. So, wie in jeder Zeitung heute w\u00fcste Tiraden gegen Ungeimpfte zu lesen sind, die, so wie die S\u00e4tze von Bosetti, gerade einen Millimeter vor der expliziten Vernichtungsfantasie enden.\u201c<br \/>\n[&#8230;]<\/em><\/p>\n<p>&nbsp;<\/p>\n<p style=\"text-align: justify;\">oder hier: Entmenschlichung der Ungeimpfte durch einen Polizei-Beamten bei einer Demonstration gegen die Corona-Ma\u00dfnahmen: <em>\u201eSie t\u00f6ten andere&#8230;. Sie haben jede Menschlichkeit verloren\u201c :<\/em><\/p>\n<p style=\"text-align: justify; padding-left: 30px;\"><em>Polizist zu Demonstrant: \u201e[\u2026] dass Sie andere Leute t\u00f6ten\u201c<br \/>\nDemonstrant: \u201eIch t\u00f6te andere Leute?\u201c<br \/>\nPolizist: \u201eIndirekt schon. Genau so sieht es aus. So ist es. [\u2026] Sie sind ein indirekter M\u00f6rder, weil Sie hier andere Leute anstecken, wenn Sie nah herankommen, ungeimpft wie Sie sind.\u201c [\u2026]<br \/>\nDemonstrant: \u201eBin ich ein M\u00f6rder oder keiner?\u201c<br \/>\nPolizist: Ja, weil Sie ungeimpft sind. [\u2026] Sie haben jegliche Menschlichkeit verloren.\u201c<br \/>\nDemonstrant: \u201eWas bin ich denn?\u201c<br \/>\nPolizist: \u201eKein Mensch mehr.\u201c<\/em><\/p>\n<p><iframe loading=\"lazy\" title=\"&quot;Sie t\u00f6ten andere....Sie haben jede Menschlichkeit verloren \u2013\u00a0Polizist entmenschlicht Demonstranten\" width=\"500\" height=\"281\" src=\"https:\/\/www.youtube.com\/embed\/vKvv-N22asc?feature=oembed\" frameborder=\"0\" allow=\"accelerometer; autoplay; clipboard-write; encrypted-media; gyroscope; picture-in-picture; web-share\" referrerpolicy=\"strict-origin-when-cross-origin\" allowfullscreen><\/iframe><\/p>\n<p style=\"padding-left: 30px;\">&nbsp;<\/p>\n<p>Oder hier Deportation-Fantasien:<\/p>\n<div class=\"kvgmc6g5 cxmmr5t8 oygrvhab hcukyx3x c1et5uql\">\n<div dir=\"auto\" style=\"text-align: justify; padding-left: 30px;\"><a href=\"https:\/\/www.thepioneer.de\/originals\/steingarts-morning-briefing\/podcasts\/impfgegner-muessen-fuehlbare-nachteile-haben?fbclid=IwAR2BB9sxvAvL1rzwozIQNnny-RSOIHM9BrxMMKI93O8VPnYMT0Ci-nndCyw\">The Pioneer:&nbsp;<\/a>\u201c<em>Impfgegner m\u00fcssen f\u00fchlbare Nachteile haben<\/em>\u201d.<br \/>\nDer Soziologe Prof. Heinz Bude \u00fcber die Impfpflicht-Diskussion und die Sturheit von Impfgegnern \u2013<\/div>\n<div dir=\"auto\" style=\"text-align: justify; padding-left: 30px;\"><strong>Auszug<\/strong> [14:30]:<br \/>\n\u201e<em>Ich w\u00fcrde es jetzt jedem politisch empfehlen: Klare Kante, klare Richtung. Impfgegner m\u00fcssen f\u00fchlbar Nachteile haben. Und im Grunde kann man sich nicht l\u00e4nger mit denen besch\u00e4ftigen. Das ist so. Die kann man nicht nach Madagaskar verfrachten. Was soll man machen?<\/em>\u201c<\/div>\n<\/div>\n<div class=\"cxmmr5t8 oygrvhab hcukyx3x c1et5uql o9v6fnle\">\n<div dir=\"auto\" style=\"text-align: justify; padding-left: 30px;\">NB: Deutschlandfunk (2010): Madagaskar \u2013 Inselghetto f\u00fcr Europas Juden. Vor 70 Jahren wurde im nationalsozialistischen Deutschland offiziell und intensiv \u00fcber den Madagaskarplan beraten, der eine sogenannte \u201eZwangsumsiedlung\u201c von Europas Juden auf diese Insel vorsah.<\/div>\n<\/div>\n<div dir=\"auto\">&nbsp;<\/div>\n<div dir=\"auto\">&#8212;&#8212;&#8211;<\/div>\n<div dir=\"auto\">\n<div class=\"ecm0bbzt e5nlhep0 a8c37x1j\">\n<div class=\"kvgmc6g5 cxmmr5t8 oygrvhab hcukyx3x c1et5uql\">\n<div dir=\"auto\" style=\"text-align: justify;\">Anmerkungen von <a href=\"https:\/\/multipolar-magazin.de\/ueber-multipolar\">Stefan Korinth<\/a> (ein der Herausgeber des empfehlenswerten Online-Magazins Multipolar) zu den oben dargelegten Vorf\u00e4llen:&nbsp;<\/p>\n<\/div>\n<div dir=\"auto\" style=\"padding-left: 30px; text-align: justify;\">&#8222;<em>Wenn die einen den anderen das Menschsein absprechen, ist es nicht mehr weit bis zum Vernichtungswillen. Die oben aufgef\u00fchrten F\u00e4lle des Polizisten, des Soziologie-Professors und der Kabarettistin sind nur wenige Beispiele aus den vergangenen Tagen, die alle Menschen hierzulande dringend alarmieren sollten. Die Radikalisierung einer Fraktion der Ma\u00dfnahmenbef\u00fcrworter schreitet in unfassbarer Geschwindigkeit voran. Dabei geht es gar nicht so sehr um die Interpretation von Worten wie Madagaskar oder Blinddarm, sondern vielmehr um die Denkmuster dahinter: um Ideen von Volksk\u00f6rpern, Deportationen und Untermenschen. Die Radikalisierung gro\u00dfer Bev\u00f6lkerungsteile in Nazi-Deutschland geschah nicht auf Knopfdruck sondern schrittweise unter dem permanenten Einfluss von Propaganda, Angst, Druck und schlie\u00dflich Krieg. Dies war ein gesellschaftlicher Prozess, der offenbar jederzeit wieder ablaufen kann. Obige Beispiele machen klar, viel zu viele Menschen haben keine tiefergehenden Lehren aus dieser historischen Entwicklung gezogen. Doch statt die Betroffenen zu belehren, w\u00e4re es vielleicht hilfreicher, sie zu beschenken \u2013 mit Exemplaren von Victor Klemperers \u201eLTI\u201c oder Morton Rhues \u201eDie Welle\u201c. Auf das sie es selbst erkennen m\u00f6gen. Diese Hoffnung sollte nicht aufgegeben werden.<\/em>&#8220;&nbsp;<\/p>\n<\/div>\n<div dir=\"auto\" style=\"padding-left: 30px;\"><img loading=\"lazy\" decoding=\"async\" class=\"\" title=\"Die drei Herausgeber von Multipolar: Paul Schreyer, Ulrich Teusch und Stefan Korinth | Foto: Multipolar\" src=\"https:\/\/multipolar-magazin.de\/media\/pages\/ueber-multipolar\/d182c2cc01-1629432967\/uber-multipolar.jpg\" alt=\"Die drei Herausgeber von Multipolar: Paul Schreyer, Ulrich Teusch und Stefan Korinth | Foto: Multipolar\" width=\"481\" height=\"241\"\/><\/div>\n<\/div>\n<\/div>\n<\/div>\n<h5 style=\"padding-left: 120px;\">Bildschirmausdruck Multipolar<\/h5>\n<p>&nbsp;<\/p>\n","protected":false},"excerpt":{"rendered":"<p>Erschreckende Entwicklung in der Bev\u00f6lkerung anl\u00e4\u00dflich der Corona-Krise, die bereits auch im Ausland wahrgenommen wird: Der h\u00e4ssliche Deutsche ist wieder da&#8230; Siehe zum Beispiel: Ist das schon Nazisprache? ZDF-&#8222;Kabarettistin&#8220; bezeichnet Ungeimpfte als Blinddarm Auszug: [Kabarettistin Sarah Bosetti im ZDF:] &#8222;W\u00e4re die Spaltung der Gesellschaft wirklich etwas so Schlimmes? Sie w\u00fcrde ja nicht in der Mitte [&hellip;]<\/p>\n","protected":false},"author":3,"featured_media":0,"comment_status":"closed","ping_status":"closed","sticky":false,"template":"","format":"standard","meta":{"om_disable_all_campaigns":false,"_monsterinsights_skip_tracking":false,"_monsterinsights_sitenote_active":false,"_monsterinsights_sitenote_note":"","_monsterinsights_sitenote_category":0,"ngg_post_thumbnail":0,"footnotes":""},"categories":[1470],"tags":[1632,1631,1557],"class_list":["post-8117","post","type-post","status-publish","format-standard","hentry","category-corona-krise","tag-prof-heinz-bude","tag-sarah-bosetti","tag-stefan-korinth"],"aioseo_notices":[],"_links":{"self":[{"href":"https:\/\/www.jocelyne-lopez.de\/blog\/wp-json\/wp\/v2\/posts\/8117"}],"collection":[{"href":"https:\/\/www.jocelyne-lopez.de\/blog\/wp-json\/wp\/v2\/posts"}],"about":[{"href":"https:\/\/www.jocelyne-lopez.de\/blog\/wp-json\/wp\/v2\/types\/post"}],"author":[{"embeddable":true,"href":"https:\/\/www.jocelyne-lopez.de\/blog\/wp-json\/wp\/v2\/users\/3"}],"replies":[{"embeddable":true,"href":"https:\/\/www.jocelyne-lopez.de\/blog\/wp-json\/wp\/v2\/comments?post=8117"}],"version-history":[{"count":0,"href":"https:\/\/www.jocelyne-lopez.de\/blog\/wp-json\/wp\/v2\/posts\/8117\/revisions"}],"wp:attachment":[{"href":"https:\/\/www.jocelyne-lopez.de\/blog\/wp-json\/wp\/v2\/media?parent=8117"}],"wp:term":[{"taxonomy":"category","embeddable":true,"href":"https:\/\/www.jocelyne-lopez.de\/blog\/wp-json\/wp\/v2\/categories?post=8117"},{"taxonomy":"post_tag","embeddable":true,"href":"https:\/\/www.jocelyne-lopez.de\/blog\/wp-json\/wp\/v2\/tags?post=8117"}],"curies":[{"name":"wp","href":"https:\/\/api.w.org\/{rel}","templated":true}]}}