{"id":8114,"date":"2021-11-30T13:07:51","date_gmt":"2021-11-30T12:07:51","guid":{"rendered":"https:\/\/www.jocelyne-lopez.de\/blog\/?p=8114"},"modified":"2021-11-30T13:07:52","modified_gmt":"2021-11-30T12:07:52","slug":"kinderartz-steffen-rabe-corona-impfung-bei-kindern-hier-werden-kinder-als-versuchskaninchen-eingesetz","status":"publish","type":"post","link":"https:\/\/www.jocelyne-lopez.de\/blog\/2021\/11\/kinderartz-steffen-rabe-corona-impfung-bei-kindern-hier-werden-kinder-als-versuchskaninchen-eingesetz\/","title":{"rendered":"Kinderartz Steffen Rabe: &#8222;Corona-Impfung bei Kindern &#8211; Hier werden Kinder als Versuchskaninchen eingesetz&#8220;"},"content":{"rendered":"\n<p><\/p>\n\n\n<p>Ein absolut lesenswertes Inteview beim Magazin <a href=\"https:\/\/www.cicero.de\">Cicero<\/a> mit dem Kinderartz <a href=\"https:\/\/www.impf-info.de\/coronoia.html\">Dr. med. Steffen Rabe<\/a>:&nbsp;<\/p>\n<p>&nbsp;<\/p>\n<p style=\"padding-left: 30px;\"><a href=\"https:\/\/www.cicero.de\/innenpolitik\/corona-impfung-bei-kindern-ema-versuchskaninchen-steffen-rabe\"> Corona-Impfung bei Kindern <br \/>\u201eHier werden Kinder als Versuchskaninchen eingesetzt\u201c<\/a><\/p>\n<p style=\"padding-left: 30px; text-align: justify;\"><strong>Ausz\u00fcge:<\/strong><\/p>\n<p style=\"padding-left: 30px; text-align: justify;\"><em>\u201eIch sehe nat\u00fcrlich bei den Tests, die ich auch als Kinderarzt in meiner Praxis durchf\u00fchre, hin und wieder positive Testergebnisse \u2013 das kann nicht ausbleiben bei den Unmengen an Tests, die wir speziell bei Kindern durchf\u00fchren m\u00fcssen. Das ist doch auch der Grund f\u00fcr diese vermeintlich so hohen \u201aInzidenzen\u2018 bei Kindern im Moment, die reine Testinzidenzen sind. In allen anderen Altersgruppen haben wir durch die pl\u00f6tzlich kostenpflichtigen Tests einen R\u00fcckgang positiver Ergebnisse gesehen. Nicht bei den Schulkindern \u2013 die haben wir immer weiter getestet, und da ist nat\u00fcrlich deren Anteil an der Gesamttestzahl wesentlich h\u00f6her geworden in dieser Zeit. Und alle haben gesagt: \u201aSchaut, die Kinder sind die Treiber der Pandemie!\u2018 Was nachgewiesenerma\u00dfen wissenschaftlich einfach v\u00f6lliger Unsinn ist. Ich habe noch nie in meiner Praxis in den 22 Monaten \u2013 und ich habe eine gro\u00dfe Kinderarztpraxis \u2013 ein Kind gehabt, das \u00fcberhaupt nur relevant an Covid erkrankt gewesen w\u00e4re, geschweige denn schwer. Und das ist ja auch gar nicht zu erwarten. Schwere Verl\u00e4ufe im Kindesalter sind buchst\u00e4blich eine Rarit\u00e4t. Bei Kindern gilt tats\u00e4chlich: H\u00f6rten wir auf zu testen, h\u00e4tten wir in dieser Altersgruppe keine Pandemie, kein Problem. <\/em><\/p>\n<p style=\"padding-left: 30px; text-align: justify;\"><em>[&#8230;]&nbsp; Die Zulassungsstudien des Biontech-Impfstoffs in dieser Altersgruppe umfassen gerade mal 1.500 Kinder. Der Beobachtungszeitraum ist viel zu kurz, um wirklich die Sicherheit herstellen zu k\u00f6nnen.<\/em><\/p>\n<p style=\"padding-left: 30px; text-align: justify;\"><em>[&#8230;] Die FDA hatte diesen Impfstoff schon vorher [in den USA] zugelassen und schreibt ausdr\u00fccklich in ihren Unterlagen, dass die Zulassungsstudien viel zu klein seien, um selbst das dramatischste Risiko etwa einer Herzmuskelentz\u00fcndung abzubilden, wie wir sie von den Jugendlichen kennen und f\u00fcrchten. Deswegen machen die jetzt eine Studie nach der Zulassung in der Anwendung, um zu schauen, wie h\u00e4ufig eine solche Myokarditis auftritt. Und das ist nat\u00fcrlich ein v\u00f6lliges Unding. Hier werden diese Kinder tats\u00e4chlich als Versuchskaninchen eingesetzt.\u201c) [&#8230;]<\/em><\/p>\n<p style=\"padding-left: 30px;\"><a href=\"https:\/\/www.cicero.de\/innenpolitik\/corona-impfung-bei-kindern-ema-versuchskaninchen-steffen-rabe\">Den ganzen Artikel lesen&#8230;<\/a><\/p>\n<p style=\"padding-left: 60px;\"><img loading=\"lazy\" decoding=\"async\" class=\"img-responsive\" src=\"https:\/\/www.cicero.de\/sites\/default\/files\/styles\/cc_980x550\/public\/2021-11\/265725460.jpg?itok=X9MLis8v\" alt=\"\" width=\"381\" height=\"214\"\/><\/p>\n<h5 style=\"padding-left: 120px;\">Bildschirmausdruck Cicero<\/h5>\n\n\n<p><\/p>\n","protected":false},"excerpt":{"rendered":"<p>Ein absolut lesenswertes Inteview beim Magazin Cicero mit dem Kinderartz Dr. med. Steffen Rabe:&nbsp; &nbsp; Corona-Impfung bei Kindern \u201eHier werden Kinder als Versuchskaninchen eingesetzt\u201c Ausz\u00fcge: \u201eIch sehe nat\u00fcrlich bei den Tests, die ich auch als Kinderarzt in meiner Praxis durchf\u00fchre, hin und wieder positive Testergebnisse \u2013 das kann nicht ausbleiben bei den Unmengen an Tests, [&hellip;]<\/p>\n","protected":false},"author":3,"featured_media":0,"comment_status":"closed","ping_status":"closed","sticky":false,"template":"","format":"standard","meta":{"om_disable_all_campaigns":false,"_monsterinsights_skip_tracking":false,"_monsterinsights_sitenote_active":false,"_monsterinsights_sitenote_note":"","_monsterinsights_sitenote_category":0,"ngg_post_thumbnail":0,"footnotes":""},"categories":[1470],"tags":[1628,1627],"class_list":["post-8114","post","type-post","status-publish","format-standard","hentry","category-corona-krise","tag-cicero","tag-steffen-rabe"],"aioseo_notices":[],"_links":{"self":[{"href":"https:\/\/www.jocelyne-lopez.de\/blog\/wp-json\/wp\/v2\/posts\/8114"}],"collection":[{"href":"https:\/\/www.jocelyne-lopez.de\/blog\/wp-json\/wp\/v2\/posts"}],"about":[{"href":"https:\/\/www.jocelyne-lopez.de\/blog\/wp-json\/wp\/v2\/types\/post"}],"author":[{"embeddable":true,"href":"https:\/\/www.jocelyne-lopez.de\/blog\/wp-json\/wp\/v2\/users\/3"}],"replies":[{"embeddable":true,"href":"https:\/\/www.jocelyne-lopez.de\/blog\/wp-json\/wp\/v2\/comments?post=8114"}],"version-history":[{"count":0,"href":"https:\/\/www.jocelyne-lopez.de\/blog\/wp-json\/wp\/v2\/posts\/8114\/revisions"}],"wp:attachment":[{"href":"https:\/\/www.jocelyne-lopez.de\/blog\/wp-json\/wp\/v2\/media?parent=8114"}],"wp:term":[{"taxonomy":"category","embeddable":true,"href":"https:\/\/www.jocelyne-lopez.de\/blog\/wp-json\/wp\/v2\/categories?post=8114"},{"taxonomy":"post_tag","embeddable":true,"href":"https:\/\/www.jocelyne-lopez.de\/blog\/wp-json\/wp\/v2\/tags?post=8114"}],"curies":[{"name":"wp","href":"https:\/\/api.w.org\/{rel}","templated":true}]}}