{"id":8109,"date":"2021-11-19T10:55:01","date_gmt":"2021-11-19T09:55:01","guid":{"rendered":"https:\/\/www.jocelyne-lopez.de\/blog\/?p=8109"},"modified":"2021-11-19T10:56:52","modified_gmt":"2021-11-19T09:56:52","slug":"daniel-beutler-die-aerzteschaft-traegt-zur-spaltung-in-der-gesellschaft-bei","status":"publish","type":"post","link":"https:\/\/www.jocelyne-lopez.de\/blog\/2021\/11\/daniel-beutler-die-aerzteschaft-traegt-zur-spaltung-in-der-gesellschaft-bei\/","title":{"rendered":"Daniel Beutler: &#8222;Die \u00c4rzteschaft tr\u00e4gt zur Spaltung in der Gesellschaft bei&#8220;"},"content":{"rendered":"<p style=\"text-align: justify;\">Empfohlen von dem Online-Magazin <a href=\"https:\/\/multipolar-magazin.de\/\"><em>Multipolar<\/em><\/a>, ein Interview mit dem Hausarzt Daniel Beutler, der mein in der Corona-Krise v\u00f6llig zusammengebrochenes Vertrauen an die \u00c4rtzeschaft wiederherstellen kann:<\/p>\n<p style=\"text-align: justify; padding-left: 30px;\"><em>&#8222;Hausarzt Daniel Beutler spricht sich \u00f6ffentlich gegen die Covid-Impfung aus. Vor allem bei j\u00fcngeren Patienten beobachtet er zahlreiche Beschwerden, die er auf die Injektionen zur\u00fcckf\u00fchrt. Der Zusammenhang sei aber schwer nachweisbar, so Beutler im Interview mit \u00abCorona-Transition\u00bb: <\/em><\/p>\n<p class=\"articletitle\" style=\"padding-left: 30px; text-align: justify;\"><a href=\"https:\/\/corona-transition.org\/die-arzteschaft-tragt-zur-spaltung-in-der-gesellschaft-bei\"><strong>\u00abDie \u00c4rzteschaft tr\u00e4gt zur Spaltung in der Gesellschaft bei\u00bb<\/strong><\/a><\/p>\n<p style=\"text-align: justify; padding-left: 30px;\"><em><strong>Auszug<\/strong>: \u201eIn unserer Praxis helfen wir \u00e4lteren Patienten dabei, einen Impftermin abzumachen, wenn sie dies ausdr\u00fccklich w\u00fcnschen. Nach meinen Erkenntnissen haben die \u00e4lteren Menschen viel seltener mit Nebenwirkungen zu k\u00e4mpfen. Ich habe ihnen nie aktiv von der Impfung abgeraten, aber meine Bedenken ge\u00e4ussert. Nur bei j\u00fcngeren Menschen rate ich von der Impfung ab, denn inzwischen h\u00e4ufen sich die F\u00e4lle von Jungen, die nach der Impfung schwere Nebenwirkungen erleiden. (\u2026) Etwa ein Dutzend meiner j\u00fcngeren Patienten erlitten Embolien, Thrombosen oder Rheumasch\u00fcbe. (\u2026) Die jungen Leute, die nun meine Patienten sind, haben sich vor allem wegen des Drucks impfen lassen, und nicht wegen ihrer Gesundheit oder aus Solidarit\u00e4t. Sie wollen leben k\u00f6nnen. Das ist eine sehr bedenkliche Entwicklung. Wieso macht die \u00c4rzteschaft das mit? Das klage ich an! Es ist nicht unsere Aufgabe, bei solchem Druck mitzumachen. Die Zulassungen der Impfstoffe sind lausig. Und man weiss, dass Daten manipuliert wurden! Das heisst, wir \u00c4rzte helfen mit, Druck und Spaltung zu vergr\u00f6ssern. Das ist ein Skandal.\u201c<\/em><\/p>\n<p style=\"padding-left: 30px;\"><a href=\"https:\/\/corona-transition.org\/die-arzteschaft-tragt-zur-spaltung-in-der-gesellschaft-bei\">Das ganze Interview lesen&#8230;<\/a><br \/>\n<a href=\"https:\/\/www.jocelyne-lopez.de\/blog\/wp-content\/uploads\/2021\/11\/Bildschirmausdruck-Coronatransition.png\"><img loading=\"lazy\" decoding=\"async\" class=\"alignnone  wp-image-8110\" src=\"https:\/\/www.jocelyne-lopez.de\/blog\/wp-content\/uploads\/2021\/11\/Bildschirmausdruck-Coronatransition-1024x610.png\" alt=\"\" width=\"444\" height=\"264\" srcset=\"https:\/\/www.jocelyne-lopez.de\/blog\/wp-content\/uploads\/2021\/11\/Bildschirmausdruck-Coronatransition-1024x610.png 1024w, https:\/\/www.jocelyne-lopez.de\/blog\/wp-content\/uploads\/2021\/11\/Bildschirmausdruck-Coronatransition-300x179.png 300w, https:\/\/www.jocelyne-lopez.de\/blog\/wp-content\/uploads\/2021\/11\/Bildschirmausdruck-Coronatransition-768x457.png 768w, https:\/\/www.jocelyne-lopez.de\/blog\/wp-content\/uploads\/2021\/11\/Bildschirmausdruck-Coronatransition.png 1050w\" sizes=\"(max-width: 444px) 100vw, 444px\" \/><\/a><\/p>\n","protected":false},"excerpt":{"rendered":"<p>Empfohlen von dem Online-Magazin Multipolar, ein Interview mit dem Hausarzt Daniel Beutler, der mein in der Corona-Krise v\u00f6llig zusammengebrochenes Vertrauen an die \u00c4rtzeschaft wiederherstellen kann: &#8222;Hausarzt Daniel Beutler spricht sich \u00f6ffentlich gegen die Covid-Impfung aus. Vor allem bei j\u00fcngeren Patienten beobachtet er zahlreiche Beschwerden, die er auf die Injektionen zur\u00fcckf\u00fchrt. Der Zusammenhang sei aber schwer [&hellip;]<\/p>\n","protected":false},"author":3,"featured_media":0,"comment_status":"closed","ping_status":"closed","sticky":false,"template":"","format":"standard","meta":{"om_disable_all_campaigns":false,"_monsterinsights_skip_tracking":false,"_monsterinsights_sitenote_active":false,"_monsterinsights_sitenote_note":"","_monsterinsights_sitenote_category":0,"ngg_post_thumbnail":0,"footnotes":""},"categories":[1470],"tags":[1626,1625,1461],"class_list":["post-8109","post","type-post","status-publish","format-standard","hentry","category-corona-krise","tag-coronatransition","tag-daniel-beutler","tag-multipolar"],"aioseo_notices":[],"_links":{"self":[{"href":"https:\/\/www.jocelyne-lopez.de\/blog\/wp-json\/wp\/v2\/posts\/8109"}],"collection":[{"href":"https:\/\/www.jocelyne-lopez.de\/blog\/wp-json\/wp\/v2\/posts"}],"about":[{"href":"https:\/\/www.jocelyne-lopez.de\/blog\/wp-json\/wp\/v2\/types\/post"}],"author":[{"embeddable":true,"href":"https:\/\/www.jocelyne-lopez.de\/blog\/wp-json\/wp\/v2\/users\/3"}],"replies":[{"embeddable":true,"href":"https:\/\/www.jocelyne-lopez.de\/blog\/wp-json\/wp\/v2\/comments?post=8109"}],"version-history":[{"count":0,"href":"https:\/\/www.jocelyne-lopez.de\/blog\/wp-json\/wp\/v2\/posts\/8109\/revisions"}],"wp:attachment":[{"href":"https:\/\/www.jocelyne-lopez.de\/blog\/wp-json\/wp\/v2\/media?parent=8109"}],"wp:term":[{"taxonomy":"category","embeddable":true,"href":"https:\/\/www.jocelyne-lopez.de\/blog\/wp-json\/wp\/v2\/categories?post=8109"},{"taxonomy":"post_tag","embeddable":true,"href":"https:\/\/www.jocelyne-lopez.de\/blog\/wp-json\/wp\/v2\/tags?post=8109"}],"curies":[{"name":"wp","href":"https:\/\/api.w.org\/{rel}","templated":true}]}}