{"id":8104,"date":"2021-10-27T14:00:17","date_gmt":"2021-10-27T13:00:17","guid":{"rendered":"https:\/\/www.jocelyne-lopez.de\/blog\/?p=8104"},"modified":"2021-10-27T14:00:19","modified_gmt":"2021-10-27T13:00:19","slug":"insider-erklaert-zum-fall-kimmich-warum-profis-sich-nicht-impfen-lassen","status":"publish","type":"post","link":"https:\/\/www.jocelyne-lopez.de\/blog\/2021\/10\/insider-erklaert-zum-fall-kimmich-warum-profis-sich-nicht-impfen-lassen\/","title":{"rendered":"Insider erkl\u00e4rt zum Fall Kimmich, warum Profis sich nicht impfen lassen"},"content":{"rendered":"<p style=\"text-align: justify;\">Ein&nbsp; hochinteressanter Artikel zum Fall Joshua Kimmich in der Journalisten-Seite <em>reitschuster.de<\/em>:<\/p>\n<p>https:\/\/reitschuster.de\/post\/insider-erklaert-zum-fall-kimmich-warum-profis-sich-nicht-impfen-lassen\/<\/p>\n<p>&nbsp;<\/p>\n<p style=\"text-align: justify;\"><strong>Ausz\u00fcge:<\/strong><br \/>\n[&#8230;] &#8222;<em>Hochspannend ist, wie nun mit Thomas Eglinski erstmals ein Insider aus der Branche erkl\u00e4rt, warum Sportprofis Bedenken gegen die Impfung haben. Eglinski betreut als Mentalit\u00e4tstrainer zahlreiche Spitzensportler, darunter auch Fu\u00dfball-Nationalspieler und Bundesligaprofis des FC Bayern M\u00fcnchen. Der Fachmann kennt die Stimmung in der Branche also nicht vom H\u00f6rensagen. Und er erkl\u00e4rt <a href=\"https:\/\/www.youtube.com\/watch?v=-BmGje_ScjI\">jetzt in einem Video<\/a> ausf\u00fchrlich, was viele Profis bewegt und warum ihnen das Vertrauen in den Impfstoff fehlt:&#8220; [&#8230;] <\/em><a href=\"https:\/\/reitschuster.de\/post\/insider-erklaert-zum-fall-kimmich-warum-profis-sich-nicht-impfen-lassen\/\">Weiterlesen&#8230;<\/a><em><br \/>\n<\/em><\/p>\n<p style=\"text-align: justify;\">Unbedingt das Original-Video von Thomas Eglinski sich angucken, bevor die Zensur-Instanz Youtube es l\u00f6scht&#8230;<\/p>\n<p><iframe loading=\"lazy\" title=\"Der Fall Kimmich\" width=\"500\" height=\"281\" src=\"https:\/\/www.youtube.com\/embed\/-BmGje_ScjI?feature=oembed\" frameborder=\"0\" allow=\"accelerometer; autoplay; clipboard-write; encrypted-media; gyroscope; picture-in-picture; web-share\" referrerpolicy=\"strict-origin-when-cross-origin\" allowfullscreen><\/iframe><\/p>\n<p>&nbsp;<\/p>\n","protected":false},"excerpt":{"rendered":"<p>Ein&nbsp; hochinteressanter Artikel zum Fall Joshua Kimmich in der Journalisten-Seite reitschuster.de: https:\/\/reitschuster.de\/post\/insider-erklaert-zum-fall-kimmich-warum-profis-sich-nicht-impfen-lassen\/ &nbsp; Ausz\u00fcge: [&#8230;] &#8222;Hochspannend ist, wie nun mit Thomas Eglinski erstmals ein Insider aus der Branche erkl\u00e4rt, warum Sportprofis Bedenken gegen die Impfung haben. Eglinski betreut als Mentalit\u00e4tstrainer zahlreiche Spitzensportler, darunter auch Fu\u00dfball-Nationalspieler und Bundesligaprofis des FC Bayern M\u00fcnchen. Der Fachmann kennt die [&hellip;]<\/p>\n","protected":false},"author":3,"featured_media":0,"comment_status":"closed","ping_status":"closed","sticky":false,"template":"","format":"standard","meta":{"om_disable_all_campaigns":false,"_monsterinsights_skip_tracking":false,"_monsterinsights_sitenote_active":false,"_monsterinsights_sitenote_note":"","_monsterinsights_sitenote_category":0,"ngg_post_thumbnail":0,"footnotes":""},"categories":[1470],"tags":[1609,1623],"class_list":["post-8104","post","type-post","status-publish","format-standard","hentry","category-corona-krise","tag-reitschuster-de","tag-thomas-eglinski"],"aioseo_notices":[],"_links":{"self":[{"href":"https:\/\/www.jocelyne-lopez.de\/blog\/wp-json\/wp\/v2\/posts\/8104"}],"collection":[{"href":"https:\/\/www.jocelyne-lopez.de\/blog\/wp-json\/wp\/v2\/posts"}],"about":[{"href":"https:\/\/www.jocelyne-lopez.de\/blog\/wp-json\/wp\/v2\/types\/post"}],"author":[{"embeddable":true,"href":"https:\/\/www.jocelyne-lopez.de\/blog\/wp-json\/wp\/v2\/users\/3"}],"replies":[{"embeddable":true,"href":"https:\/\/www.jocelyne-lopez.de\/blog\/wp-json\/wp\/v2\/comments?post=8104"}],"version-history":[{"count":0,"href":"https:\/\/www.jocelyne-lopez.de\/blog\/wp-json\/wp\/v2\/posts\/8104\/revisions"}],"wp:attachment":[{"href":"https:\/\/www.jocelyne-lopez.de\/blog\/wp-json\/wp\/v2\/media?parent=8104"}],"wp:term":[{"taxonomy":"category","embeddable":true,"href":"https:\/\/www.jocelyne-lopez.de\/blog\/wp-json\/wp\/v2\/categories?post=8104"},{"taxonomy":"post_tag","embeddable":true,"href":"https:\/\/www.jocelyne-lopez.de\/blog\/wp-json\/wp\/v2\/tags?post=8104"}],"curies":[{"name":"wp","href":"https:\/\/api.w.org\/{rel}","templated":true}]}}