{"id":8090,"date":"2021-10-05T17:29:13","date_gmt":"2021-10-05T16:29:13","guid":{"rendered":"https:\/\/www.jocelyne-lopez.de\/blog\/?p=8090"},"modified":"2021-10-05T17:29:15","modified_gmt":"2021-10-05T16:29:15","slug":"offener-brief-eines-besonneren-ard-mitarbeiters-ich-kann-nicht-mehr","status":"publish","type":"post","link":"https:\/\/www.jocelyne-lopez.de\/blog\/2021\/10\/offener-brief-eines-besonneren-ard-mitarbeiters-ich-kann-nicht-mehr\/","title":{"rendered":"Offener Brief eines besonneren ARD-Mitarbeiters: &#8222;Ich kann nicht mehr&#8220;"},"content":{"rendered":"<div class=\"highlight-teaser\">\n<p style=\"text-align: justify;\">Das Online-Magazin <em>Multipolar<\/em> ver\u00f6ffentlicht den mutigen und informativen Offenen Brief von Ole Skambraks &#8211; ein Text von hoher Journalismus-Qualit\u00e4t:<\/p>\n<p style=\"padding-left: 30px;\"><strong><a href=\"https:\/\/multipolar-magazin.de\/artikel\/ich-kann-nicht-mehr\">Ich kann nicht mehr<\/a><\/strong><\/p>\n<p style=\"text-align: justify; padding-left: 30px;\"><em><strong>&#8222;In einem offenen Brief \u00e4u\u00dfert sich ein ARD-Mitarbeiter kritisch zu anderthalb Jahren Corona-Berichterstattung: Ole Skambraks arbeitet seit 12 Jahren als redaktioneller Mitarbeiter und Redakteur beim \u00f6ffentlich-rechtlichen Rundfunk.<\/strong><\/em><\/p>\n<\/div>\n<p style=\"padding-left: 30px; text-align: justify;\"><em>Ich kann nicht mehr schweigen. Ich kann nicht mehr wortlos hinnehmen, was seit nunmehr anderthalb Jahren bei meinem Arbeitgeber, dem \u00f6ffentlich-rechtlichen Rundfunk passiert. In den<\/em> <em>Statuten und Medienstaatsvertr\u00e4gen sind Dinge wie \u201eAusgewogenheit\u201c, \u201egesellschaftlicher Zusammenhalt\u201c und \u201eDiversit\u00e4t\u201c in der Berichterstattung verankert. Praktiziert wird das genaue Gegenteil. Einen wahrhaftigen Diskurs und Austausch, in dem sich alle Teile der Gesellschaft wiederfinden, gibt es nicht.<br \/>\n[&#8230;]<br \/>\n<strong>L\u00e4hmender Konsens<br \/>\n<\/strong><\/em><br \/>\n<em>Anstelle eines offenen Meinungsaustausches wurde ein \u201ewissenschaftlicher Konsens\u201c <a href=\"https:\/\/multipolar-magazin.de\/artikel\/im-dialog-mit-der-ard\">proklamiert<\/a>, den es zu verteidigen gilt. Wer diesen anzweifelt und eine multidimensionale Perspektive auf die Pandemie einfordert, <a href=\"https:\/\/www.youtube.com\/watch?v=aIfy3vlQZz0\">erntet Emp\u00f6rung und H\u00e4me.&nbsp;<\/a><\/em><em>Dieses Muster funktioniert auch innerhalb der Redaktionen. <\/em><br \/>\n<em>[&#8230;]<\/em><br \/>\n<em>Das Ergebnis von anderthalb Jahren Corona ist eine Spaltung der Gesellschaft, die ihresgleichen sucht. Der \u00f6ffentlich-rechtliche Rundfunk hat daran gro\u00dfen Anteil. Seiner Verantwortung, Br\u00fccken zwischen den Lagern zu bauen und Austausch zu f\u00f6rdern, kommt er immer seltener nach.<\/em><\/p>\n<p style=\"padding-left: 30px; text-align: justify;\"><em>Oft wird das Argument angef\u00fchrt, dass die Kritikerinnen eine kleine, nicht beachtenswerte Minderheit darstellen, denen man aus Proporzgr\u00fcnden nicht zu viel Platz einr\u00e4umen d\u00fcrfe. Dies sollte sp\u00e4testens seit dem Referendum in der Schweiz \u00fcber die Coronama\u00dfnahmen widerlegt sein. Obwohl auch dort ein freier Meinungsaustausch in den Massenmedien nicht stattfindet, ging die Abstimmung nur <a href=\"https:\/\/www.bk.admin.ch\/ch\/d\/pore\/va\/20210613\/can643.html\">60:40 f\u00fcr die Regierung<\/a> aus. Kann man bei 40 % der abgegebenen Stimmen von einer kleinen Minderheit sprechen? <\/em><br \/>\n<em>[&#8230;]<\/em><\/p>\n<p style=\"text-align: justify; padding-left: 30px;\"><em>Dabei ist nicht aufschlussreich, was alles im \u00f6ffentlich-rechtlichen Rundfunk diskutiert wird, sondern was unerw\u00e4hnt bleibt. Die Gr\u00fcnde daf\u00fcr sind vielf\u00e4ltig und bed\u00fcrfen einer ehrlichen internen Analyse. Dabei helfen k\u00f6nnen die Publikationen des Medienwissenschaftlers und ehemaligen MDR-Rundfunkrats Uwe Kr\u00fcger, wie zum Beispiel sein Buch <a href=\"https:\/\/www.chbeck.de\/krueger-mainstream\/product\/15997997\">\u201eMainstream \u2013 Warum wir den Medien nicht mehr trauen\u201c<\/a>.<\/em><\/p>\n<p style=\"padding-left: 30px;\"><em>In jedem Fall erfordert es einiges an Mut, in Konferenzen, in denen Themen diskutiert und besprochen werden, gegen den Strom zu schwimmen. <\/em><\/p>\n<p style=\"padding-left: 30px;\"><em>[&#8230;]<\/em><br \/>\n<em><strong>Offene Fragen<\/strong><\/em><\/p>\n<p style=\"padding-left: 30px; text-align: justify;\"><em>So ist die Liste der Ungereimtheiten und offenen Fragen, die keine substanzielle Berichterstattung bekommen haben, sehr gro\u00df:<\/em><\/p>\n<ul>\n<li>\n<p style=\"text-align: justify;\"><em>Warum wissen wir so wenig \u00fcber \u201egain of function research\u201c (Forschung daran, wie man Viren f\u00fcr den Menschen gef\u00e4hrlicher machen kann)?<\/em><\/p>\n<\/li>\n<li>\n<p style=\"text-align: justify;\"><em>Warum steht im neuen <a href=\"https:\/\/www.gesetze-im-internet.de\/ifsg\/__29.html\">Infektionsschutzgesetz<\/a>, dass das Grundrecht der k\u00f6rperlichen Unversehrtheit und die Unverletzlichkeit der Wohnung fortan eingeschr\u00e4nkt werden kann \u2013 auch unabh\u00e4ngig von einer <a href=\"https:\/\/www.gesetze-im-internet.de\/ifsg\/__5.html\">epidemischen Lage<\/a>?<\/em><\/p>\n<\/li>\n<li>\n<p style=\"text-align: justify;\"><em>Warum m\u00fcssen sich Menschen, die bereits Covid-19 hatten, nochmal impfen, obwohl sie <a href=\"https:\/\/www.medrxiv.org\/content\/10.1101\/2021.08.24.21262415v1\">mindestens genauso gut gesch\u00fctzt<\/a> sind, wie geimpfte Menschen?<\/em><\/p>\n<\/li>\n<li>\n<p style=\"text-align: justify;\"><em>Warum wird \u00fcber das <a href=\"https:\/\/www.centerforhealthsecurity.org\/event201\/videos.html\">\u201eEvent 201\u201c<\/a> und die <a href=\"https:\/\/www.youtube.com\/watch?v=SSnJhHOU_28\">globalen Pandemie\u00fcbungen<\/a> im Vorfeld der Ausbreitung von SARS-CoV-2 nicht oder nur in Verbindung mit Verschw\u00f6rungsmythen gesprochen? (2)<\/em><\/p>\n<\/li>\n<li>\n<p style=\"text-align: justify;\"><em>Warum wurde das den Medien bekannte, <a href=\"https:\/\/www.abgeordnetenwatch.de\/blog\/informationsfreiheit\/das-interne-strategiepapier-des-innenministeriums-zur-corona-pandemie\">interne Papier<\/a> aus dem Bundesinnenministerium nicht in G\u00e4nze ver\u00f6ffentlicht \u2013 und in der \u00d6ffentlichkeit diskutiert, in dem gefordert wurde, dass Beh\u00f6rden eine \u201eSchockwirkung\u201c erzielen m\u00fcssten, um Auswirkungen der Corona-Pandemie auf die menschliche Gesellschaft zu verdeutlichen?<\/em><\/p>\n<\/li>\n<li>\n<p style=\"text-align: justify;\"><em>Warum schafft es die <a href=\"https:\/\/www.medrxiv.org\/content\/10.1101\/2021.07.08.21260210v1\">Studie von Prof. Ioannidis<\/a> zur \u00dcberlebensrate (99,41 % bei unter 70-J\u00e4hrigen) in keine Headline, die fatal <a href=\"https:\/\/dailysceptic.org\/the-imperial-model-and-its-role-in-the-uks-pandemic-response\/\">falschen Hochrechnungen<\/a> <a href=\"https:\/\/www.aier.org\/article\/imperial-college-predicted-catastrophe-in-every-country-on-earth-then-the-models-failed\/\">des Imperial College<\/a> aber schon (Neil Fergusson prophezeite im Fr\u00fchjahr 2020 eine halbe Million Coronatote in Gro\u00dfbritannien und \u00fcber 2 Millionen in den USA.)?<\/em><\/p>\n<\/li>\n<li>\n<p style=\"text-align: justify;\"><em>Warum steht <a href=\"https:\/\/www.bundesgesundheitsministerium.de\/fileadmin\/Dateien\/3_Downloads\/C\/Coronavirus\/Analyse_Leistungen_Ausgleichszahlungen_2020_Corona-Krise.pdf\">in einem Gutachten<\/a>, erstellt f\u00fcr das Bundesgesundheitsministerium, dass die Auslastung der Krankenh\u00e4user im Jahr 2020 durch Covid-19-Patienten <a href=\"https:\/\/www.achgut.com\/artikel\/bericht_zur_coronalage_vom_20.09.2021__zwei_prozent_die_skandal_zahl\">nur 2% betragen<\/a> hat?<\/em><\/p>\n<\/li>\n<li>\n<p style=\"text-align: justify;\"><em>Warum hat Bremen mit Abstand die h\u00f6chste Inzidenz (113 am 4.10.21) und gleichzeitig mit Abstand die h\u00f6chste Impfquote in Deutschland (79 %)?<\/em><\/p>\n<\/li>\n<li>\n<p style=\"text-align: justify;\"><em>Warum sind Zahlungen von 4 Millionen Euro eingegangen auf einem Familienkonto der EU-Gesundheitskommissarin Stella Kyriakides, die verantwortlich war f\u00fcr das Abschlie\u00dfen der ersten EU-Impfstoffvertr\u00e4ge mit den Pharmakonzernen? (3)<\/em><\/p>\n<\/li>\n<li>\n<p style=\"text-align: justify;\"><em>Warum werden Menschen mit schweren Impfnebenwirkungen nicht im gleichen Ma\u00df portraitiert wie 2020 Menschen mit schweren Covid-19-Verl\u00e4ufen? (4)<\/em><\/p>\n<\/li>\n<li>\n<p style=\"text-align: justify;\"><em>Warum st\u00f6rt niemanden die unsaubere Z\u00e4hlweise bei \u201eImpfdurchbr\u00fcchen\u201c? (5)<\/em><\/p>\n<\/li>\n<li>\n<p style=\"text-align: justify;\"><em>Warum melden die Niederlande deutlich mehr Nebenwirkungen der Covid-19-Impfstoffe als andere L\u00e4nder?<\/em><\/p>\n<\/li>\n<li>\n<p style=\"text-align: justify;\"><em>Warum hat sich die Wirksamkeitsbeschreibung der Covid-19-Impfstoffe auf der Seite des Paul-Ehrlich-Instituts in den letzten Wochen dreimal ge\u00e4ndert? \u201eCOVID-19-Impfstoffe sch\u00fctzen vor Infektionen mit dem SARS-CoV-2 Virus.\u201c (15. August 2021) \u201eCOVID-19-Impfstoffe sch\u00fctzen vor einem schweren Verlauf einer Infektion mit dem SARS-CoV-2 Virus.\u201c (7. September 2021) \u201eCOVID-19-Impfstoffe sind indiziert zur aktiven Immunisierung zur Vorbeugung der durch das SARS-CoV-2-Virus verursachten COVID-19-Erkrankung.\u201c (27. September 2021) (6)&#8220;<br \/>\n[&#8230;]<br \/>\n<\/em><\/p>\n<\/li>\n<\/ul>\n<p style=\"text-align: justify; padding-left: 30px;\"><a href=\"http:\/\/L\u00e4hmender Konsens  Anstelle eines offenen Meinungsaustausches wurde ein \u201ewissenschaftlicher Konsens\u201c proklamiert, den es zu verteidigen gilt. Wer diesen anzweifelt und eine multidimensionale Perspektive auf die Pandemie einfordert, erntet Emp\u00f6rung und H\u00e4me.  Dieses Muster funktioniert auch innerhalb der Redaktionen. Seit anderthalb Jahren arbeite ich nicht mehr im tagesaktuellen Newsgeschehen, wor\u00fcber ich sehr froh bin. An Entscheidungen, welche Themen wie umgesetzt werden, bin ich in meiner aktuellen Position nicht beteiligt. Ich beschreibe hier meine Wahrnehmung aus Redaktionskonferenzen und einer Analyse der Berichterstattung. Lange Zeit habe ich mich nicht aus der Rolle des Beobachters getraut, zu absolut und unisono wirkte der vermeintliche Konsens.  Seit einigen Monaten wage ich mich aufs Glatteis und bringe hier und da eine kritische Anmerkung in Konferenzen ein. Oft folgt darauf betroffenes Schweigen, manchmal ein \u201eDankesch\u00f6n f\u00fcr den Hinweis\u201c und manchmal eine Belehrung, warum das so nicht stimme. Berichterstattung ist daraus noch nie entstanden.  Das Ergebnis von anderthalb Jahren Corona ist eine Spaltung der Gesellschaft, die ihresgleichen sucht. Der \u00f6ffentlich-rechtliche Rundfunk hat daran gro\u00dfen Anteil. Seiner Verantwortung, Br\u00fccken zwischen den Lagern zu bauen und Austausch zu f\u00f6rdern, kommt er immer seltener nach.  Oft wird das Argument angef\u00fchrt, dass die Kritikerinnen eine kleine, nicht beachtenswerte Minderheit darstellen, denen man aus Proporzgr\u00fcnden nicht zu viel Platz einr\u00e4umen d\u00fcrfe. Dies sollte sp\u00e4testens seit dem Referendum in der Schweiz \u00fcber die Coronama\u00dfnahmen widerlegt sein. Obwohl auch dort ein freier Meinungsaustausch in den Massenmedien nicht stattfindet, ging die Abstimmung nur 60:40 f\u00fcr die Regierung aus. Kann man bei 40 % der abgegebenen Stimmen von einer kleinen Minderheit sprechen? Dabei sei noch erw\u00e4hnt, dass die Schweizer Regierung die Corona-Hilfszahlungen an die Abstimmung gekn\u00fcpft hatte, was die Entscheidung mancher, ihr Kreuzchen bei \u201eJa\u201c zu machen, beeinflusst haben k\u00f6nnte.  Die Entwicklungen dieser Krise finden auf so vielen Ebenen statt und haben Auswirkungen auf alle Teile der Gesellschaft, dass es genau jetzt nicht weniger, sondern mehr freien Debattenraum braucht.  Dabei ist nicht aufschlussreich, was alles im \u00f6ffentlich-rechtlichen Rundfunk diskutiert wird, sondern was unerw\u00e4hnt bleibt. Die Gr\u00fcnde daf\u00fcr sind vielf\u00e4ltig und bed\u00fcrfen einer ehrlichen internen Analyse. Dabei helfen k\u00f6nnen die Publikationen des Medienwissenschaftlers und ehemaligen MDR-Rundfunkrats Uwe Kr\u00fcger, wie zum Beispiel sein Buch \u201eMainstream \u2013 Warum wir den Medien nicht mehr trauen\u201c.  In jedem Fall erfordert es einiges an Mut, in Konferenzen, in denen Themen diskutiert und besprochen werden, gegen den Strom zu schwimmen. Oft setzt sich derjenige durch, der seine Argumente am eloquentesten vortragen kann, im Zweifel entscheidet nat\u00fcrlich die Redaktionsleitung. Schon sehr fr\u00fch galt die Gleichung, dass Kritik am Coronakurs der Regierung dem rechten Spektrum angeh\u00f6rt. Welche Redakteurin wagt es da noch, einen Gedanken in diese Richtung zu \u00e4u\u00dfern? Offene Fragen  So ist die Liste der Ungereimtheiten und offenen Fragen, die keine substanzielle Berichterstattung bekommen haben, sehr gro\u00df:      Warum wissen wir so wenig \u00fcber \u201egain of function research\u201c (Forschung daran, wie man Viren f\u00fcr den Menschen gef\u00e4hrlicher machen kann)?      Warum steht im neuen Infektionsschutzgesetz, dass das Grundrecht der k\u00f6rperlichen Unversehrtheit und die Unverletzlichkeit der Wohnung fortan eingeschr\u00e4nkt werden kann \u2013 auch unabh\u00e4ngig von einer epidemischen Lage?      Warum m\u00fcssen sich Menschen, die bereits Covid-19 hatten, nochmal impfen, obwohl sie mindestens genauso gut gesch\u00fctzt sind, wie geimpfte Menschen?      Warum wird \u00fcber das \u201eEvent 201\u201c und die globalen Pandemie\u00fcbungen im Vorfeld der Ausbreitung von SARS-CoV-2 nicht oder nur in Verbindung mit Verschw\u00f6rungsmythen gesprochen? (2)      Warum wurde das den Medien bekannte, interne Papier aus dem Bundesinnenministerium nicht in G\u00e4nze ver\u00f6ffentlicht \u2013 und in der \u00d6ffentlichkeit diskutiert, in dem gefordert wurde, dass Beh\u00f6rden eine \u201eSchockwirkung\u201c erzielen m\u00fcssten, um Auswirkungen der Corona-Pandemie auf die menschliche Gesellschaft zu verdeutlichen?      Warum schafft es die Studie von Prof. Ioannidis zur \u00dcberlebensrate (99,41 % bei unter 70-J\u00e4hrigen) in keine Headline, die fatal falschen Hochrechnungen des Imperial College aber schon (Neil Fergusson prophezeite im Fr\u00fchjahr 2020 eine halbe Million Coronatote in Gro\u00dfbritannien und \u00fcber 2 Millionen in den USA.)?      Warum steht in einem Gutachten, erstellt f\u00fcr das Bundesgesundheitsministerium, dass die Auslastung der Krankenh\u00e4user im Jahr 2020 durch Covid-19-Patienten nur 2% betragen hat?      Warum hat Bremen mit Abstand die h\u00f6chste Inzidenz (113 am 4.10.21) und gleichzeitig mit Abstand die h\u00f6chste Impfquote in Deutschland (79 %)?      Warum sind Zahlungen von 4 Millionen Euro eingegangen auf einem Familienkonto der EU-Gesundheitskommissarin Stella Kyriakides, die verantwortlich war f\u00fcr das Abschlie\u00dfen der ersten EU-Impfstoffvertr\u00e4ge mit den Pharmakonzernen? (3)      Warum werden Menschen mit schweren Impfnebenwirkungen nicht im gleichen Ma\u00df portraitiert wie 2020 Menschen mit schweren Covid-19-Verl\u00e4ufen? (4)      Warum st\u00f6rt niemanden die unsaubere Z\u00e4hlweise bei \u201eImpfdurchbr\u00fcchen\u201c? (5)      Warum melden die Niederlande deutlich mehr Nebenwirkungen der Covid-19-Impfstoffe als andere L\u00e4nder?      Warum hat sich die Wirksamkeitsbeschreibung der Covid-19-Impfstoffe auf der Seite des Paul-Ehrlich-Instituts in den letzten Wochen dreimal ge\u00e4ndert? \u201eCOVID-19-Impfstoffe sch\u00fctzen vor Infektionen mit dem SARS-CoV-2 Virus.\u201c (15. August 2021) \u201eCOVID-19-Impfstoffe sch\u00fctzen vor einem schweren Verlauf einer Infektion mit dem SARS-CoV-2 Virus.\u201c (7. September 2021) \u201eCOVID-19-Impfstoffe sind indiziert zur aktiven Immunisierung zur Vorbeugung der durch das SARS-CoV-2-Virus verursachten COVID-19-Erkrankung.\u201c (27. September 2021) (6)\">Den ganzen Artikel lesen&#8230;<\/a><\/p>\n<p style=\"text-align: justify; padding-left: 30px;\"><em><img loading=\"lazy\" decoding=\"async\" class=\"lazy\" title=\"Bild: Shutterstock\" src=\"https:\/\/multipolar-magazin.de\/media\/pages\/artikel\/ich-kann-nicht-mehr\/ecfa343177-1633387973\/shutterstock-1787482493-282x.jpg\" srcset=\"https:\/\/multipolar-magazin.de\/media\/pages\/artikel\/ich-kann-nicht-mehr\/ecfa343177-1633387973\/shutterstock-1787482493-537x.jpg 537w, https:\/\/multipolar-magazin.de\/media\/pages\/artikel\/ich-kann-nicht-mehr\/ecfa343177-1633387973\/shutterstock-1787482493-587x.jpg 587w, https:\/\/multipolar-magazin.de\/media\/pages\/artikel\/ich-kann-nicht-mehr\/ecfa343177-1633387973\/shutterstock-1787482493-961x.jpg 961w\" alt=\"Bild: Shutterstock\" width=\"398\" height=\"199\"\/><\/em><\/p>\n<h5 style=\"padding-left: 120px;\">Bildschirmausdruck Multipolar<\/h5>\n<p>&nbsp;<\/p>\n<p style=\"text-align: justify;\">Unbedingt lesenswert ist ebenfalls die Vorstellung dieses Offenen Briefs durch Boris Reitschuster in seiner Journalisten Webseite:<\/p>\n<div class=\"elementor-element elementor-element-19114677 elementor-widget elementor-widget-theme-post-title elementor-page-title elementor-widget-heading\" data-id=\"19114677\" data-element_type=\"widget\" data-widget_type=\"theme-post-title.default\">\n<div class=\"elementor-widget-container\">\n<p class=\"elementor-heading-title elementor-size-default\" style=\"padding-left: 30px;\"><a href=\"https:\/\/reitschuster.de\/post\/ard-mitarbeiter-hat-es-satt-und-packt-aus-ich-kann-nicht-mehr\/\"><strong><span class=\"entry-title-primary\">ARD-Mitarbeiter hat es satt und packt aus: \u201eIch kann nicht mehr\u201c<\/span>&nbsp; &#8211; <\/strong><span class=\"entry-subtitle\"><strong>Unglaublicher offener Brief<br \/>\n<\/strong> <\/span><\/a><\/p>\n<p><img loading=\"lazy\" decoding=\"async\" class=\"attachment-full \" src=\"https:\/\/reitschuster.de\/wp-content\/uploads\/2021\/10\/shutterstock_348211034.jpg\" sizes=\"(max-width: 500px) 100vw, 500px\" srcset=\"https:\/\/reitschuster.de\/wp-content\/uploads\/2021\/10\/shutterstock_348211034.jpg 500w, https:\/\/reitschuster.de\/wp-content\/uploads\/2021\/10\/shutterstock_348211034-300x200.jpg 300w\" alt=\"\" width=\"466\" height=\"312\"\/><\/p>\n<\/div>\n<\/div>\n<h5 style=\"text-align: justify; padding-left: 90px;\">Bildschirmausdruck reitschuschter.de<\/h5>\n<p>&nbsp;<\/p>\n<p>&nbsp;<\/p>\n","protected":false},"excerpt":{"rendered":"<p>Das Online-Magazin Multipolar ver\u00f6ffentlicht den mutigen und informativen Offenen Brief von Ole Skambraks &#8211; ein Text von hoher Journalismus-Qualit\u00e4t: Ich kann nicht mehr &#8222;In einem offenen Brief \u00e4u\u00dfert sich ein ARD-Mitarbeiter kritisch zu anderthalb Jahren Corona-Berichterstattung: Ole Skambraks arbeitet seit 12 Jahren als redaktioneller Mitarbeiter und Redakteur beim \u00f6ffentlich-rechtlichen Rundfunk. Ich kann nicht mehr schweigen. [&hellip;]<\/p>\n","protected":false},"author":3,"featured_media":0,"comment_status":"closed","ping_status":"closed","sticky":false,"template":"","format":"standard","meta":{"om_disable_all_campaigns":false,"_monsterinsights_skip_tracking":false,"_monsterinsights_sitenote_active":false,"_monsterinsights_sitenote_note":"","_monsterinsights_sitenote_category":0,"ngg_post_thumbnail":0,"footnotes":""},"categories":[1470],"tags":[],"class_list":["post-8090","post","type-post","status-publish","format-standard","hentry","category-corona-krise"],"aioseo_notices":[],"_links":{"self":[{"href":"https:\/\/www.jocelyne-lopez.de\/blog\/wp-json\/wp\/v2\/posts\/8090"}],"collection":[{"href":"https:\/\/www.jocelyne-lopez.de\/blog\/wp-json\/wp\/v2\/posts"}],"about":[{"href":"https:\/\/www.jocelyne-lopez.de\/blog\/wp-json\/wp\/v2\/types\/post"}],"author":[{"embeddable":true,"href":"https:\/\/www.jocelyne-lopez.de\/blog\/wp-json\/wp\/v2\/users\/3"}],"replies":[{"embeddable":true,"href":"https:\/\/www.jocelyne-lopez.de\/blog\/wp-json\/wp\/v2\/comments?post=8090"}],"version-history":[{"count":0,"href":"https:\/\/www.jocelyne-lopez.de\/blog\/wp-json\/wp\/v2\/posts\/8090\/revisions"}],"wp:attachment":[{"href":"https:\/\/www.jocelyne-lopez.de\/blog\/wp-json\/wp\/v2\/media?parent=8090"}],"wp:term":[{"taxonomy":"category","embeddable":true,"href":"https:\/\/www.jocelyne-lopez.de\/blog\/wp-json\/wp\/v2\/categories?post=8090"},{"taxonomy":"post_tag","embeddable":true,"href":"https:\/\/www.jocelyne-lopez.de\/blog\/wp-json\/wp\/v2\/tags?post=8090"}],"curies":[{"name":"wp","href":"https:\/\/api.w.org\/{rel}","templated":true}]}}