{"id":8088,"date":"2021-10-02T18:59:21","date_gmt":"2021-10-02T17:59:21","guid":{"rendered":"https:\/\/www.jocelyne-lopez.de\/blog\/?p=8088"},"modified":"2021-10-02T18:59:22","modified_gmt":"2021-10-02T17:59:22","slug":"allesaufdentisch-kuenstlerinnen-und-wissenschaftlerinnen-im-dialog-ueber-die-corona-krise","status":"publish","type":"post","link":"https:\/\/www.jocelyne-lopez.de\/blog\/2021\/10\/allesaufdentisch-kuenstlerinnen-und-wissenschaftlerinnen-im-dialog-ueber-die-corona-krise\/","title":{"rendered":"#allesaufdentisch &#8211; K\u00fcnstlerInnen und WissenschaftlerInnen im Dialog \u00fcber die Corona-Krise"},"content":{"rendered":"<p>Ein motivierendes und unterst\u00fctzenswertes Projekt:<\/p>\n<h3 style=\"padding-left: 30px; text-align: justify;\"><a href=\"https:\/\/allesaufdentisch.tv\/\"><strong>#allesaufdentisch<\/strong><\/a><\/h3>\n<p style=\"padding-left: 30px; text-align: justify;\"><em><strong>K\u00fcnstlerInnen und WissenschaftlerInnen im Dialog \u00fcber die Corona-Krise<\/strong><\/em><\/p>\n<p style=\"padding-left: 30px; text-align: justify;\"><strong><em>&#8222;<\/em><\/strong><em>Mit zunehmender Sorge beobachten wir die Entwicklung des politischen Handelns in der Corona-Krise. Viele ExpertInnen wurden bisher in der \u00f6ffentlichen Corona-Debatte nicht geh\u00f6rt. Wir w\u00fcnschen uns einen breit\u00adgef\u00e4cherten, fakten\u00adbasierten, offenen und sachlichen Diskurs und auch eine ebensolche Auseinander\u00adsetzung mit den Videos.&#8220;<\/em><\/p>\n<p style=\"padding-left: 30px;\"><em><img loading=\"lazy\" decoding=\"async\" class=\"alignnone \" src=\"https:\/\/www.jocelyne-lopez.de\/blog\/wp-content\/uploads\/2021\/10\/bildschirmausdruck-allesaufdemtisch.jpg\" width=\"477\" height=\"388\"\/><br \/><\/em><\/p>\n<h5 style=\"padding-left: 60px;\">Bildschirmausdruck #allesaufdentisch<\/h5>\n<p style=\"padding-left: 30px;\"><em><strong>Es ist Zeit f\u00fcr den Runden Tisch<\/strong><\/em><\/p>\n<p style=\"padding-left: 30px; text-align: justify;\"><em>&#8222;Mit dem Unterzeichnen der Petition fordern wir einen regelm\u00e4\u00dfig stattfindenden &#8222;Runden Tisch&#8220; f\u00fcr das Corona-Krisenmanagement, an dem WissenschaftlerInnen verschiedener Disziplinen mit unterschiedlichen Standpunkten interdisziplin\u00e4r und evidenzbasiert diskutieren und anschie\u00dfend die Politik beraten. Wichtig ist, dass in diesem Gremium auch WissenschaftlerInnen geh\u00f6rt werden die nicht in institutioneller staatlicher Abh\u00e4ngigkeit stehen. S\u00e4mtliche Ergebnisse und daraus resultierende Ma\u00dfnahmen sollen transparent mit allen B\u00fcrgerInnen kommuniziert werden.&#8220;<\/em><\/p>\n<p style=\"padding-left: 30px;\"><a href=\"https:\/\/allesaufdentisch.tv\/\"><strong>Petition bitte mitzeichen&#8230;<\/strong><\/a><\/p>\n<p>&nbsp;<\/p>\n<p>&#8212;&#8212;&#8212;&#8212;&#8212;&#8212;&#8212;&#8212;-<\/p>\n<p style=\"text-align: justify;\">Siehe auch eine ausf\u00fchrliche Vorstellung des Projekts in der Journalisten-Webseite <em>reitschuchster.de<br \/><\/em><\/p>\n<div class=\"elementor-element elementor-element-19114677 elementor-widget elementor-widget-theme-post-title elementor-page-title elementor-widget-heading\" data-id=\"19114677\" data-element_type=\"widget\" data-widget_type=\"theme-post-title.default\">\n<div class=\"elementor-widget-container\">\n<p class=\"elementor-heading-title elementor-size-default\" style=\"padding-left: 30px;\"><a href=\"https:\/\/reitschuster.de\/post\/sie-protestieren-weiter-kuenstler-gegen-corona-massnahmen\/\"><strong><span class=\"entry-title-primary\">Sie protestieren weiter: K\u00fcnstler gegen Corona-Ma\u00dfnahmen<\/span> <br \/><\/strong><strong><span class=\"entry-subtitle\">#allesdichtmachen hat einen Nachfolger: #allesaufdentisch<\/span><\/strong><\/a><\/p>\n<\/div>\n<\/div>\n<p>&nbsp;<\/p>\n\n\n<p><\/p>\n","protected":false},"excerpt":{"rendered":"<p>Ein motivierendes und unterst\u00fctzenswertes Projekt: #allesaufdentisch K\u00fcnstlerInnen und WissenschaftlerInnen im Dialog \u00fcber die Corona-Krise &#8222;Mit zunehmender Sorge beobachten wir die Entwicklung des politischen Handelns in der Corona-Krise. Viele ExpertInnen wurden bisher in der \u00f6ffentlichen Corona-Debatte nicht geh\u00f6rt. Wir w\u00fcnschen uns einen breit\u00adgef\u00e4cherten, fakten\u00adbasierten, offenen und sachlichen Diskurs und auch eine ebensolche Auseinander\u00adsetzung mit den Videos.&#8220; [&hellip;]<\/p>\n","protected":false},"author":3,"featured_media":0,"comment_status":"closed","ping_status":"closed","sticky":false,"template":"","format":"standard","meta":{"om_disable_all_campaigns":false,"_monsterinsights_skip_tracking":false,"_monsterinsights_sitenote_active":false,"_monsterinsights_sitenote_note":"","_monsterinsights_sitenote_category":0,"ngg_post_thumbnail":0,"footnotes":""},"categories":[1470],"tags":[1622],"class_list":["post-8088","post","type-post","status-publish","format-standard","hentry","category-corona-krise","tag-allesaufdemtisch"],"aioseo_notices":[],"_links":{"self":[{"href":"https:\/\/www.jocelyne-lopez.de\/blog\/wp-json\/wp\/v2\/posts\/8088"}],"collection":[{"href":"https:\/\/www.jocelyne-lopez.de\/blog\/wp-json\/wp\/v2\/posts"}],"about":[{"href":"https:\/\/www.jocelyne-lopez.de\/blog\/wp-json\/wp\/v2\/types\/post"}],"author":[{"embeddable":true,"href":"https:\/\/www.jocelyne-lopez.de\/blog\/wp-json\/wp\/v2\/users\/3"}],"replies":[{"embeddable":true,"href":"https:\/\/www.jocelyne-lopez.de\/blog\/wp-json\/wp\/v2\/comments?post=8088"}],"version-history":[{"count":0,"href":"https:\/\/www.jocelyne-lopez.de\/blog\/wp-json\/wp\/v2\/posts\/8088\/revisions"}],"wp:attachment":[{"href":"https:\/\/www.jocelyne-lopez.de\/blog\/wp-json\/wp\/v2\/media?parent=8088"}],"wp:term":[{"taxonomy":"category","embeddable":true,"href":"https:\/\/www.jocelyne-lopez.de\/blog\/wp-json\/wp\/v2\/categories?post=8088"},{"taxonomy":"post_tag","embeddable":true,"href":"https:\/\/www.jocelyne-lopez.de\/blog\/wp-json\/wp\/v2\/tags?post=8088"}],"curies":[{"name":"wp","href":"https:\/\/api.w.org\/{rel}","templated":true}]}}