{"id":8078,"date":"2021-07-09T17:45:52","date_gmt":"2021-07-09T16:45:52","guid":{"rendered":"https:\/\/www.jocelyne-lopez.de\/blog\/?p=8078"},"modified":"2021-07-09T17:45:54","modified_gmt":"2021-07-09T16:45:54","slug":"bild-zeitung-wann-hoert-der-wahnsinn-auf","status":"publish","type":"post","link":"https:\/\/www.jocelyne-lopez.de\/blog\/2021\/07\/bild-zeitung-wann-hoert-der-wahnsinn-auf\/","title":{"rendered":"BILD-Zeitung: Wann h\u00f6rt der Wahnsinn auf?"},"content":{"rendered":"<p style=\"text-align: justify;\">Die BILD-Zeitung spricht erfreulicherweise klartext und entlarvt nachvollziehbar das dramatische Versagen der Corona-Politik der Regierung sowie die gravierenden Verst\u00f6\u00dfe gegen das Grundgesetz:<\/p>\n<p>&nbsp;<\/p>\n<p>Youtube: <strong>Endlose Corona-Regeln: Wann h\u00f6rt der Wahnsinn auf?<\/strong><\/p>\n<p><iframe loading=\"lazy\" title=\"Endlose Corona-Regeln: Wann h\u00f6rt der Wahnsinn auf? | Julian Reichelt\" width=\"500\" height=\"281\" src=\"https:\/\/www.youtube.com\/embed\/xwkgUc_g7HY?feature=oembed\" frameborder=\"0\" allow=\"accelerometer; autoplay; clipboard-write; encrypted-media; gyroscope; picture-in-picture; web-share\" referrerpolicy=\"strict-origin-when-cross-origin\" allowfullscreen><\/iframe><\/p>\n","protected":false},"excerpt":{"rendered":"<p>Die BILD-Zeitung spricht erfreulicherweise klartext und entlarvt nachvollziehbar das dramatische Versagen der Corona-Politik der Regierung sowie die gravierenden Verst\u00f6\u00dfe gegen das Grundgesetz: &nbsp; Youtube: Endlose Corona-Regeln: Wann h\u00f6rt der Wahnsinn auf?<\/p>\n","protected":false},"author":3,"featured_media":0,"comment_status":"closed","ping_status":"closed","sticky":false,"template":"","format":"standard","meta":{"om_disable_all_campaigns":false,"_monsterinsights_skip_tracking":false,"_monsterinsights_sitenote_active":false,"_monsterinsights_sitenote_note":"","_monsterinsights_sitenote_category":0,"ngg_post_thumbnail":0,"footnotes":""},"categories":[1470],"tags":[],"class_list":["post-8078","post","type-post","status-publish","format-standard","hentry","category-corona-krise"],"aioseo_notices":[],"_links":{"self":[{"href":"https:\/\/www.jocelyne-lopez.de\/blog\/wp-json\/wp\/v2\/posts\/8078"}],"collection":[{"href":"https:\/\/www.jocelyne-lopez.de\/blog\/wp-json\/wp\/v2\/posts"}],"about":[{"href":"https:\/\/www.jocelyne-lopez.de\/blog\/wp-json\/wp\/v2\/types\/post"}],"author":[{"embeddable":true,"href":"https:\/\/www.jocelyne-lopez.de\/blog\/wp-json\/wp\/v2\/users\/3"}],"replies":[{"embeddable":true,"href":"https:\/\/www.jocelyne-lopez.de\/blog\/wp-json\/wp\/v2\/comments?post=8078"}],"version-history":[{"count":0,"href":"https:\/\/www.jocelyne-lopez.de\/blog\/wp-json\/wp\/v2\/posts\/8078\/revisions"}],"wp:attachment":[{"href":"https:\/\/www.jocelyne-lopez.de\/blog\/wp-json\/wp\/v2\/media?parent=8078"}],"wp:term":[{"taxonomy":"category","embeddable":true,"href":"https:\/\/www.jocelyne-lopez.de\/blog\/wp-json\/wp\/v2\/categories?post=8078"},{"taxonomy":"post_tag","embeddable":true,"href":"https:\/\/www.jocelyne-lopez.de\/blog\/wp-json\/wp\/v2\/tags?post=8078"}],"curies":[{"name":"wp","href":"https:\/\/api.w.org\/{rel}","templated":true}]}}