{"id":8074,"date":"2021-06-22T09:42:39","date_gmt":"2021-06-22T08:42:39","guid":{"rendered":"https:\/\/www.jocelyne-lopez.de\/blog\/?p=8074"},"modified":"2021-06-22T09:47:51","modified_gmt":"2021-06-22T08:47:51","slug":"pcr-test-unbrauchbar-zur-feststellung-einer-infektion","status":"publish","type":"post","link":"https:\/\/www.jocelyne-lopez.de\/blog\/2021\/06\/pcr-test-unbrauchbar-zur-feststellung-einer-infektion\/","title":{"rendered":"PCR-Test unbrauchbar zur Feststellung einer Infektion"},"content":{"rendered":"<p style=\"text-align: justify;\">Was zum Beispiel Experten der <a href=\"https:\/\/corona-ausschuss.de\/\">Stiftung Corona Ausschuss<\/a> wie Prof. Sucharit Bhakdi, Dr. Wolfgang Wodarg oder Reiner F\u00fcllmich seit fast&nbsp; a<span class=\"ILfuVd\"><span class=\"hgKElc\">nderthalb<\/span><\/span> Jahr kommunizieren, wird erst jetzt von den Massenmedien auf einmal entdeckt und verbreitet: Der PCR-Test ist ungeeignet zur Festellung von Infektiosit\u00e4t und daher unbrauchbar als Grundlage von irgendwelchen Ma\u00dfnahmen wie Lockdown, Maskenpflicht, Kontaktbeschr\u00e4nkungen, Quarant\u00e4ne usw. Die komplette&nbsp; Corona-Politik der Regierung seit Anfang der &#8222;Pandemie&#8220; bricht als Irrweg zusammen.<\/p>\n<p>Siehe zum Beispiel:<\/p>\n<p class=\"title style-scope ytd-video-primary-info-renderer\" style=\"padding-left: 30px;\"><strong>RTL &#8211; Ergebnisse der PCR Tests bisher keine geeignete Grundlage f\u00fcr Ma\u00dfnahmen, Dr. Christoph Specht<\/strong><\/p>\n<p style=\"text-align: justify; padding-left: 30px;\">https:\/\/www.youtube.com\/watch?v=MVePvkVbp48&#038;t=2s<\/p>\n<p>&nbsp;<\/p>\n<p style=\"text-align: justify;\">Bereits im November 2020 hatte ein Gericht in Lissabon urteilt, dass der PCR-Test alleine ungeeignet zur Verordnung einer Quarant\u00e4ne war, siehe:<\/p>\n<p class=\"entrytitle\" style=\"padding-left: 30px;\"><a href=\"https:\/\/www.jocelyne-lopez.de\/blog\/2020\/11\/brisantes-gerichtsurteil-in-lissabon-pcr-tests-nicht-zuverlaessig\/\" rel=\"bookmark\">Brisantes Gerichtsurteil in Lissabon: PCR-Tests nicht zuverl\u00e4ssig <\/a><\/p>\n<div class=\"\" data-block=\"true\" data-editor=\"btq27\" data-offset-key=\"cle3d-0-0\">\n<div class=\"_1mf _1mj\" data-offset-key=\"cle3d-0-0\">\n<p style=\"padding-left: 30px; text-align: justify;\"><em>Am 11. November 2020 hat das Berufungsgericht von Lissabon in Portugal die Quarant\u00e4ne von vier Portugiesen f\u00fcr unrechtm\u00e4\u00dfig erkl\u00e4rt. Von diesen vier Personen war eine Person mittels eines PCR-Tests positiv auf Covid-19 getestet worden, die anderen drei Personen waren als nahe Kontaktpersonen ebenfalls unter Quarant\u00e4ne gestellt worden.<br \/>\n<\/em><em><br \/>\nWarum das Urteil des Berufungsgerichtes von Lissabon auch f\u00fcr uns so interessant ist, ergibt sich aus der Urteilserkl\u00e4rung. In dem <a href=\"https:\/\/tribunal-relacao.vlex.pt\/vid\/851822033?_ga=2.155956985.353358071.1605737091-350727261.1605737091\">34 Seiten langen Dokument<\/a> schreibt das Gericht:<\/em><em><br \/>\n<\/em><\/p>\n<\/div>\n<\/div>\n<div class=\"\" data-block=\"true\" data-editor=\"btq27\" data-offset-key=\"7rrcs-0-0\">\n<div class=\"_1mf _1mj\" style=\"padding-left: 30px; text-align: justify;\" data-offset-key=\"7rrcs-0-0\"><em> \u201eEine medizinische Diagnose ist eine medizinische Handlung, zu der nur ein Arzt rechtlich befugt ist und f\u00fcr die dieser Arzt allein und vollst\u00e4ndig verantwortlich ist. Keine andere Person oder Institution, einschlie\u00dflich Regierungsbeh\u00f6rden oder Gerichte, hat eine solche Befugnis. Es ist nicht Aufgabe der regionalen Gesundheitsbeh\u00f6rde, jemanden f\u00fcr krank oder gesundheitsgef\u00e4hrdend zu erkl\u00e4ren. Nur ein Arzt kann dies tun. Niemand kann per Dekret oder Gesetz f\u00fcr krank oder gesundheitsgef\u00e4hrdend erkl\u00e4rt werden, auch nicht als automatische, administrative Folge des Ergebnisses eines Labortests, egal welcher Art.\u201c<\/em><\/div>\n<\/div>\n<p>&nbsp;<\/p>\n<p>Siehe auch in der BILD Zeitung vom 20.06.2021:<\/p>\n<p style=\"padding-left: 30px; text-align: justify;\"><a href=\"https:\/\/www.bild.de\/politik\/kolumnen\/kolumne\/kommentar-gesteht-die-fehler-ein-76824122.bild.html\"><span class=\"headline\">Gesteht die Fehler ein!<\/span><\/a><br \/>\n[&#8230;]<br \/>\n<em><strong>Das ist dramatisch!<\/strong><\/em><\/p>\n<p style=\"padding-left: 30px; text-align: justify;\"><em>Aus den Ergebnissen der PCR-Tests stammen die Infektions- und Inzidenzwerte. Und daraus leiteten Bund und L\u00e4nder alle Lockdowns und alle Grundrechtseinschr\u00e4nkungen ab. Und tun das bis heute noch!<\/em><\/p>\n<p style=\"padding-left: 30px; text-align: justify;\"><em><strong>Das kann nun nicht mehr so bleiben!<\/strong><\/em><\/p>\n<p style=\"padding-left: 30px; text-align: justify;\"><em>In dieser Woche tagt der Bundestag das letzte Mal regul\u00e4r vor der Bundestagswahl.<\/em><\/p>\n<p style=\"padding-left: 30px; text-align: justify;\"><em>Es ist die letzte Chance f\u00fcr die GroKo, sich ehrlich zu machen.<\/em><\/p>\n","protected":false},"excerpt":{"rendered":"<p>Was zum Beispiel Experten der Stiftung Corona Ausschuss wie Prof. Sucharit Bhakdi, Dr. Wolfgang Wodarg oder Reiner F\u00fcllmich seit fast&nbsp; anderthalb Jahr kommunizieren, wird erst jetzt von den Massenmedien auf einmal entdeckt und verbreitet: Der PCR-Test ist ungeeignet zur Festellung von Infektiosit\u00e4t und daher unbrauchbar als Grundlage von irgendwelchen Ma\u00dfnahmen wie Lockdown, Maskenpflicht, Kontaktbeschr\u00e4nkungen, Quarant\u00e4ne [&hellip;]<\/p>\n","protected":false},"author":3,"featured_media":0,"comment_status":"closed","ping_status":"closed","sticky":false,"template":"","format":"standard","meta":{"om_disable_all_campaigns":false,"_monsterinsights_skip_tracking":false,"_monsterinsights_sitenote_active":false,"_monsterinsights_sitenote_note":"","_monsterinsights_sitenote_category":0,"ngg_post_thumbnail":0,"footnotes":""},"categories":[1470],"tags":[1618],"class_list":["post-8074","post","type-post","status-publish","format-standard","hentry","category-corona-krise","tag-dr-christoph-specht"],"aioseo_notices":[],"_links":{"self":[{"href":"https:\/\/www.jocelyne-lopez.de\/blog\/wp-json\/wp\/v2\/posts\/8074"}],"collection":[{"href":"https:\/\/www.jocelyne-lopez.de\/blog\/wp-json\/wp\/v2\/posts"}],"about":[{"href":"https:\/\/www.jocelyne-lopez.de\/blog\/wp-json\/wp\/v2\/types\/post"}],"author":[{"embeddable":true,"href":"https:\/\/www.jocelyne-lopez.de\/blog\/wp-json\/wp\/v2\/users\/3"}],"replies":[{"embeddable":true,"href":"https:\/\/www.jocelyne-lopez.de\/blog\/wp-json\/wp\/v2\/comments?post=8074"}],"version-history":[{"count":0,"href":"https:\/\/www.jocelyne-lopez.de\/blog\/wp-json\/wp\/v2\/posts\/8074\/revisions"}],"wp:attachment":[{"href":"https:\/\/www.jocelyne-lopez.de\/blog\/wp-json\/wp\/v2\/media?parent=8074"}],"wp:term":[{"taxonomy":"category","embeddable":true,"href":"https:\/\/www.jocelyne-lopez.de\/blog\/wp-json\/wp\/v2\/categories?post=8074"},{"taxonomy":"post_tag","embeddable":true,"href":"https:\/\/www.jocelyne-lopez.de\/blog\/wp-json\/wp\/v2\/tags?post=8074"}],"curies":[{"name":"wp","href":"https:\/\/api.w.org\/{rel}","templated":true}]}}