{"id":8069,"date":"2021-06-06T16:25:36","date_gmt":"2021-06-06T15:25:36","guid":{"rendered":"https:\/\/www.jocelyne-lopez.de\/blog\/?p=8069"},"modified":"2021-06-06T16:25:38","modified_gmt":"2021-06-06T15:25:38","slug":"die-partei-die-basis-kaempft-fuer-das-recht-von-kindern-auf-ein-gesundes-leben","status":"publish","type":"post","link":"https:\/\/www.jocelyne-lopez.de\/blog\/2021\/06\/die-partei-die-basis-kaempft-fuer-das-recht-von-kindern-auf-ein-gesundes-leben\/","title":{"rendered":"Die Partei DIE BASIS k\u00e4mpft f\u00fcr das Recht von Kindern auf ein gesundes Leben"},"content":{"rendered":"<p style=\"text-align: justify;\">Pressemitteilung vom 20. Mai 2021 der neuen Partei <a href=\"https:\/\/diebasis-partei.de\/\">DieBASIS<\/a>:<\/p>\n<p>&nbsp;<\/p>\n<p class=\"entry-title\" style=\"padding-left: 30px;\"><a href=\"https:\/\/diebasis-partei.de\/2021\/05\/diebasis-kaempft-fuer-das-recht-von-kindern-auf-ein-gesundes-leben\/\"><strong>DieBasis k\u00e4mpft f\u00fcr das Recht von Kindern auf ein gesundes Leben<\/strong><\/a><\/p>\n<p style=\"padding-left: 30px; text-align: justify;\"><em>\u201eEs kann nicht sein, dass unsere Kinder und Jugendlichen dem unkalkulierbaren Risiko von Impfsch\u00e4den ausgesetzt werden, ohne dass daf\u00fcr eine medizinische Notwendigkeit besteht\u201c, kritisiert David Claudio Siber, Pressesprecher der Basisdemokratischen Partei Deutschland, dieBasis. Er spricht dabei den rund 17.000 Mitgliedern seiner Partei aus dem Herzen, die gegen den drohenden Impfzwang Sturm laufen.<\/em><\/p>\n<p style=\"padding-left: 30px; text-align: justify;\"><em>\u201edieBasis tritt an, damit das Kinderlachen zwang- und maskenlos f\u00fcr immer erlaubt bleibt und unsere J\u00fcngsten ihr Recht auf ein gesundes Leben behalten\u201c, zeigt sich Siber k\u00e4mpferisch. Hintergrund: Mit der j\u00fcngsten Forderung des Deutschen \u00c4rztetages <a href=\"https:\/\/diebasis-partei.de\/2021\/05\/diebasis-kaempft-fuer-das-recht-von-kindern-auf-ein-gesundes-leben\/#_ftn1\">[1]<\/a> besteht die Gefahr, dass es nach den Sommerferien eine Impfpflicht f\u00fcr Kinder und Jugendlich geben wird, wenn diese die Schule besuchen wollen. Obwohl diese Altersgruppen kaum von der Corona-Pandemie betroffen sind und dieses Virus nachweislich auch nicht verbreiten, wird das Recht auf Bildung dennoch an eine COVID-19-Impfung gekn\u00fcpft. \u201eDas ist eine bedrohliche Vorstellung nicht nur f\u00fcr viele Eltern, weshalb wir mit allen Mitteln dagegen vorgehen werden\u201c, k\u00fcndigt Siber an. [&#8230;]<\/em><\/p>\n<p style=\"padding-left: 30px;\"><a href=\"https:\/\/diebasis-partei.de\/2021\/05\/diebasis-kaempft-fuer-das-recht-von-kindern-auf-ein-gesundes-leben\/\">Weiterlesen&#8230;<\/a><\/p>\n<p>&nbsp;<\/p>\n","protected":false},"excerpt":{"rendered":"<p>Pressemitteilung vom 20. Mai 2021 der neuen Partei DieBASIS: &nbsp; DieBasis k\u00e4mpft f\u00fcr das Recht von Kindern auf ein gesundes Leben \u201eEs kann nicht sein, dass unsere Kinder und Jugendlichen dem unkalkulierbaren Risiko von Impfsch\u00e4den ausgesetzt werden, ohne dass daf\u00fcr eine medizinische Notwendigkeit besteht\u201c, kritisiert David Claudio Siber, Pressesprecher der Basisdemokratischen Partei Deutschland, dieBasis. Er [&hellip;]<\/p>\n","protected":false},"author":3,"featured_media":0,"comment_status":"closed","ping_status":"closed","sticky":false,"template":"","format":"standard","meta":{"om_disable_all_campaigns":false,"_monsterinsights_skip_tracking":false,"_monsterinsights_sitenote_active":false,"_monsterinsights_sitenote_note":"","_monsterinsights_sitenote_category":0,"ngg_post_thumbnail":0,"footnotes":""},"categories":[1470],"tags":[1616],"class_list":["post-8069","post","type-post","status-publish","format-standard","hentry","category-corona-krise","tag-partei-diebasis"],"aioseo_notices":[],"_links":{"self":[{"href":"https:\/\/www.jocelyne-lopez.de\/blog\/wp-json\/wp\/v2\/posts\/8069"}],"collection":[{"href":"https:\/\/www.jocelyne-lopez.de\/blog\/wp-json\/wp\/v2\/posts"}],"about":[{"href":"https:\/\/www.jocelyne-lopez.de\/blog\/wp-json\/wp\/v2\/types\/post"}],"author":[{"embeddable":true,"href":"https:\/\/www.jocelyne-lopez.de\/blog\/wp-json\/wp\/v2\/users\/3"}],"replies":[{"embeddable":true,"href":"https:\/\/www.jocelyne-lopez.de\/blog\/wp-json\/wp\/v2\/comments?post=8069"}],"version-history":[{"count":0,"href":"https:\/\/www.jocelyne-lopez.de\/blog\/wp-json\/wp\/v2\/posts\/8069\/revisions"}],"wp:attachment":[{"href":"https:\/\/www.jocelyne-lopez.de\/blog\/wp-json\/wp\/v2\/media?parent=8069"}],"wp:term":[{"taxonomy":"category","embeddable":true,"href":"https:\/\/www.jocelyne-lopez.de\/blog\/wp-json\/wp\/v2\/categories?post=8069"},{"taxonomy":"post_tag","embeddable":true,"href":"https:\/\/www.jocelyne-lopez.de\/blog\/wp-json\/wp\/v2\/tags?post=8069"}],"curies":[{"name":"wp","href":"https:\/\/api.w.org\/{rel}","templated":true}]}}