{"id":8065,"date":"2021-05-24T15:11:13","date_gmt":"2021-05-24T14:11:13","guid":{"rendered":"https:\/\/www.jocelyne-lopez.de\/blog\/?p=8065"},"modified":"2021-05-24T15:11:14","modified_gmt":"2021-05-24T14:11:14","slug":"die-zerstoerung-der-kindheit-maurice-janich-michael-hueter","status":"publish","type":"post","link":"https:\/\/www.jocelyne-lopez.de\/blog\/2021\/05\/die-zerstoerung-der-kindheit-maurice-janich-michael-hueter\/","title":{"rendered":"Die Zerst\u00f6rung der Kindheit &#8211; Maurice Janich &#038; Michael H\u00fcter"},"content":{"rendered":"<p style=\"text-align: justify;\">Ein absolut sehenswertes Video von <a href=\"https:\/\/www.gunnarkaiser.de\/\">Gunnar Kaiser<\/a>:<\/p>\n<p style=\"text-align: justify; padding-left: 30px;\"><a href=\"https:\/\/www.youtube.com\/watch?v=DJneB17gDw8&amp;list=RDCMUCqU7kO7e9HQo6QpQ6l3Nk_A&amp;index=5\">Die Zerst\u00f6rung der Kindheit &#8211; Maurice Janich &amp; Michael H\u00fcter<\/a><\/p>\n<p style=\"padding-left: 30px; text-align: justify;\"><em><span class=\"style-scope yt-formatted-string\" dir=\"auto\">In der vierten Folge des &#8222;Wettbewerbs der Ideen&#8220; spreche ich mit Michael H\u00fcter und Maurice Janich \u00fcber die &#8222;Generation Corona&#8220; \u2013 eine Generation von Kindern, die durch Masken, Lockdowns und sonstige Ma\u00dfnahmen in ihrer G\u00e4nze traumatisiert wurde. &#8222;Hier passiert etwas historisch Beispielloses. Wir k\u00f6nnen nicht einmal absch\u00e4tzen, welche Konsequenzen das mit sich bringt&#8220;, sagt Kindheitsforscher und Historiker Michael H\u00fcter. Wir debattieren \u00fcber die Psyche der Corona-Kinder, \u00fcber Zust\u00e4nde &#8222;bei denen jeder Neurobiologie, der wei\u00df, wie fr\u00fchkindliche Entwicklung passiert, schon l\u00e4ngst auf der Stra\u00dfe sein m\u00fcsste&#8220;, die Triage in psychiatrischen Kinderkliniken, das gehorsame Kind, als Idealbild der Erziehung, die Schule als Abrichtungsst\u00e4tte und eine Gesellschaft, die ihren Verstand verloren hat.<\/span><\/em><\/p>\n<p>&nbsp;<\/p>\n<p style=\"text-align: justify; padding-left: 30px;\"><em><span class=\"style-scope yt-formatted-string\" dir=\"auto\"><strong>Michael H\u00fcter<\/strong> ist \u00f6sterreichischer Historiker, Kindheitsforscher und Schriftsteller. An der Universit\u00e4t Salzburg studierte er Geschichte, Germanistik, Philosophie und Kunstgeschichte. H\u00fcter schreibt u.a. f\u00fcr das Magazin &#8222;Rubikon&#8220;, ist Autor des Bestsellers &#8222;Kindheit 6.7. Ein Manifest&#8220; und Vater von drei Kindern.<br \/>\n<\/span><\/em><em><span class=\"style-scope yt-formatted-string\" dir=\"auto\"><a href=\"https:\/\/www.michael-hueter.org\/kindheit_6_7\">Kindheit 6.7. Ein Manifest<\/a><br \/>\n<\/span><a href=\"https:\/\/www.buchhandlung-lorenzen.de\/shop\/item\/9783200055070\/kindheit-6-7-von-michael-huter-kartoniertes-buch#\">Buchhandlung Lorenzen.de <\/a><\/em><\/p>\n<p style=\"text-align: justify; padding-left: 30px;\"><span style=\"color: #ffffff;\"><em><span class=\"style-scope yt-formatted-string\" dir=\"auto\"><strong>.<\/strong><\/span><\/em><\/span><\/p>\n<p style=\"text-align: justify; padding-left: 30px;\"><em><span class=\"style-scope yt-formatted-string\" dir=\"auto\"><strong>Maurice Janich<\/strong> ist P\u00e4dagoge und Visualisierungstherapeut. Er hilft vor allem hochsensiblen Kindern, ihre Gef\u00fchle auszudr\u00fccken und schlechte Erfahrungen zu verarbeiten. Auf seinem YouTube-Kanal \u201eKraft deiner Gedanken\u201c berichtet er von den Auswirkungen, die die Ma\u00dfnahmen auf die Kinder haben. Er l\u00e4sst Kinder, Eltern, Lehrer und \u00c4rzte zu Wort kommen und \u00fcber ihre Erfahrungen berichten. <\/span><br \/>\n<a href=\"https:\/\/mauricejanich.de\/\">Home Maurice Janich<\/a><\/em><\/p>\n<p>&nbsp;<\/p>\n<p><iframe loading=\"lazy\" title=\"Die Zerst\u00f6rung der Kindheit - Maurice Janich &amp; Michael H\u00fcter [Wettbewerb der Ideen 4]\" width=\"500\" height=\"281\" src=\"https:\/\/www.youtube.com\/embed\/DJneB17gDw8?feature=oembed\" frameborder=\"0\" allow=\"accelerometer; autoplay; clipboard-write; encrypted-media; gyroscope; picture-in-picture; web-share\" referrerpolicy=\"strict-origin-when-cross-origin\" allowfullscreen><\/iframe><\/p>\n","protected":false},"excerpt":{"rendered":"<p>Ein absolut sehenswertes Video von Gunnar Kaiser: Die Zerst\u00f6rung der Kindheit &#8211; Maurice Janich &amp; Michael H\u00fcter In der vierten Folge des &#8222;Wettbewerbs der Ideen&#8220; spreche ich mit Michael H\u00fcter und Maurice Janich \u00fcber die &#8222;Generation Corona&#8220; \u2013 eine Generation von Kindern, die durch Masken, Lockdowns und sonstige Ma\u00dfnahmen in ihrer G\u00e4nze traumatisiert wurde. &#8222;Hier [&hellip;]<\/p>\n","protected":false},"author":3,"featured_media":0,"comment_status":"closed","ping_status":"closed","sticky":false,"template":"","format":"standard","meta":{"om_disable_all_campaigns":false,"_monsterinsights_skip_tracking":false,"_monsterinsights_sitenote_active":false,"_monsterinsights_sitenote_note":"","_monsterinsights_sitenote_category":0,"ngg_post_thumbnail":0,"footnotes":""},"categories":[1470],"tags":[1527,1614,1543],"class_list":["post-8065","post","type-post","status-publish","format-standard","hentry","category-corona-krise","tag-gunnar-kaiser","tag-maurice-janich","tag-michael-hueter"],"aioseo_notices":[],"_links":{"self":[{"href":"https:\/\/www.jocelyne-lopez.de\/blog\/wp-json\/wp\/v2\/posts\/8065"}],"collection":[{"href":"https:\/\/www.jocelyne-lopez.de\/blog\/wp-json\/wp\/v2\/posts"}],"about":[{"href":"https:\/\/www.jocelyne-lopez.de\/blog\/wp-json\/wp\/v2\/types\/post"}],"author":[{"embeddable":true,"href":"https:\/\/www.jocelyne-lopez.de\/blog\/wp-json\/wp\/v2\/users\/3"}],"replies":[{"embeddable":true,"href":"https:\/\/www.jocelyne-lopez.de\/blog\/wp-json\/wp\/v2\/comments?post=8065"}],"version-history":[{"count":0,"href":"https:\/\/www.jocelyne-lopez.de\/blog\/wp-json\/wp\/v2\/posts\/8065\/revisions"}],"wp:attachment":[{"href":"https:\/\/www.jocelyne-lopez.de\/blog\/wp-json\/wp\/v2\/media?parent=8065"}],"wp:term":[{"taxonomy":"category","embeddable":true,"href":"https:\/\/www.jocelyne-lopez.de\/blog\/wp-json\/wp\/v2\/categories?post=8065"},{"taxonomy":"post_tag","embeddable":true,"href":"https:\/\/www.jocelyne-lopez.de\/blog\/wp-json\/wp\/v2\/tags?post=8065"}],"curies":[{"name":"wp","href":"https:\/\/api.w.org\/{rel}","templated":true}]}}