{"id":8061,"date":"2021-05-23T07:58:35","date_gmt":"2021-05-23T06:58:35","guid":{"rendered":"https:\/\/www.jocelyne-lopez.de\/blog\/?p=8061"},"modified":"2021-05-23T07:58:36","modified_gmt":"2021-05-23T06:58:36","slug":"petition-keine-corona-impfpflicht-fuer-kinder","status":"publish","type":"post","link":"https:\/\/www.jocelyne-lopez.de\/blog\/2021\/05\/petition-keine-corona-impfpflicht-fuer-kinder\/","title":{"rendered":"PETITION: Keine Corona-Impfpflicht f\u00fcr Kinder!!"},"content":{"rendered":"<div class=\"kvgmc6g5 cxmmr5t8 oygrvhab hcukyx3x c1et5uql ii04i59q\">\n<div dir=\"auto\" style=\"text-align: justify;\">Bereits mehr als 600.000 Unterschriften in nur einer Woche f\u00fcr die Petition gegen die Corona-Impfung f\u00fcr Kinder und Jugendliche, das ist absoluter Rekord unter allen Petitionen!<\/p>\n<\/div>\n<\/div>\n<div class=\"o9v6fnle cxmmr5t8 oygrvhab hcukyx3x c1et5uql ii04i59q\">\n<div dir=\"auto\" style=\"text-align: justify;\">Nachstehend Update zur Petition vom 20. Mai 2021 des Initiators Johannes Augustin:<br \/>\n<span style=\"color: #ffffff;\">.<\/span><\/p>\n<div class=\"update-description-content rte type-l type-break-word\">\n<p style=\"padding-left: 30px; text-align: justify;\"><em>Liebe Unterzeichner,<\/em><\/p>\n<p style=\"padding-left: 30px; text-align: justify;\"><em>an dieser Stelle nun ein weiteres Update.<\/em><\/p>\n<p style=\"padding-left: 30px; text-align: justify;\"><em>Wie schon zuvor beschrieben, bin ich von Eurem enormen Zuspruch zutiefst beeindruckt und m\u00f6chte mich noch einmal f\u00fcr jede Unterschrift <strong>ganz herzlich bedanken<\/strong>!<\/em><\/p>\n<p style=\"padding-left: 30px; text-align: justify;\"><em>Mittlerweile sind auch einige Medien auf diese Petition aufmerksam geworden und haben diese namentlich erw\u00e4hnt, u. a. die <a href=\"https:\/\/www.berliner-zeitung.de\/news\/hunderttausende-unterschreiben-petition-gegen-corona-impfpflicht-fuer-kinder-li.158681\" target=\"_blank\" rel=\"nofollow noopener noreferrer\">Berliner Zeitung (online)<\/a>, <a href=\"https:\/\/www.bz-berlin.de\/berlin\/vorsicht-bei-der-impfung-fuer-kinder\" target=\"_blank\" rel=\"nofollow noopener noreferrer\">B.Z.<\/a>, <a href=\"https:\/\/de.rt.com\/inland\/117441-mehr-als-350000-unterschriften-bei\/\" target=\"_blank\" rel=\"nofollow noopener noreferrer\">RT<\/a> oder <a href=\"https:\/\/kaisertv.de\/2021\/05\/13\/keine-corona-impfpflicht-fur-kinder-petition-erreicht-uber-420-000-unterschriften-binnen-weniger-stunden\/\" target=\"_blank\" rel=\"nofollow noopener noreferrer\">Gunnar Kaiser<\/a>. Obwohl dieses Thema naturgem\u00e4\u00df das Potenzial hat, enorm zu polarisieren und zu emotionalisieren, bin ich froh und dankbar dar\u00fcber, dass die mediale Berichterstattung, zumindest so weit ich dies \u00fcberblicken kann, auf weitestgehend sachlicher Ebene stattfindet. Dies halte ich in einem Klima der Unsicherheit, Angst und fortschreitender gesellschaftlicher Spaltung f\u00fcr sehr wichtig.<\/em><\/p>\n<p style=\"padding-left: 30px; text-align: justify;\"><em>Aufhorchen lassen hat mich ein Artikel auf <a href=\"https:\/\/www.bild.de\/politik\/inland\/politik-inland\/eine-mutter-klagt-an-das-hat-die-kinderlose-regierung-unseren-kindern-angetan-76439830.bild.html\" target=\"_blank\" rel=\"nofollow noopener noreferrer\">Bild-Online<\/a>, in dem das Portal der Regierung \u201ef\u00fcnf katastrophale Fehler\u201c im Bezug auf Ihre Corona-Kinderpolitik direkt vorwirft. Auch wenn das Thema Impfung dort nicht explizit aufgegriffen wird, so nimmt der Artikel klar Bezug auf die Haltung und Rahmenbedingungen in der politische Entscheidungen bzgl. unserer Kinder getroffen wurden und leider immer noch werden.<\/em><\/p>\n<p style=\"padding-left: 30px; text-align: justify;\"><em>Hinweisen m\u00f6chte ich an dieser Stelle auf die Mut machenden Video-Stellungnahmen <a href=\"https:\/\/www.youtube.com\/hashtag\/nichtmeinaerztetag\" target=\"_blank\" rel=\"nofollow noopener noreferrer\">#nichtmein\u00e4rztetag<\/a>, die viele von Ihnen \/ Euch sicherlich schon kennen und auf zwei lesenswerte Publikationen: Zum einen die<\/em><\/p>\n<ul>\n<li><em>&nbsp;\u201e<a href=\"https:\/\/www.ebm-netzwerk.de\/de\/veroeffentlichungen\/pdf\/stn-impfen-kinder-20210519.pdf\" target=\"_blank\" rel=\"nofollow noopener noreferrer\">Stellungnahme Deutsches Netzwerk Evidenzbasierte Medizin e.V. (EbM-Netzwerk)<\/a>\u201c vom 19.05.2021; und zum anderen auf den:<\/em><\/li>\n<li><em>Preprint \u201e<a href=\"https:\/\/www.researchgate.net\/publication\/351662151_COVID-19_Impfung_fur_Kinder_und_Jugendliche_Vierzehn_Argumente_fur_einen_rationalen_Weg_in_Deutschland_COVID-19_vaccination_for_children_and_adolescents_Fourteen_arguments_for_a_rational_approach_in_G\" target=\"_blank\" rel=\"nofollow noopener noreferrer\">COVID-19 Impfung f\u00fcr Kinder und Jugendliche? Vierzehn Argumente f\u00fcr einen rationalen Weg in Deutschland<\/a>\u201c von Autoren der Universit\u00e4t Witten\/Herdecke und der Universit\u00e4t des Saarlandes.<\/em><\/li>\n<\/ul>\n<p style=\"padding-left: 30px; text-align: justify;\"><em>Es gibt weitere Petitionen zu diesem Thema, die Ihr ebenfalls zeichnen solltet, sowie die<\/em><\/p>\n<ul>\n<li><em>\u201e<a href=\"https:\/\/www.survio.com\/survey\/d\/L5Y6Q8I9E9U4L1E6E\" target=\"_blank\" rel=\"nofollow noopener noreferrer\">Umfrage zur Impfbereitschaft der Eltern<\/a>\u201c des BundesElternRates,<\/em><\/li>\n<li><em>und das Voting \u201e<a href=\"https:\/\/www.antenne.de\/programm\/aktionen\/voting-wuerdet-ihr-eure-kinder-gegen-corona-impfen-lassen\" target=\"_blank\" rel=\"nofollow noopener noreferrer\">W\u00fcrdet ihr eure Kinder gegen Corona impfen lassen?<\/a>\u201c von Antenne Bayern.<\/em><\/li>\n<\/ul>\n<p style=\"padding-left: 30px; text-align: justify;\"><em>Der enorme Zuspruch f\u00fcr diese Petition (600.000 Unterschriften in nur einer Woche!) zeigt ganz klar auf, welch tiefe Verunsicherung und&nbsp; Misstrauen in der Bev\u00f6lkerung, besonders in der Elternschaft, gegen\u00fcber politischen Forderungen und Entscheidungen besteht, die darauf abzielen unsere Kinder und Jugendlichen gegen Corona zu impfen, oder gar Bedingungen an deren Impfstatus zu kn\u00fcpfen.<\/em><\/p>\n<p style=\"padding-left: 30px; text-align: justify;\"><em><strong>Allein die Schulpflicht, in Verbindung mit verpflichtenden Impfma\u00dfnahmen f\u00fcr den Pr\u00e4senzunterricht, kann zu einer de-facto Impfpflicht f\u00fchren, ohne dass diese jemals direkt als solche ausgesprochen w\u00fcrde.<\/strong><\/em><\/p>\n<p style=\"padding-left: 30px; text-align: justify;\"><em>Diese Petition hat bereits jetzt ein Ziel erreicht, n\u00e4mlich die Sorgen Hunderttausender sichtbar zu machen, und es w\u00e4re notwendig, wenn sich die Politik an dieser Stelle endlich ganz klar und unmissverst\u00e4ndlich positioniert und sich aktiv daf\u00fcr einsetzte, dass es im Zusammenhang mit einer Impfung zu keiner Wiederholung der gegenw\u00e4rtigen Schnelltestpflicht als Voraussetzung f\u00fcr den Schulbesuch kommen wird und auch zuk\u00fcnftig nicht kommen darf! Das Gleiche gilt f\u00fcr jedwede Art von Druckaus\u00fcbung; und ebenso dass wir Eltern das Recht behalten, einer Corona-Impfung nach ausf\u00fchrlicher individueller Aufkl\u00e4rung und Nutzen-Risiko-Abw\u00e4gung entweder zuzustimmen oder diese abzulehnen, ohne dass es dadurch zu irgendeiner Form von Benachteiligung f\u00fcr die Betroffenen kommen darf, sei es beispielsweise im Hinblick auf das Grundrecht auf Bildung oder an sozialer Teilhabe.<\/em><\/p>\n<p style=\"padding-left: 30px; text-align: justify;\"><em>Eine solche Positionierung w\u00e4re in Zeiten, in denen Privilegien f\u00fcr Geimpfte oder<a href=\"https:\/\/www.bundesaerztekammer.de\/presse\/pressemitteilungen\/news-detail\/corona-impfstrategie-fuer-kinder-und-jugendliche-entwickeln\/\" target=\"_blank\" rel=\"nofollow noopener noreferrer\"> Impfstrategien f\u00fcr Kinder und Jugendliche<\/a> gefordert oder bereits <a href=\"https:\/\/www.waz.de\/thema\/coronavirus\/corona-in-nrw-spd-fordert-impfteams-in-schulen-und-kitas-id232245651.html\" target=\"_blank\" rel=\"nofollow noopener noreferrer\">mobile Impfteams in Schulen<\/a> angedacht werden, auch ein wichtiges notwendiges Signal um das verlorene Vertrauen der B\u00fcrger zur\u00fcckzugewinnen.<\/em><\/p>\n<p style=\"padding-left: 30px; text-align: justify;\"><em>Ich w\u00fcnsche mir, dass die Diskussion insgesamt sachlich stattfindet, frei von Diffamierung jedweder Art, differenziert und mit gegenseitigem Respekt. Dies w\u00fcnsche ich mir auch f\u00fcr die \u00dcbergabe der Petition, um die ich mich bem\u00fche.<\/em><\/p>\n<p style=\"padding-left: 30px; text-align: justify;\"><em>In diesem Zusammenhang halte ich es f\u00fcr angebracht, ausdr\u00fccklich darauf hinzuweisen, dass ich pers\u00f6nlich jede Form von Extremismus und Intoleranz ablehne, dass ich weder Corona-Leugner noch grunds\u00e4tzlicher Impfgegner bin, und dass ich mich keiner politischen Partei oder Str\u00f6mung verbunden f\u00fchle. Das einzige, mit dem ich mich vollkommen verbunden f\u00fchle, ist mein Herz, mein Gewissen und die Liebe zu meinen Kindern.<\/em><\/p>\n<p style=\"padding-left: 30px; text-align: justify;\"><em><strong>Noch einmal ein herzliches Dankesch\u00f6n f\u00fcr den gro\u00dfen Zuspruch, f\u00fcrs Teilen und jede geleistete Unterschrift bis zum heutigen Tage! <\/strong>Die Arbeit geht weiter, wir sind noch lange nicht am Ziel.<br \/>\n<span style=\"color: #ffffff;\">.<\/span><br \/>\n<\/em><\/p>\n<\/div>\n<h3 style=\"text-align: center;\"><span style=\"color: #ff0000;\"><strong>Bitte helfen Sie mit durch Unterzeichnung und Verbreitung der Petition eine Millione Unterschriften zu erreichen! Lieben Dank!<\/p>\n<p><img loading=\"lazy\" decoding=\"async\" class=\"image-cropper-nodrag position-absolute-center  \" src=\"https:\/\/assets.change.org\/photos\/9\/nr\/vn\/NynRvnCweXmcvKO-800x450-noPad.jpg?1620563274\" alt=\"\" width=\"499\" height=\"281\"\/><\/p>\n<p><a href=\"https:\/\/www.change.org\/p\/jens-spahn-keine-corona-impfpflicht-f%C3%BCr-kinder?use_react=false\"><span style=\"color: #ff0000;\">ZUR PETITION&#8230;<\/span><\/a><\/strong><\/span><\/h3>\n<p>&nbsp;<\/p>\n<hr class=\"mtl mbm\"\/>\n<\/div>\n<\/div>\n","protected":false},"excerpt":{"rendered":"<p>Bereits mehr als 600.000 Unterschriften in nur einer Woche f\u00fcr die Petition gegen die Corona-Impfung f\u00fcr Kinder und Jugendliche, das ist absoluter Rekord unter allen Petitionen! Nachstehend Update zur Petition vom 20. Mai 2021 des Initiators Johannes Augustin: . Liebe Unterzeichner, an dieser Stelle nun ein weiteres Update. Wie schon zuvor beschrieben, bin ich von [&hellip;]<\/p>\n","protected":false},"author":3,"featured_media":0,"comment_status":"closed","ping_status":"closed","sticky":false,"template":"","format":"standard","meta":{"om_disable_all_campaigns":false,"_monsterinsights_skip_tracking":false,"_monsterinsights_sitenote_active":false,"_monsterinsights_sitenote_note":"","_monsterinsights_sitenote_category":0,"ngg_post_thumbnail":0,"footnotes":""},"categories":[1470],"tags":[1611,1610],"class_list":["post-8061","post","type-post","status-publish","format-standard","hentry","category-corona-krise","tag-johannes-augustin","tag-petition-keine-corona-impflicht-fuer-kinder"],"aioseo_notices":[],"_links":{"self":[{"href":"https:\/\/www.jocelyne-lopez.de\/blog\/wp-json\/wp\/v2\/posts\/8061"}],"collection":[{"href":"https:\/\/www.jocelyne-lopez.de\/blog\/wp-json\/wp\/v2\/posts"}],"about":[{"href":"https:\/\/www.jocelyne-lopez.de\/blog\/wp-json\/wp\/v2\/types\/post"}],"author":[{"embeddable":true,"href":"https:\/\/www.jocelyne-lopez.de\/blog\/wp-json\/wp\/v2\/users\/3"}],"replies":[{"embeddable":true,"href":"https:\/\/www.jocelyne-lopez.de\/blog\/wp-json\/wp\/v2\/comments?post=8061"}],"version-history":[{"count":0,"href":"https:\/\/www.jocelyne-lopez.de\/blog\/wp-json\/wp\/v2\/posts\/8061\/revisions"}],"wp:attachment":[{"href":"https:\/\/www.jocelyne-lopez.de\/blog\/wp-json\/wp\/v2\/media?parent=8061"}],"wp:term":[{"taxonomy":"category","embeddable":true,"href":"https:\/\/www.jocelyne-lopez.de\/blog\/wp-json\/wp\/v2\/categories?post=8061"},{"taxonomy":"post_tag","embeddable":true,"href":"https:\/\/www.jocelyne-lopez.de\/blog\/wp-json\/wp\/v2\/tags?post=8061"}],"curies":[{"name":"wp","href":"https:\/\/api.w.org\/{rel}","templated":true}]}}