{"id":8056,"date":"2021-05-12T16:30:27","date_gmt":"2021-05-12T15:30:27","guid":{"rendered":"https:\/\/www.jocelyne-lopez.de\/blog\/?p=8056"},"modified":"2021-05-12T16:40:15","modified_gmt":"2021-05-12T15:40:15","slug":"stop-keine-impfexperimente-an-kindern-und-jugendlichen","status":"publish","type":"post","link":"https:\/\/www.jocelyne-lopez.de\/blog\/2021\/05\/stop-keine-impfexperimente-an-kindern-und-jugendlichen\/","title":{"rendered":"STOP! Keine Impfexperimente an Kindern und Jugendlichen! #nichtmeinaerztetag"},"content":{"rendered":"\n<p><\/p>\n\n\n<p>Es ist unumstritten, dass Kinder extrem selten an Covid-19 schwer erkranken oder sterben:<\/p>\n<ul>\n<li style=\"text-align: justify;\">Die Covid-Sterberate von Kindern betr\u00e4gt gem\u00e4\u00df <a href=\"https:\/\/scontent-frt3-2.xx.fbcdn.net\/v\/t1.6435-9\/184187858_5477475512294287_6767853440854880809_n.jpg?_nc_cat=110&amp;ccb=1-3&amp;_nc_sid=dbeb18&amp;_nc_ohc=6pu528MQTpgAX8Q7DnI&amp;_nc_ht=scontent-frt3-2.xx&amp;oh=ce7b2253d74a5c636c8ea1380d4d7c6b&amp;oe=60C30F56\">folgender Quelle vom RKI<\/a> &nbsp; <strong>0,01%<\/strong> (Altersgruppe 0-9 Jahre) bzw. <strong>0,001%<\/strong> (Altersgruppe 10-19 Jahre), was 130 bzw. 1300 Todesf\u00e4lle bei 13 Millionen Kindern und Jugendlichen in Deutschland bedeuten w\u00fcrde.\n<div class=\"o9v6fnle cxmmr5t8 oygrvhab hcukyx3x c1et5uql\">\n<div dir=\"auto\">Im Vergleich mit der Grippe (wobei Kinder&nbsp; nicht gegen Grippe geimpft werden):<\/div>\n<\/div>\n<div class=\"o9v6fnle cxmmr5t8 oygrvhab hcukyx3x c1et5uql\">\n<div dir=\"auto\" style=\"text-align: justify;\">\u2013 Anzahl der an Influenza verstorbenen Kinder in der Influenza-Saison 2017\/18: 187<\/div>\n<div dir=\"auto\">\u2013 Anzahl der an Covid-19 verstorbenen Kinder seit Januar 2020: 19 (alle mit Vorerkrankungen)<br \/>.<\/div>\n<\/div>\n<\/li>\n<li style=\"text-align: justify;\">Dagegen betr\u00e4gt die Sterberate von Kindern in der Altersgruppe 0-17 Jahre in den USA nach experimentellen Covid-Impfungen gem\u00e4\u00df <a href=\"https:\/\/scontent-frt3-2.xx.fbcdn.net\/v\/t1.6435-9\/184306947_5478179188890586_3326346162870017207_n.jpg?_nc_cat=101&amp;ccb=1-3&amp;_nc_sid=dbeb18&amp;_nc_ohc=TxDgIW6__YUAX9-9bVe&amp;_nc_ht=scontent-frt3-2.xx&amp;oh=36ee78322593d666dc8fa21bde4c1f67&amp;oe=60C3523E\">folgenden Statistiken <\/a>der US-Gesundheitsbeh\u00f6rde CDC <strong>0,2%<\/strong>, was bei 13 Millionen Kindern und Jugendlichen in Deutschland 26.000 Todesf\u00e4lle bedeuten w\u00fcrde!<\/li>\n<\/ul>\n<p style=\"text-align: justify;\"><strong>Das w\u00e4ren 26.000 Todesf\u00e4lle durch die Impfung im Verh\u00e4ltnis zu 130 bzw. 1300 Todesf\u00e4lle durch die Krankheit selbst!<\/strong><\/p>\n<p style=\"text-align: justify;\">Das ist der reinste Wahnsinn. Das ist nicht nur der reinste Wahnsinn, das w\u00e4re hochgradig kriminell, das w\u00e4re Mord, das w\u00e4re ein Verbrechen gegen die Menschlichkeit durch die Regierung! Denn Eltern k\u00f6nnten u.U. bei einem statistischen Sterberisiko von 0,2% auf Gl\u00fcck hoffen, nach dem Motto: <em>Das wird <strong>mein Kind<\/strong> nicht erwischen!<\/em> Die Regierung aber k\u00f6nnte hierbei nicht auf Gl\u00fcck hoffen: bei einem statistischen Sterberisiko von 0,2% w\u00fcrden zwangsl\u00e4ufig 26.000 Kinder sterben, die Regierung w\u00fcrde vors\u00e4tzlich 26.000 Leben der Pharma-Industrie opfern.<\/p>\n<p style=\"text-align: justify;\">Das w\u00e4re kriminell, das w\u00e4re mafi\u00f6s, das w\u00e4re ein Verbrechen gegen die Menschlichkeit, das vor einem internationalen Tribunal geh\u00f6ren w\u00fcrde, mit oder ohne Impfpflicht. Denn alleine eine N\u00f6tigung der Eltern zu einer experimentellen Kinder-Impfung &#8211; zum Beispiel durch Entzug der Bildung, wie diese kriminellen, durch und durch korrupten und verachtenswerten \u00c4rzte bei dem j\u00fcngsten \u00c4rztetag es fordern &#8211; verst\u00f6\u00dft eindeutig gegen den <a href=\"https:\/\/dg-pflegewissenschaft.de\/wp-content\/uploads\/2017\/05\/NuernbergKodex.pdf\">N\u00fcrnberger Kodex<\/a> (1947):<\/p>\n<p style=\"padding-left: 30px; text-align: justify;\"><em>[&#8230;] 1. \u201eDie freiwillige Zustimmung der Versuchsperson ist unbedingt erforderlich, dass hei\u00dft, dass sie in der Lage sein muss, unbeeinflusst durch Gewalt, Betrug, List, Druck, Vort\u00e4uschung oder irgendeine andere Form der \u00dcberredung oder des Zwanges ihre Einwilligung zu geben [&#8230;]<br \/>5. Kein Versuch darf durchgef\u00fchrt werden, wenn von vornherein mit Fug angenommen werden kann, dass es zum Tod oder einem dauernden Schaden f\u00fchren wird \u201e [&#8230;]<br \/><\/em><\/p>\n<p style=\"text-align: justify;\">Siehe zum Beispiel <a href=\"https:\/\/uniclub.aau.at\/corona-impfung-als-verletzung-des-nuernberger-kodex\/?fbclid=IwAR2eCbfNLezh1p9ECwUaRevfeTpW0Qc8yCOfDtRQ3BcDE2h40JJtWWyFv3Y\">eine Berichtserstattung<\/a> \u00fcber eine von dem Internationalen Strafgerichtshof in Den Haag angenommene Klage wegen Verletzung des N\u00fcrnberger Kodex \u2013 die Entscheidung dar\u00fcber steht nun aus.<\/p>\n<p>&nbsp;<\/p>\n<div class=\"\" data-block=\"true\" data-editor=\"6pf9g\" data-offset-key=\"9f63n-0-0\">\n<div class=\"_1mf _1mj\" style=\"text-align: justify;\" data-offset-key=\"9f63n-0-0\"><span data-offset-key=\"9f63n-0-0\">Das Risiko einer Impfung f\u00fcr Kinder und Jugendliche ist also gr\u00f6\u00dfer als das <\/span><span spellcheck=\"false\" data-offset-key=\"9f63n-1-0\"><span data-offset-key=\"9f63n-1-0\">Risiko<\/span><\/span><span data-offset-key=\"9f63n-2-0\"><span data-offset-key=\"9f63n-2-0\"> einer Covid-Erkrankung! Siehe auch die Daten und die Analyse der Statistiken der Covid-Sterblichkeit f\u00fcr Kinder durch die Deutsche Gesellschaft f\u00fcr P\u00e4diatrische Infektiologie und die Deutsche Gesellschaft f\u00fcr Krankenhaushygiene vom 21.4.21:<\/span><\/span><\/div>\n<div data-offset-key=\"9f63n-0-0\">&nbsp;<\/div>\n<div class=\"_1mf _1mj\" style=\"text-align: justify; padding-left: 30px;\" data-offset-key=\"9f63n-0-0\"><a href=\"https:\/\/www.freitag.de\/autoren\/fro\/hurra-bald-auch-mrna-impfstoff-fuer-babys\">Bald auch mRNA Impfstoffe f\u00fcr Babys! &#8211; Hurra?<\/a><\/div>\n<\/div>\n<div class=\"\" data-block=\"true\" data-editor=\"6pf9g\" data-offset-key=\"dt1kq-0-0\">\n<div class=\"_1mf _1mj\" data-offset-key=\"dt1kq-0-0\"><span data-offset-key=\"dt1kq-0-0\">&nbsp;<\/span><\/div>\n<\/div>\n<div class=\"\" data-block=\"true\" data-editor=\"6pf9g\" data-offset-key=\"6dt9l-0-0\">\n<div class=\"_1mf _1mj\" style=\"text-align: justify; padding-left: 30px;\" data-offset-key=\"6dt9l-0-0\"><em>&nbsp;[&#8230;] &#8222;F\u00fcr Kinder und Jugendliche besteht also nur ein \u00e4u\u00dferst geringes Risiko schwer an Covid-19 zu erkranken oder gar zu sterben. Eine Grippe ist f\u00fcr diese Gruppe gef\u00e4hrlicher.<\/em><\/div>\n<\/div>\n<div class=\"\" style=\"text-align: justify; padding-left: 30px;\" data-block=\"true\" data-editor=\"6pf9g\" data-offset-key=\"1gg68-0-0\">\n<div class=\"_1mf _1mj\" style=\"padding-left: 30px;\" data-offset-key=\"1gg68-0-0\"><em>&nbsp;<\/em><\/div>\n<\/div>\n<div class=\"\" style=\"text-align: justify; padding-left: 30px;\" data-block=\"true\" data-editor=\"6pf9g\" data-offset-key=\"7viuk-0-0\">\n<div class=\"_1mf _1mj\" data-offset-key=\"7viuk-0-0\"><em>Wie hoch k\u00f6nnte dagegen das Risiko einer Impfung f\u00fcr Kinder und Jugendliche sein?<\/em><\/div>\n<\/div>\n<div class=\"\" style=\"text-align: justify; padding-left: 30px;\" data-block=\"true\" data-editor=\"6pf9g\" data-offset-key=\"2eit0-0-0\">\n<div class=\"_1mf _1mj\" style=\"padding-left: 30px;\" data-offset-key=\"2eit0-0-0\"><em>&nbsp;<\/em><\/div>\n<\/div>\n<div class=\"\" style=\"text-align: justify; padding-left: 30px;\" data-block=\"true\" data-editor=\"6pf9g\" data-offset-key=\"49gpk-0-0\">\n<div class=\"_1mf _1mj\" data-offset-key=\"95dkj-0-0\"><em>Der Impfstoff f\u00fcr Kinder und Jugendliche von Biontech ist ebenfalls ein genbasierter mRNA-Impfstoff &#8211; f\u00fcr den noch keine Langzeitstudien vorliegen! Vermutlich der gleiche, der auch den Erwachsenen verimpft wird \u2013 nur anders dosiert. [&#8230;]<\/em><\/div>\n<\/div>\n<div class=\"\" style=\"text-align: justify; padding-left: 30px;\" data-block=\"true\" data-editor=\"6pf9g\" data-offset-key=\"emrql-0-0\">\n<div class=\"_1mf _1mj\" data-offset-key=\"emrql-0-0\"><em><br \/>Fazit:<\/em><\/div>\n<\/div>\n<div class=\"\" style=\"text-align: justify; padding-left: 30px;\" data-block=\"true\" data-editor=\"6pf9g\" data-offset-key=\"g43a-0-0\">\n<div class=\"_1mf _1mj\" data-offset-key=\"g43a-0-0\"><em>Das Risiko f\u00fcr Kinder und Jugendliche an einer SARS-CoV-2-Infektion schwer zu erkranken = 0,009%<\/em><\/div>\n<\/div>\n<div class=\"\" style=\"text-align: justify; padding-left: 30px;\" data-block=\"true\" data-editor=\"6pf9g\" data-offset-key=\"432hb-0-0\">\n<div class=\"_1mf _1mj\" style=\"padding-left: 30px;\" data-offset-key=\"432hb-0-0\"><em>&nbsp;<\/em><\/div>\n<\/div>\n<div class=\"\" style=\"text-align: justify; padding-left: 30px;\" data-block=\"true\" data-editor=\"6pf9g\" data-offset-key=\"711d1-0-0\">\n<div class=\"_1mf _1mj\" data-offset-key=\"711d1-0-0\"><em>Das m\u00f6gliche Risiko von schweren Impf-Sch\u00e4den, die in einem Krankenhaus behandelt werden m\u00fcssten: 0.017%<\/em><\/div>\n<\/div>\n<div class=\"\" style=\"text-align: justify; padding-left: 30px;\" data-block=\"true\" data-editor=\"6pf9g\" data-offset-key=\"btioq-0-0\">\n<div class=\"_1mf _1mj\" style=\"padding-left: 30px;\" data-offset-key=\"btioq-0-0\"><em>&nbsp;<\/em><\/div>\n<\/div>\n<div class=\"\" style=\"text-align: justify; padding-left: 30px;\" data-block=\"true\" data-editor=\"6pf9g\" data-offset-key=\"cekr2-0-0\">\n<div class=\"_1mf _1mj\" data-offset-key=\"cekr2-0-0\"><em>Das Risiko f\u00fcr Kinder und Jugendliche an einer SARS-CoV-2-Infektion zu sterben = 0.000028%<\/em><\/div>\n<\/div>\n<div class=\"\" style=\"text-align: justify; padding-left: 30px;\" data-block=\"true\" data-editor=\"6pf9g\" data-offset-key=\"drake-0-0\">\n<div class=\"_1mf _1mj\" style=\"padding-left: 30px;\" data-offset-key=\"drake-0-0\"><em>&nbsp;<\/em><\/div>\n<\/div>\n<div class=\"\" style=\"text-align: justify; padding-left: 30px;\" data-block=\"true\" data-editor=\"6pf9g\" data-offset-key=\"d3rd-0-0\">\n<div class=\"_1mf _1mj\" data-offset-key=\"d3rd-0-0\"><em>Das m\u00f6gliche Risiko an den Folgen einer Impfung zu sterben: 0,0031%<\/em><\/div>\n<\/div>\n<div class=\"\" style=\"text-align: justify; padding-left: 30px;\" data-block=\"true\" data-editor=\"6pf9g\" data-offset-key=\"jgpl-0-0\">\n<div class=\"_1mf _1mj\" style=\"padding-left: 30px;\" data-offset-key=\"jgpl-0-0\"><em>&nbsp;<\/em><\/div>\n<\/div>\n<div class=\"\" style=\"text-align: justify; padding-left: 30px;\" data-block=\"true\" data-editor=\"6pf9g\" data-offset-key=\"72dg6-0-0\">\n<div class=\"_1mf _1mj\" data-offset-key=\"72dg6-0-0\"><em>Das Risiko einer Impfung ist f\u00fcr Kinder und Jugendliche (h\u00f6chstwahrscheinlich) gr\u00f6\u00dfer als das Risiko einer SARS-CoV-2- Infektion.<\/em><\/div>\n<\/div>\n<div class=\"\" style=\"text-align: justify; padding-left: 30px;\" data-block=\"true\" data-editor=\"6pf9g\" data-offset-key=\"974v5-0-0\">\n<div class=\"_1mf _1mj\" style=\"padding-left: 30px;\" data-offset-key=\"974v5-0-0\"><em>&nbsp;<\/em><\/div>\n<\/div>\n<div class=\"\" style=\"padding-left: 30px;\" data-block=\"true\" data-editor=\"6pf9g\" data-offset-key=\"djafm-0-0\">\n<div class=\"_1mf _1mj\" style=\"text-align: justify;\" data-offset-key=\"djafm-0-0\"><span data-offset-key=\"djafm-0-0\"><em>Dabei sind noch nicht einmal die m\u00f6glichen unbekannten Langzeitrisiken ber\u00fccksichtigt, die bisher noch gar nicht erforscht werden konnten.&#8220;<\/em> <br \/><\/span><\/div>\n<\/div>\n<div class=\"\" data-block=\"true\" data-editor=\"6pf9g\" data-offset-key=\"cj0pu-0-0\">\n<div class=\"_1mf _1mj\" data-offset-key=\"cj0pu-0-0\"><span data-offset-key=\"cj0pu-0-0\">&nbsp;<\/span><\/div>\n<\/div>\n<div class=\"\" data-block=\"true\" data-editor=\"6pf9g\" data-offset-key=\"b0a3-0-0\">\n<div class=\"_1mf _1mj\" style=\"text-align: justify;\" data-offset-key=\"b0a3-0-0\"><span class=\"_247o\" style=\"color: #ffffff;\" spellcheck=\"false\" data-offset-key=\"b0a3-0-0\"><span class=\"_247o\" spellcheck=\"false\" data-offset-key=\"b0a3-0-0\">.<\/span><\/span><\/div>\n<div class=\"_1mf _1mj\" style=\"text-align: justify;\" data-offset-key=\"b0a3-0-0\"><span class=\"_247o\" spellcheck=\"false\" data-offset-key=\"b0a3-0-0\"><span class=\"_247o\" spellcheck=\"false\" data-offset-key=\"b0a3-0-0\"><span data-offset-key=\"b0a3-0-0\">Auch das Online-Magazin Multipolar thematisiert dieses \u00e4u\u00dferst wichtige Sachverhalt in einem ausf\u00fchrlichem Artikel, siehe:<br \/><\/span><\/span><\/span>\n<p style=\"padding-left: 30px;\"><a href=\"https:\/\/multipolar-magazin.de\/artikel\/kinder-impfen?fbclid=IwAR1VGKtGvi5I-9-6JKBVDYgzqfk3wTKlyrDNETFgi-SjhW33Ya3ckNWE_sw\">Kinder impfen?<\/a><\/p>\n<div class=\"highlight-teaser\">\n<p style=\"padding-left: 30px; text-align: justify;\"><em><strong>Die Stimmen h\u00e4ufen sich, nun auch rasch die junge Generation mit einem Impfstoff gegen Covid-19 zu sch\u00fctzen. Diese d\u00fcrften nicht l\u00e4nger benachteiligt werden. Die Politik scheint fest dazu entschlossen, die \u00fcblichen Pr\u00fcfverfahren sind offenbar nur noch eine Formalie. Viele Fachleute widersprechen dem Vorhaben allerdings energisch \u2013 mit guten Argumenten. Denn bei dieser Entscheidung wird eine rote Linie \u00fcberschritten.<br \/><\/strong>[&#8230;]<br \/>\u201eDie relativ geringe Inzidenz von COVID-19 in der allgemeinen Kinderpopulation, die ungew\u00f6hnliche Manifestation mit multisystemischem Entz\u00fcndungssyndrom bei \u00e4lteren Kindern und Jugendlichen und das Fehlen epidemiologischer Daten, die auf Kinder bei der \u00dcbertragung von SARS-CoV-2 hindeuten, stellen wichtige immunologische, ethische und wirtschaftliche Probleme dar, die vor dem Einsatz eines COVID-19-Impfstoffs bei Kindern sorgf\u00e4ltig gepr\u00fcft werden m\u00fcssen. [&#8230;]<br \/><\/em><br \/><em>Die derzeit f\u00fcr den Notfalleinsatz zugelassenen, genehmigten oder in der Entwicklung befindlichen Impfstoffe weisen kein Sicherheits- oder Immunogenit\u00e4tsprofil bei Kindern auf. In Ermangelung eines besseren Verst\u00e4ndnisses der Entwicklung dieser Erkrankung k\u00f6nnte die Verwendung des gleichen Ansatzes zur Verabreichung von Impfstoffen wie bei Erwachsenen die H\u00e4ufigkeit dieser hyperinflammatorischen Erkrankung verschlimmern. [&#8230;]<br \/><\/em><br \/><em>Aus ethischer Sicht besteht eine Abw\u00e4gung zwischen Risiko und Nutzen, wenn Kindern ein COVID-19-Impfstoff angeboten wird, der nur einen minimalen oder gar keinen direkten Nutzen f\u00fcr den Empf\u00e4nger, keinen Nutzen f\u00fcr die \u00d6ffentlichkeit und noch unbekannte mittel- und langfristige Risiken f\u00fcr den Empf\u00e4nger bietet.<br \/>[&#8230;]<\/em><\/p>\n<p style=\"padding-left: 30px;\"><em>Christian Drosten hatte k\u00fcrzlich im NDR-Podcast auf die Frage nach dem gerade erw\u00e4hnten multisystemischen Entz\u00fcndungssyndrom bei Kindern noch zu bedenken gegeben: &#8222;\u201eAlso da gibt es jetzt gerade einen relativ aktuellen Kommentar in &#8218;Lancet Infectious Diseases&#8216;, in einem der &#8218;Lancet&#8216;-Journals. Das Ganze argumentiert [&#8230;] in die Richtung, dass man Kinder nicht impfen soll. Ein Argument, das da gemacht wird, ist, dass diese Multisystementz\u00fcndungserkrankung nach der Infektion ja immunologisch vermittelt ist. Das ist also nicht das Virus selber, sondern die Immunreaktion auf das Virus. Und so eine gleichgeartete Immunreaktion k\u00f6nnte ja auch durch die Impfung ausgel\u00f6st werden, wenn man jetzt anf\u00e4ngt, Kinder in breitem Ma\u00dfe zu impfen. Das l\u00e4sst sich so auch nicht von der Hand weisen.&#8220;[&#8230;]<\/em><\/p>\n<div class=\"o9v6fnle cxmmr5t8 oygrvhab hcukyx3x c1et5uql\">\n<div dir=\"auto\" style=\"text-align: justify;\">\n<div class=\"o9v6fnle cxmmr5t8 oygrvhab hcukyx3x c1et5uql\">\n<div dir=\"auto\" style=\"padding-left: 30px;\"><a href=\"https:\/\/multipolar-magazin.de\/artikel\/kinder-impfen?fbclid=IwAR05sF3dmE04_VdG6HdiYU2Ts5ovUp8r7nV_sFV8YhdTQeg7ZGexo_cNNe8\">Den ganzen Artikel lesen&#8230;<\/a><\/div>\n<\/div>\n<\/div>\n<\/div>\n<\/div>\n<p><span class=\"_247o\" spellcheck=\"false\" data-offset-key=\"b0a3-0-0\"><span data-offset-key=\"b0a3-0-0\">&nbsp;<\/span><\/span><\/p>\n<div class=\"o9v6fnle cxmmr5t8 oygrvhab hcukyx3x c1et5uql\">\n<div dir=\"auto\">Die Pharmaindustrie und die &#8222;\u00c4rzte&#8220; vom \u00c4rztetag, die Massenimpfungen f\u00fcr Kinder vorsehen, wollen also kerngesunde Kinder und Jugendtliche der Gefahr des Todes oder einer schweren autoimmunen Erkrankung aussetzen, wobei sie wohlgemerkt wissen, dass es sich hier&nbsp; um eine Impfung gegen eine Erkrankung, die f\u00fcr diese Gruppe v\u00f6llig harmlos ist. Von der Pharmaindustrie wundert es nicht, es geht ihr ja ohnehin nur um Profit, das ist schon klar. Aber was sind es denn f\u00fcr &#8222;\u00c4rtze&#8220;! Ist es Inkompetenz, ist es Korruption, ist es Hysterie, ist es Zynismus?<\/div>\n<div dir=\"auto\">\n<p>&nbsp;<\/p>\n<p>Gl\u00fccklicherweise stehen echte \u00c4rtze gegen dieses geplanten Verbrechen auf, wie zum Beispiel die \u00c4rzte aus der Initiative <em>\u00c4rzte f\u00fcr individuelle Impfentscheidung eV<\/em><a class=\"yt-simple-endpoint style-scope yt-formatted-string\" dir=\"auto\" spellcheck=\"false\" href=\"https:\/\/www.youtube.com\/channel\/UCYSVcf8Cx3cQwGg1d3J8hBg\">,<\/a> die mit einer Video-Aktion&nbsp; gegen diese erschreckende Forderung des \u00c4rtzetags auf sch\u00e4rfsten protestieren, siehe nachstehend (zurzeit bereits 21 Videos):<\/p>\n<h3 style=\"text-align: center;\"><a href=\"https:\/\/www.youtube.com\/channel\/UCYSVcf8Cx3cQwGg1d3J8hBg\/videos\">#nichtmeinaerztetag<\/a><\/h3>\n<p style=\"padding-left: 30px;\"><img loading=\"lazy\" decoding=\"async\" class=\"alignnone \" src=\"https:\/\/www.jocelyne-lopez.de\/blog\/wp-content\/uploads\/2021\/05\/bildschirmausdruck-nichtmeinaerztetag.jpg\" width=\"489\" height=\"395\"\/><\/p>\n<\/div>\n<div class=\"style-scope ytd-thumbnail\" style=\"text-align: center;\"><span style=\"color: #ffffff;\">.<\/span><\/div>\n<div class=\"style-scope ytd-thumbnail\" style=\"text-align: center;\">zum Beispiel den Beitrag von Dr. med. Steffen Rabe, Mitglied des Vorstandes des Vereins<a class=\"yt-simple-endpoint style-scope yt-formatted-string\" dir=\"auto\" spellcheck=\"false\" href=\"https:\/\/www.youtube.com\/channel\/UCYSVcf8Cx3cQwGg1d3J8hBg\">&nbsp;\u00c4rzte f\u00fcr individuelle Impfentscheidung eV<\/a><br \/><strong>HALT! Finger weg von den Menschenrechten der Kinder und Familien!<\/strong><\/div>\n<\/div>\n<\/div>\n<\/div>\n<p style=\"padding-left: 60px;\"><iframe loading=\"lazy\" title=\"YouTube video player\" src=\"https:\/\/www.youtube.com\/embed\/Way5y6j3dyY\" allowfullscreen=\"allowfullscreen\" width=\"424\" height=\"238\" frameborder=\"0\"><\/iframe><\/p>","protected":false},"excerpt":{"rendered":"<p>Es ist unumstritten, dass Kinder extrem selten an Covid-19 schwer erkranken oder sterben: Die Covid-Sterberate von Kindern betr\u00e4gt gem\u00e4\u00df folgender Quelle vom RKI &nbsp; 0,01% (Altersgruppe 0-9 Jahre) bzw. 0,001% (Altersgruppe 10-19 Jahre), was 130 bzw. 1300 Todesf\u00e4lle bei 13 Millionen Kindern und Jugendlichen in Deutschland bedeuten w\u00fcrde. Im Vergleich mit der Grippe (wobei Kinder&nbsp; [&hellip;]<\/p>\n","protected":false},"author":3,"featured_media":0,"comment_status":"closed","ping_status":"closed","sticky":false,"template":"","format":"standard","meta":{"om_disable_all_campaigns":false,"_monsterinsights_skip_tracking":false,"_monsterinsights_sitenote_active":false,"_monsterinsights_sitenote_note":"","_monsterinsights_sitenote_category":0,"ngg_post_thumbnail":0,"footnotes":""},"categories":[1470],"tags":[1606,1607,1598],"class_list":["post-8056","post","type-post","status-publish","format-standard","hentry","category-corona-krise","tag-nichtmeinaerztetag","tag-aerzte-fuer-individuelle-impfentscheidung-ev","tag-dr-med-steffen-rabe"],"aioseo_notices":[],"_links":{"self":[{"href":"https:\/\/www.jocelyne-lopez.de\/blog\/wp-json\/wp\/v2\/posts\/8056"}],"collection":[{"href":"https:\/\/www.jocelyne-lopez.de\/blog\/wp-json\/wp\/v2\/posts"}],"about":[{"href":"https:\/\/www.jocelyne-lopez.de\/blog\/wp-json\/wp\/v2\/types\/post"}],"author":[{"embeddable":true,"href":"https:\/\/www.jocelyne-lopez.de\/blog\/wp-json\/wp\/v2\/users\/3"}],"replies":[{"embeddable":true,"href":"https:\/\/www.jocelyne-lopez.de\/blog\/wp-json\/wp\/v2\/comments?post=8056"}],"version-history":[{"count":0,"href":"https:\/\/www.jocelyne-lopez.de\/blog\/wp-json\/wp\/v2\/posts\/8056\/revisions"}],"wp:attachment":[{"href":"https:\/\/www.jocelyne-lopez.de\/blog\/wp-json\/wp\/v2\/media?parent=8056"}],"wp:term":[{"taxonomy":"category","embeddable":true,"href":"https:\/\/www.jocelyne-lopez.de\/blog\/wp-json\/wp\/v2\/categories?post=8056"},{"taxonomy":"post_tag","embeddable":true,"href":"https:\/\/www.jocelyne-lopez.de\/blog\/wp-json\/wp\/v2\/tags?post=8056"}],"curies":[{"name":"wp","href":"https:\/\/api.w.org\/{rel}","templated":true}]}}