{"id":8053,"date":"2021-05-11T10:54:00","date_gmt":"2021-05-11T09:54:00","guid":{"rendered":"https:\/\/www.jocelyne-lopez.de\/blog\/?p=8053"},"modified":"2021-05-11T10:54:01","modified_gmt":"2021-05-11T09:54:01","slug":"die-regierung-entlarvt-ihre-eigenen-luegen","status":"publish","type":"post","link":"https:\/\/www.jocelyne-lopez.de\/blog\/2021\/05\/die-regierung-entlarvt-ihre-eigenen-luegen\/","title":{"rendered":"Die Regierung entlarvt ihre eigenen L\u00fcgen&#8230;"},"content":{"rendered":"<p style=\"text-align: justify;\">Siehe ein offizielles Zugest\u00e4ndnis der Regierung, hervorgehoben vom Portal <em>Achgut.com:<\/em>&nbsp;<\/p>\n<h3 style=\"padding-left: 30px;\"><a href=\"https:\/\/www.achgut.com\/artikel\/gesundheitsministerium_blaest_corona_panik_ab_und_keiner_hats_gemerkt\">Gesundheitsministerium bl\u00e4st Corona-Panik ab \u2013 und keiner hat\u2019s gemerkt<\/a><\/h3>\n<p style=\"padding-left: 30px; text-align: justify;\"><em>&#8222;Manchmal ist es \u00e4u\u00dferst erhellend die Pressemitteilungen&nbsp;auf der Seite des Bundesgesundheitsministeriums zu lesen. Beispielsweise die vom&nbsp;vom 30. April 2021 (<a href=\"https:\/\/www.bundesgesundheitsministerium.de\/presse\/pressemitteilungen\/2021\/2-quartal\/corona-gutachten-beirat-bmg.html\">\u201eCorona-Gutachten des Beirats des BMG\u201c<\/a>).<\/em><\/p>\n<p style=\"padding-left: 30px; text-align: justify;\"><em>Es sage also bitte keiner, man habe es nicht gewusst:<\/em><\/p>\n<p style=\"padding-left: 60px; text-align: justify;\"><em>\u201eDie Analyse der Leistungsdaten aller deutschen Krankenh\u00e4user zeigt, dass [&#8230;] die station\u00e4re Versorgung in Deutschland im ersten Pandemiejahr 2020 fl\u00e4chendeckend gew\u00e4hrleistet werden konnte. Nach einem R\u00fcckgang der Krankenhausf\u00e4lle im Fr\u00fchjahr um&nbsp;ca.&nbsp;30 Prozent, wurden auf Jahressicht im Bereich der allgemeinen Krankenh\u00e4user 13 Prozent und im Bereich der psychiatrischen Kliniken 11 Prozent weniger F\u00e4lle als im Vorjahr versorgt. Im Jahresdurchschnitt waren vier Prozent aller Intensivbetten mit Corona-Patientinnen und -Patienten belegt. [&#8230;] Die Mitglieder des Beirats betonten, dass die Pandemie zu keinem Zeitpunkt die station\u00e4re Versorgung an ihre Grenzen gebracht hat.\u201c<\/em><\/p>\n<p><em><br \/>\n<\/em><em><\/em><\/p>\n<h5 style=\"padding-left: 30px;\"><img loading=\"lazy\" decoding=\"async\" class=\"alignnone \" src=\"https:\/\/www.jocelyne-lopez.de\/blog\/wp-content\/uploads\/2021\/05\/Bildschirmausdruck-achgut-keineUeberlastung.jpg\" width=\"453\" height=\"177\"\/><br \/>\n&nbsp;&nbsp;&nbsp;&nbsp;&nbsp;&nbsp;&nbsp;&nbsp;&nbsp;&nbsp;&nbsp;&nbsp;&nbsp;&nbsp;&nbsp;&nbsp;&nbsp;&nbsp;&nbsp;&nbsp;&nbsp;&nbsp;&nbsp;&nbsp;&nbsp;&nbsp;&nbsp;&nbsp; Bildschirmausdruck Achgut.com<\/h5>\n","protected":false},"excerpt":{"rendered":"<p>Siehe ein offizielles Zugest\u00e4ndnis der Regierung, hervorgehoben vom Portal Achgut.com:&nbsp; Gesundheitsministerium bl\u00e4st Corona-Panik ab \u2013 und keiner hat\u2019s gemerkt &#8222;Manchmal ist es \u00e4u\u00dferst erhellend die Pressemitteilungen&nbsp;auf der Seite des Bundesgesundheitsministeriums zu lesen. Beispielsweise die vom&nbsp;vom 30. April 2021 (\u201eCorona-Gutachten des Beirats des BMG\u201c). Es sage also bitte keiner, man habe es nicht gewusst: \u201eDie Analyse [&hellip;]<\/p>\n","protected":false},"author":3,"featured_media":0,"comment_status":"closed","ping_status":"closed","sticky":false,"template":"","format":"standard","meta":{"om_disable_all_campaigns":false,"_monsterinsights_skip_tracking":false,"_monsterinsights_sitenote_active":false,"_monsterinsights_sitenote_note":"","_monsterinsights_sitenote_category":0,"ngg_post_thumbnail":0,"footnotes":""},"categories":[1470],"tags":[],"class_list":["post-8053","post","type-post","status-publish","format-standard","hentry","category-corona-krise"],"aioseo_notices":[],"_links":{"self":[{"href":"https:\/\/www.jocelyne-lopez.de\/blog\/wp-json\/wp\/v2\/posts\/8053"}],"collection":[{"href":"https:\/\/www.jocelyne-lopez.de\/blog\/wp-json\/wp\/v2\/posts"}],"about":[{"href":"https:\/\/www.jocelyne-lopez.de\/blog\/wp-json\/wp\/v2\/types\/post"}],"author":[{"embeddable":true,"href":"https:\/\/www.jocelyne-lopez.de\/blog\/wp-json\/wp\/v2\/users\/3"}],"replies":[{"embeddable":true,"href":"https:\/\/www.jocelyne-lopez.de\/blog\/wp-json\/wp\/v2\/comments?post=8053"}],"version-history":[{"count":0,"href":"https:\/\/www.jocelyne-lopez.de\/blog\/wp-json\/wp\/v2\/posts\/8053\/revisions"}],"wp:attachment":[{"href":"https:\/\/www.jocelyne-lopez.de\/blog\/wp-json\/wp\/v2\/media?parent=8053"}],"wp:term":[{"taxonomy":"category","embeddable":true,"href":"https:\/\/www.jocelyne-lopez.de\/blog\/wp-json\/wp\/v2\/categories?post=8053"},{"taxonomy":"post_tag","embeddable":true,"href":"https:\/\/www.jocelyne-lopez.de\/blog\/wp-json\/wp\/v2\/tags?post=8053"}],"curies":[{"name":"wp","href":"https:\/\/api.w.org\/{rel}","templated":true}]}}