{"id":8049,"date":"2021-05-04T09:24:37","date_gmt":"2021-05-04T08:24:37","guid":{"rendered":"https:\/\/www.jocelyne-lopez.de\/blog\/?p=8049"},"modified":"2021-05-04T09:25:19","modified_gmt":"2021-05-04T08:25:19","slug":"beschluss-aus-karlsruhe-stuetzt-sensationsurteil-aus-weimar-rechtsbeugungsvorwurf-ohne-grundlage","status":"publish","type":"post","link":"https:\/\/www.jocelyne-lopez.de\/blog\/2021\/05\/beschluss-aus-karlsruhe-stuetzt-sensationsurteil-aus-weimar-rechtsbeugungsvorwurf-ohne-grundlage\/","title":{"rendered":"Beschluss aus Karlsruhe st\u00fctzt Sensationsurteil aus Weimar, Rechtsbeugungsvorwurf ohne Grundlage"},"content":{"rendered":"<p>Die besch\u00e4mende und erschreckende Verfolgung eines&nbsp; Familienrichters in Sachen Maskenpflicht f\u00fcr Kinder wurde gl\u00fccklicherweise als rechtswidrig geurteilt:<\/p>\n<p class=\"tdb-title-text\" style=\"padding-left: 30px;\"><a href=\"https:\/\/2020news.de\/beschluss-aus-karlsruhe-stuetzt-sensationsurteil-aus-weimar-rechtsbeugungsvorwurf-gegen-richter-ohne-grundlage\/\">Beschluss aus Karlsruhe st\u00fctzt Sensationsurteil aus Weimar, Rechtsbeugungsvorwurf ohne Grundlage<\/a><\/p>\n<p style=\"padding-left: 30px; text-align: justify;\"><em>&#8222;Der Senat f\u00fcr Familiensachen am Oberlandesgericht Karlsruhe hat einen <a href=\"https:\/\/2020news.de\/wp-content\/uploads\/2021\/05\/Beschluss-des-Oberlandesgericht-Karlsruhe-vom-28.04.2021_online_2.pdf\">Beschluss (AZ 20 WF 70\/21)<\/a> gefa\u00dft, der aufzeigt, dass der Rechtsbeugungs-vorwurf gegen\u00fcber dem Weimarer Familienrichter Christian Dettmar ohne Rechtsgrundlage erhoben worden ist.<br \/>[&#8230;]<\/em><br \/><em>Der Beschluss zeigt, dass die Rechtsauffassung des Weimarer Richters Christian Dettmar rechtlich zutreffend ist. Er hatte den als <a href=\"https:\/\/2020news.de\/sensationsurteil-aus-weimar-keine-masken-kein-abstand-keine-tests-mehr-fuer-schueler\/\">Sensationsurteil<\/a> bekannt gewordenen Beschluss gefasst, dass es zwei Weimarer Schulen mit sofortiger Wirkung verboten sei, den Sch\u00fclerinnen und Sch\u00fcler vorzuschreiben, Mund-Nasen-Bedeckungen aller Art (insbesondere qualifizierte Masken wie FFP2-Masken) zu tragen, AHA-Mindestabst\u00e4nde einzuhalten und\/oder an SARS-CoV-2-Schnelltests teilzunehmen. Zugleich so Richter Dettmar, sei der Pr\u00e4senzunterricht aufrechtzuerhalten.<\/em><\/p>\n<p style=\"padding-left: 30px; text-align: justify;\"><em>Der Beschluss von Richter Dettmar ist \u2013 weltweit erstmalig \u2013 nach Auswertung von Sachverst\u00e4ndigengutachten ergangen. Die Biologin Prof. Dr. Ulrike K\u00e4mmerer hatte eine Expertise zur fehlenden Aussagekraft der PCR-Tests erstellt. Die Hygienikerin Prof. Dr. Ines Kappstein hatte die aktuelle Studienlage zu den Masken ausgewertet und deren fehlenden Nutzen zur Virusabwehr bei gleichzeitiger Sch\u00e4dlichkeit der Masken f\u00fcr ihre Tr\u00e4ger unter anderem durch Verkeimung festgestellt. Der Psychologe Prof. Dr. Christoph Kuhbandner hatte die psychische Beeintr\u00e4chtigung der Kinder durch die Massnahmen untersucht. Der Richter folgte in seinem Beschluss den Erkenntnissen der Experten und bejahte eine Kindswohlgef\u00e4hrdung bei Fortsetzung der Massnahmen (<a href=\"https:\/\/2020news.de\/wp-content\/uploads\/2021\/04\/Amtsgericht-Weimar-9-F-148-21-EAO-Beschluss-anonym-2021-04-08_online.pdf\">Urteil im Volltext<\/a> inklusive Sachverst\u00e4ndigen-gutachten).<br \/>[&#8230;]<br \/><\/em><a href=\"https:\/\/2020news.de\/beschluss-aus-karlsruhe-stuetzt-sensationsurteil-aus-weimar-rechtsbeugungsvorwurf-gegen-richter-ohne-grundlage\/\">Den ganzen Artikel lesen&#8230;<\/a><\/p>\n<p>&nbsp;<\/p>\n<p class=\"entry-title\">Siehe auch \u00fcber das Urteil aus Weimar:<\/p>\n<p>https:\/\/reitschuster.de\/post\/hammer-gerichtsentscheid-in-weimar-keine-masken-kein-abstand-keine-tests-mehr-fuer-schueler\/<\/p>\n<p>&nbsp;<\/p>\n<p>&nbsp;<\/p>\n\n\n<p><\/p>\n","protected":false},"excerpt":{"rendered":"<p>Die besch\u00e4mende und erschreckende Verfolgung eines&nbsp; Familienrichters in Sachen Maskenpflicht f\u00fcr Kinder wurde gl\u00fccklicherweise als rechtswidrig geurteilt: Beschluss aus Karlsruhe st\u00fctzt Sensationsurteil aus Weimar, Rechtsbeugungsvorwurf ohne Grundlage &#8222;Der Senat f\u00fcr Familiensachen am Oberlandesgericht Karlsruhe hat einen Beschluss (AZ 20 WF 70\/21) gefa\u00dft, der aufzeigt, dass der Rechtsbeugungs-vorwurf gegen\u00fcber dem Weimarer Familienrichter Christian Dettmar ohne Rechtsgrundlage [&hellip;]<\/p>\n","protected":false},"author":3,"featured_media":0,"comment_status":"closed","ping_status":"closed","sticky":false,"template":"","format":"standard","meta":{"om_disable_all_campaigns":false,"_monsterinsights_skip_tracking":false,"_monsterinsights_sitenote_active":false,"_monsterinsights_sitenote_note":"","_monsterinsights_sitenote_category":0,"ngg_post_thumbnail":0,"footnotes":""},"categories":[1470],"tags":[1599,1600,1601,1568],"class_list":["post-8049","post","type-post","status-publish","format-standard","hentry","category-corona-krise","tag-christian-dettmar","tag-prof-dr-christoph-kuhbandner","tag-prof-dr-ines-kappstein","tag-prof-dr-ulrike-kaemmerer"],"aioseo_notices":[],"_links":{"self":[{"href":"https:\/\/www.jocelyne-lopez.de\/blog\/wp-json\/wp\/v2\/posts\/8049"}],"collection":[{"href":"https:\/\/www.jocelyne-lopez.de\/blog\/wp-json\/wp\/v2\/posts"}],"about":[{"href":"https:\/\/www.jocelyne-lopez.de\/blog\/wp-json\/wp\/v2\/types\/post"}],"author":[{"embeddable":true,"href":"https:\/\/www.jocelyne-lopez.de\/blog\/wp-json\/wp\/v2\/users\/3"}],"replies":[{"embeddable":true,"href":"https:\/\/www.jocelyne-lopez.de\/blog\/wp-json\/wp\/v2\/comments?post=8049"}],"version-history":[{"count":0,"href":"https:\/\/www.jocelyne-lopez.de\/blog\/wp-json\/wp\/v2\/posts\/8049\/revisions"}],"wp:attachment":[{"href":"https:\/\/www.jocelyne-lopez.de\/blog\/wp-json\/wp\/v2\/media?parent=8049"}],"wp:term":[{"taxonomy":"category","embeddable":true,"href":"https:\/\/www.jocelyne-lopez.de\/blog\/wp-json\/wp\/v2\/categories?post=8049"},{"taxonomy":"post_tag","embeddable":true,"href":"https:\/\/www.jocelyne-lopez.de\/blog\/wp-json\/wp\/v2\/tags?post=8049"}],"curies":[{"name":"wp","href":"https:\/\/api.w.org\/{rel}","templated":true}]}}