{"id":8037,"date":"2021-04-11T15:57:16","date_gmt":"2021-04-11T14:57:16","guid":{"rendered":"https:\/\/www.jocelyne-lopez.de\/blog\/?p=8037"},"modified":"2021-04-11T15:58:56","modified_gmt":"2021-04-11T14:58:56","slug":"gerichtsurteil-weimar-keine-masken-kein-abstand-keine-tests-mehr-fuer-schueler","status":"publish","type":"post","link":"https:\/\/www.jocelyne-lopez.de\/blog\/2021\/04\/gerichtsurteil-weimar-keine-masken-kein-abstand-keine-tests-mehr-fuer-schueler\/","title":{"rendered":"Gerichtsurteil Weimar: keine Masken, kein Abstand, keine Tests mehr f\u00fcr Sch\u00fcler"},"content":{"rendered":"<p>CORONA-BLOG:<br \/>\n<a href=\"https:\/\/corona-blog.net\/2021\/04\/10\/gerichtsurteil-weimar-keine-masken-kein-abstand-keine-tests-mehr-fuer-schueler\/\">Gerichtsurteil Weimar: keine Masken, kein Abstand, keine Tests mehr f\u00fcr Sch\u00fcler<\/a><\/p>\n<p style=\"text-align: justify; padding-left: 30px;\">Ausz\u00fcge:<\/p>\n<p style=\"padding-left: 30px; text-align: justify;\"><em>\u201eErstmalig ist nun vor einem deutschen Gericht Beweis erhoben worden hinsichtlich der wissenschaftlichen Sinnhaftigkeit und Notwendigkeit der verordneten Anti-Corona-Massnahmen. [\u2026] <\/em><\/p>\n<p style=\"padding-left: 30px; text-align: justify;\"><em>Als Gutachterinnen waren die Hygiene\u00e4rztin Prof. Dr. med Ines Kappstein \u2013 sie ver\u00f6ffentlichte auch die <a href=\"https:\/\/corona-blog.net\/schutz_oder_gefahr_ueber_50_studien-welche-gegen-das-tragen-von-mund-nasen-bedeckungen-sprechen\/\">Studie<\/a>: <strong>Mund-Nasen-Schutz in der \u00d6ffentlichkeit: Keine Hinweise f\u00fcr eine Wirksamkeit<\/strong> \u2013 der Psychologe Prof. Dr. Christof Kuhbandner und die Biologin Prof. Dr. rer. biol. hum. Ulrike K\u00e4mmerer geh\u00f6rt worden. Bei dem Gerichtsverfahren handelt es sich um ein sogenanntes \u201eKinderschutzverfahren gem. \u00a7 1666 Abs. 1 und 4 BGB\u201c, das eine Mutter f\u00fcr ihre zwei S\u00f6hne im Alter von 14 bzw. 8 Jahren beim Amtsgericht \u2013 Familiengericht \u2013 angeregt hatte. [&#8230;]<\/em><\/p>\n<p style=\"padding-left: 30px; text-align: justify;\"><em>Der Richter f\u00fchrt aus: \u201aDie Kinder werden insbesondere durch die Pflicht, w\u00e4hrend der Schulzeit Gesichtsmasken zu tragen und Abst\u00e4nde untereinander und zu weiteren Personen einzuhalten, in ihrem geistigen, k\u00f6rperlichen und seelischen Wohl nicht nur gef\u00e4hrdet, sondern dar\u00fcber hinaus schon gegenw\u00e4rtig gesch\u00e4digt. Dadurch werden zugleich zahlreiche Rechte der Kinder und ihrer Eltern aus Gesetz, Verfassung und internationalen Konventionen verletzt. [\u2026] <\/em><\/p>\n<p style=\"padding-left: 30px; text-align: justify;\"><em>Die Kinder werden physisch, psychisch und p\u00e4dagogisch gesch\u00e4digt und in ihren Rechten verletzt, ohne dass dem ein Nutzen f\u00fcr die Kinder selbst oder Dritte gegen\u00fcbersteht.\u2018 Auf die landesrechtlichen Vorschriften, auf denen die Ma\u00dfnahmen beruhen, k\u00f6nnen sich die Schulleitungen, Lehrkr\u00e4fte und andere nach der \u00dcberzeugung des Gerichts nicht berufen, weil diese verfassungswidrig und damit nichtig sind.\u201c <\/em><\/p>\n<p style=\"padding-left: 30px; text-align: justify;\"><em>(Der anonymisierte Beschluss vom 8. April 2021, Aktenzeichen: 9 F 148\/21, findet sich unter dem Artikel zum Download.)<\/em><\/p>\n<p style=\"padding-left: 30px;\"><a href=\"https:\/\/corona-blog.net\/2021\/04\/10\/gerichtsurteil-weimar-keine-masken-kein-abstand-keine-tests-mehr-fuer-schueler\/\">Detail zum Gerichtsurteil weiterlesen&#8230;<\/a><\/p>\n<p>&nbsp;<\/p>\n<p>Siehe auch Bericht aus der Webseite <em>reitschuster.de<\/em>:<\/p>\n<p class=\"entry-title\" style=\"padding-left: 30px; text-align: justify;\"><a href=\"https:\/\/reitschuster.de\/post\/hammer-urteil-in-weimar-keine-masken-kein-abstand-keine-tests-mehr-fuer-schueler\/\"><span class=\"entry-title-primary\">Hammer-Urteil in Weimar: Keine Masken, kein Abstand, keine Tests mehr f\u00fcr Sch\u00fcler<\/span><\/a><br \/>\n<span class=\"entry-subtitle\">&#8222;Gefahr f\u00fcr das geistige, k\u00f6rperliche oder seelische Wohl des Kindes&#8220;<\/span><\/p>\n<p style=\"padding-left: 30px;\"><em>Ein 178 Seiten langes Urteil des Amtsgerichts Weimar ist eine General-Abrechnung mit der deutschen Corona-Politik. Der Richter stellt deren wesentliche Grundlagen, wie die Aussagekraft von PCR-Tests und den Nutzen von Masken unter Berufung auf Gutachter in Abrede. Das Sensations-Urteil wird in den gro\u00dfen Medien totgeschwiegen.<\/em><\/p>\n<p>&nbsp;<\/p>\n<p><img loading=\"lazy\" decoding=\"async\" class=\"attachment-large size-large wp-post-image\" src=\"https:\/\/reitschuster.de\/wp-content\/uploads\/2021\/04\/shutterstock_1751409818.jpg\" sizes=\"(max-width: 500px) 100vw, 500px\" srcset=\"https:\/\/reitschuster.de\/wp-content\/uploads\/2021\/04\/shutterstock_1751409818.jpg 500w, https:\/\/reitschuster.de\/wp-content\/uploads\/2021\/04\/shutterstock_1751409818-300x200.jpg 300w\" alt=\"\" data-attachment-id=\"80001\" data-permalink=\"https:\/\/reitschuster.de\/post\/hammer-urteil-in-weimar-keine-masken-kein-abstand-keine-tests-mehr-fuer-schueler\/childrenwithfacemaskbackatschoolaftercovid-19quarantine\/#main\" data-orig-file=\"https:\/\/reitschuster.de\/wp-content\/uploads\/2021\/04\/shutterstock_1751409818.jpg\" data-orig-size=\"500,334\" data-comments-opened=\"1\" data-image-meta=\"{&quot;aperture&quot;:&quot;0&quot;,&quot;credit&quot;:&quot;Shutterstock&quot;,&quot;camera&quot;:&quot;&quot;,&quot;caption&quot;:&quot;&quot;,&quot;created_timestamp&quot;:&quot;0&quot;,&quot;copyright&quot;:&quot;Copyright (c) 2020 Halfpoint\\\/Shutterstock.  No use without permission.&quot;,&quot;focal_length&quot;:&quot;0&quot;,&quot;iso&quot;:&quot;0&quot;,&quot;shutter_speed&quot;:&quot;0&quot;,&quot;title&quot;:&quot;Children,With,Face,Mask,Back,At,School,After,Covid-19,Quarantine&quot;,&quot;orientation&quot;:&quot;1&quot;}\" data-image-title=\"Children,With,Face,Mask,Back,At,School,After,Covid-19,Quarantine\" data-image-description=\"\" data-medium-file=\"https:\/\/reitschuster.de\/wp-content\/uploads\/2021\/04\/shutterstock_1751409818-300x200.jpg\" data-large-file=\"https:\/\/reitschuster.de\/wp-content\/uploads\/2021\/04\/shutterstock_1751409818.jpg\" width=\"500\" height=\"334\"\/><\/p>\n","protected":false},"excerpt":{"rendered":"<p>CORONA-BLOG: Gerichtsurteil Weimar: keine Masken, kein Abstand, keine Tests mehr f\u00fcr Sch\u00fcler Ausz\u00fcge: \u201eErstmalig ist nun vor einem deutschen Gericht Beweis erhoben worden hinsichtlich der wissenschaftlichen Sinnhaftigkeit und Notwendigkeit der verordneten Anti-Corona-Massnahmen. [\u2026] Als Gutachterinnen waren die Hygiene\u00e4rztin Prof. Dr. med Ines Kappstein \u2013 sie ver\u00f6ffentlichte auch die Studie: Mund-Nasen-Schutz in der \u00d6ffentlichkeit: Keine Hinweise [&hellip;]<\/p>\n","protected":false},"author":3,"featured_media":0,"comment_status":"closed","ping_status":"closed","sticky":false,"template":"","format":"standard","meta":{"om_disable_all_campaigns":false,"_monsterinsights_skip_tracking":false,"_monsterinsights_sitenote_active":false,"_monsterinsights_sitenote_note":"","_monsterinsights_sitenote_category":0,"ngg_post_thumbnail":0,"footnotes":""},"categories":[1470],"tags":[1569,1589,1588],"class_list":["post-8037","post","type-post","status-publish","format-standard","hentry","category-corona-krise","tag-boris-reitschuster","tag-prof-dr-christof-kuhbandner","tag-prof-ines-kappstein"],"aioseo_notices":[],"_links":{"self":[{"href":"https:\/\/www.jocelyne-lopez.de\/blog\/wp-json\/wp\/v2\/posts\/8037"}],"collection":[{"href":"https:\/\/www.jocelyne-lopez.de\/blog\/wp-json\/wp\/v2\/posts"}],"about":[{"href":"https:\/\/www.jocelyne-lopez.de\/blog\/wp-json\/wp\/v2\/types\/post"}],"author":[{"embeddable":true,"href":"https:\/\/www.jocelyne-lopez.de\/blog\/wp-json\/wp\/v2\/users\/3"}],"replies":[{"embeddable":true,"href":"https:\/\/www.jocelyne-lopez.de\/blog\/wp-json\/wp\/v2\/comments?post=8037"}],"version-history":[{"count":0,"href":"https:\/\/www.jocelyne-lopez.de\/blog\/wp-json\/wp\/v2\/posts\/8037\/revisions"}],"wp:attachment":[{"href":"https:\/\/www.jocelyne-lopez.de\/blog\/wp-json\/wp\/v2\/media?parent=8037"}],"wp:term":[{"taxonomy":"category","embeddable":true,"href":"https:\/\/www.jocelyne-lopez.de\/blog\/wp-json\/wp\/v2\/categories?post=8037"},{"taxonomy":"post_tag","embeddable":true,"href":"https:\/\/www.jocelyne-lopez.de\/blog\/wp-json\/wp\/v2\/tags?post=8037"}],"curies":[{"name":"wp","href":"https:\/\/api.w.org\/{rel}","templated":true}]}}