{"id":8023,"date":"2021-03-09T18:29:02","date_gmt":"2021-03-09T17:29:02","guid":{"rendered":"https:\/\/www.jocelyne-lopez.de\/blog\/?p=8023"},"modified":"2021-03-09T18:29:04","modified_gmt":"2021-03-09T17:29:04","slug":"8023","status":"publish","type":"post","link":"https:\/\/www.jocelyne-lopez.de\/blog\/2021\/03\/8023\/","title":{"rendered":""},"content":{"rendered":"<p style=\"text-align: justify;\">Eine Empfehlung f\u00fcr ein Interview durch die Nachrichten-Plattform <em>Corona Transition:<\/em><\/p>\n<div class=\"crayon article-titre-4302 \">&nbsp;<\/div>\n<div class=\"crayon article-soustitre-4302 \" style=\"padding-left: 30px;\"><a href=\"https:\/\/corona-transition.org\/die-coronamassnahmen-sind-weder-wissenschaftlich-noch-alternativlos\"><strong>Der Wissenschaftsphilosoph Prof. Dr. Michael Esfeld spricht im Gespr\u00e4ch<br \/>\nmit Dirk Pohlmann erfreulichen Klartext.<\/strong><\/a><br \/>\n<strong>Die Coronamassnahmen sind weder wissenschaftlich noch alternativlos<\/strong><\/p>\n<p style=\"text-align: justify;\">&#8222;<em>Der Wissenschaftsphilosoph Prof. Dr. Michael Esfeld, Mitglied der Leopoldina, also der Deutschen Wissenschaftsakademie, erl\u00e4utert in einem Interview mit Dirk Pohlmann, warum er die positive Stellungnahme der Leopoldina zur Coronapolitik der Bundesregierung sehr kritisch bewertet.<\/em><\/p>\n<p style=\"text-align: justify;\"><em>Gem\u00e4ss Prof. Esfeld sind Entscheidungen zur Coronapolitik weder wissenschaftlich und alternativlos. Sie k\u00f6nnen und d\u00fcrfen es gar nicht sein.<\/em><\/p>\n<p style=\"text-align: justify;\"><em>Er h\u00e4lt sie f\u00fcr eine Grenz\u00fcberschreitung, die der Aufgabe der Leopoldina nicht gerecht wird, auf falschen Grundannahmen beruht und letztlich ihren Ruf besch\u00e4digen wird.<\/em><\/p>\n<p style=\"text-align: justify;\"><em>Prof. Dr. Esfeld gibt keine politische Stellungnahme ab, sondern eine fachliche Erkl\u00e4rung, die eine politische Wirksamkeit haben kann. Und sollte.<\/em><\/p>\n<p style=\"text-align: justify;\"><em>Interessantes und intelligentes Video. Sehenswert, auch f\u00fcr Leute, die Videos als ungeeignetes Kommunikationsmittel betrachten<\/em>.&#8220; [&#8230;]<\/p>\n<p>&nbsp;<\/p>\n<p><iframe loading=\"lazy\" title=\"Mutigmacher TV: &quot;Wissenschaftliche Politik?&quot;  -  Interview mit Prof. Dr. Michael Esfeld\" width=\"500\" height=\"281\" src=\"https:\/\/www.youtube.com\/embed\/4ZfI9DBRi0Q?start=4&#038;feature=oembed\" frameborder=\"0\" allow=\"accelerometer; autoplay; clipboard-write; encrypted-media; gyroscope; picture-in-picture; web-share\" referrerpolicy=\"strict-origin-when-cross-origin\" allowfullscreen><\/iframe><\/p>\n<\/div>\n","protected":false},"excerpt":{"rendered":"<p>Eine Empfehlung f\u00fcr ein Interview durch die Nachrichten-Plattform Corona Transition: &nbsp; Der Wissenschaftsphilosoph Prof. Dr. Michael Esfeld spricht im Gespr\u00e4ch mit Dirk Pohlmann erfreulichen Klartext. Die Coronamassnahmen sind weder wissenschaftlich noch alternativlos &#8222;Der Wissenschaftsphilosoph Prof. Dr. Michael Esfeld, Mitglied der Leopoldina, also der Deutschen Wissenschaftsakademie, erl\u00e4utert in einem Interview mit Dirk Pohlmann, warum er die [&hellip;]<\/p>\n","protected":false},"author":3,"featured_media":0,"comment_status":"closed","ping_status":"closed","sticky":false,"template":"","format":"standard","meta":{"om_disable_all_campaigns":false,"_monsterinsights_skip_tracking":false,"_monsterinsights_sitenote_active":false,"_monsterinsights_sitenote_note":"","_monsterinsights_sitenote_category":0,"ngg_post_thumbnail":0,"footnotes":""},"categories":[1470],"tags":[1586,1574],"class_list":["post-8023","post","type-post","status-publish","format-standard","hentry","category-corona-krise","tag-dirk-pohlmann","tag-prof-dr-michael-esfeld"],"aioseo_notices":[],"_links":{"self":[{"href":"https:\/\/www.jocelyne-lopez.de\/blog\/wp-json\/wp\/v2\/posts\/8023"}],"collection":[{"href":"https:\/\/www.jocelyne-lopez.de\/blog\/wp-json\/wp\/v2\/posts"}],"about":[{"href":"https:\/\/www.jocelyne-lopez.de\/blog\/wp-json\/wp\/v2\/types\/post"}],"author":[{"embeddable":true,"href":"https:\/\/www.jocelyne-lopez.de\/blog\/wp-json\/wp\/v2\/users\/3"}],"replies":[{"embeddable":true,"href":"https:\/\/www.jocelyne-lopez.de\/blog\/wp-json\/wp\/v2\/comments?post=8023"}],"version-history":[{"count":0,"href":"https:\/\/www.jocelyne-lopez.de\/blog\/wp-json\/wp\/v2\/posts\/8023\/revisions"}],"wp:attachment":[{"href":"https:\/\/www.jocelyne-lopez.de\/blog\/wp-json\/wp\/v2\/media?parent=8023"}],"wp:term":[{"taxonomy":"category","embeddable":true,"href":"https:\/\/www.jocelyne-lopez.de\/blog\/wp-json\/wp\/v2\/categories?post=8023"},{"taxonomy":"post_tag","embeddable":true,"href":"https:\/\/www.jocelyne-lopez.de\/blog\/wp-json\/wp\/v2\/tags?post=8023"}],"curies":[{"name":"wp","href":"https:\/\/api.w.org\/{rel}","templated":true}]}}