{"id":8007,"date":"2021-02-03T17:14:08","date_gmt":"2021-02-03T16:14:08","guid":{"rendered":"https:\/\/www.jocelyne-lopez.de\/blog\/?p=8007"},"modified":"2021-02-03T17:14:09","modified_gmt":"2021-02-03T16:14:09","slug":"analyse-des-mathematik-professors-riessinger-2020-keine-uebersterblichkeit","status":"publish","type":"post","link":"https:\/\/www.jocelyne-lopez.de\/blog\/2021\/02\/analyse-des-mathematik-professors-riessinger-2020-keine-uebersterblichkeit\/","title":{"rendered":"Analyse des Mathematik-Professors Rie\u00dfinger: 2020 keine \u00dcbersterblichkeit"},"content":{"rendered":"<p style=\"text-align: justify;\">Ein Gastbeitrag von Prof. Dr. Thomas Rie\u00dfinger vom 2. Februar 2021 bei <em>reitschuster.de<\/em>:<\/p>\n<p style=\"padding-left: 30px; text-align: left;\"><a href=\"https:\/\/reitschuster.de\/post\/ard-framing-zum-trotz-2020-keine-uebersterblichkeit\/\"><strong><b>ARD-Framing zum Trotz: 2020 keine \u00dcbersterblichkeit &#8211;<br \/>\nAnalyse des Mathematik-Professors Rie\u00dfinger<\/b><\/strong><\/a><\/p>\n<p style=\"padding-left: 30px;\"><strong>Ausz\u00fcge:<\/strong><\/p>\n<p style=\"padding-left: 30px; text-align: justify;\"><em>&#8222;Kaum ist ein Monat im neuen Jahr vergangen, liegen auch schon die <a href=\"https:\/\/www.destatis.de\/DE\/Themen\/Gesellschaft-Umwelt\/Bevoelkerung\/Sterbefaelle-Lebenserwartung\/sterbefallzahlen.html\" target=\"_blank\" rel=\"noopener\">Daten des Statistischen Bundesamtes zur Gesamtsterblichkeit<\/a> im Jahr 2020 vor \u2013 besser sp\u00e4t als nie. Auch wenn die <a href=\"https:\/\/reitschuster.de\/post\/wie-die-tagesschau-mit-uebersterblichkeit-trickst\/\" target=\"_blank\" rel=\"noopener\">Tagesschau ganz im Gegensatz zum Spiegel<\/a> eine \u00dcbersterblichkeit aus den Daten herauslesen will, l\u00e4sst sich die erfreuliche Tatsache festhalten, dass 2020 in Deutschland keine \u00dcbersterblichkeit aufgetreten ist. <\/em><br \/>\n<em>[&#8230;]<\/em><br \/>\n<em>Ob mit Ber\u00fccksichtigung der Schaltjahre oder ohne, im Jahr 2020 lag in Deutschland keine \u00dcbersterblichkeit vor. Noch deutlicher sieht man das, wenn man die demographische Entwicklung in Augenschein nimmt und genauer darauf achtet, wie viele Sterbef\u00e4lle in den einzelnen Altersgruppen auftreten, gemessen an der Bev\u00f6lkerungszahl innerhalb dieser Gruppen. Zun\u00e4chst die zugeh\u00f6rige Tabelle, auf die ich gleich noch eingehen werde.<\/em><br \/>\n<em>[&#8230;]<\/em><br \/>\n<em>Die relative Sterblichkeit f\u00fcr die jeweiligen Altersgruppen ist daher im Jahr 2020 v\u00f6llig unauff\u00e4llig, wenn man sie mit den Daten f\u00fcr die Jahre 2006 bis 2019 vergleicht, und sie weist im kurzfristigen Vergleich mit den Jahren 2016 bis 2019 f\u00fcr zwei Altersgruppen \u2013 \u201e70 bis unter 75\u201c und \u201eab 85\u201c \u2013 eine Steigerung auf, in den beiden Altersgruppen dazwischen allerdings nicht. <\/em><br \/>\n<em>[&#8230;] <\/em><br \/>\n<em>Dennoch darf man sich auch von den Dezemberzahlen f\u00fcr 2020 nicht in Angst und Schrecken versetzen lassen. Das gesamte Jahr 2020 weist keine \u00dcbersterblichkeit auf, den h\u00f6heren Raten des Dezember entsprechen also niedrige Raten in den vorherigen Monaten. Und auch diese h\u00f6heren Raten sind beileibe nichts Einmaliges. Man werfe nur einen Blick auf die folgende Tabelle, in der die Prozents\u00e4tze der Sterbef\u00e4lle f\u00fcr M\u00e4rz 2018 und Dezember 2020 gegen\u00fcber gestellt werden.<br \/>\n[&#8230;]<\/em><br \/>\n<em>Der Sachverhalt ist zu offensichtlich, um ihn zu \u00fcbersehen: In jeder einzelnen Altersgruppe lag der Prozentsatz der Sterbef\u00e4lle im M\u00e4rz 2018 \u00fcber dem f\u00fcr Dezember 2020. Damals gab es eine schwere Grippewelle in Deutschland, die auch und gerade in der \u00e4lteren Bev\u00f6lkerung f\u00fcr viele Todesf\u00e4lle sorgte. Auch damals h\u00e4tte man schon etwas zum Schutz dieser \u00e4lteren Bev\u00f6lkerung tun k\u00f6nnen, hat es aber unterlassen. Wie heute hatte man wohl Wichtigeres zu tun. Seltsamerweise wurde aber im M\u00e4rz 2018 nichts geschlossen, wurde kein ganzes Volk geg\u00e4ngelt und eingesperrt, wurden die Kinder nicht vom Schulbesuch abgehalten und wurde auch niemand zum Tragen von Arbeitsschutzmasken verpflichtet. Auch heute k\u00f6nnte man wissen, dass all das nichts fruchtet und die Sch\u00e4den, die es verursacht, ins Gigantische gehen. Nicht nur die \u00f6konomischen Sch\u00e4den, auch die medizinischen; die Studien dazu liegen vor. &#8222;[&#8230;]<\/em><\/p>\n<p>Den ganzen Beitrag lesen&#8230;<\/p>\n<p>https:\/\/reitschuster.de\/post\/ard-framing-zum-trotz-2020-keine-uebersterblichkeit\/<\/p>\n<p>&nbsp;<\/p>\n","protected":false},"excerpt":{"rendered":"<p>Ein Gastbeitrag von Prof. Dr. Thomas Rie\u00dfinger vom 2. Februar 2021 bei reitschuster.de: ARD-Framing zum Trotz: 2020 keine \u00dcbersterblichkeit &#8211; Analyse des Mathematik-Professors Rie\u00dfinger Ausz\u00fcge: &#8222;Kaum ist ein Monat im neuen Jahr vergangen, liegen auch schon die Daten des Statistischen Bundesamtes zur Gesamtsterblichkeit im Jahr 2020 vor \u2013 besser sp\u00e4t als nie. Auch wenn die [&hellip;]<\/p>\n","protected":false},"author":3,"featured_media":0,"comment_status":"closed","ping_status":"closed","sticky":false,"template":"","format":"standard","meta":{"om_disable_all_campaigns":false,"_monsterinsights_skip_tracking":false,"_monsterinsights_sitenote_active":false,"_monsterinsights_sitenote_note":"","_monsterinsights_sitenote_category":0,"ngg_post_thumbnail":0,"footnotes":""},"categories":[1470],"tags":[1569,1581],"class_list":["post-8007","post","type-post","status-publish","format-standard","hentry","category-corona-krise","tag-boris-reitschuster","tag-prof-thomas-riessinger"],"aioseo_notices":[],"_links":{"self":[{"href":"https:\/\/www.jocelyne-lopez.de\/blog\/wp-json\/wp\/v2\/posts\/8007"}],"collection":[{"href":"https:\/\/www.jocelyne-lopez.de\/blog\/wp-json\/wp\/v2\/posts"}],"about":[{"href":"https:\/\/www.jocelyne-lopez.de\/blog\/wp-json\/wp\/v2\/types\/post"}],"author":[{"embeddable":true,"href":"https:\/\/www.jocelyne-lopez.de\/blog\/wp-json\/wp\/v2\/users\/3"}],"replies":[{"embeddable":true,"href":"https:\/\/www.jocelyne-lopez.de\/blog\/wp-json\/wp\/v2\/comments?post=8007"}],"version-history":[{"count":0,"href":"https:\/\/www.jocelyne-lopez.de\/blog\/wp-json\/wp\/v2\/posts\/8007\/revisions"}],"wp:attachment":[{"href":"https:\/\/www.jocelyne-lopez.de\/blog\/wp-json\/wp\/v2\/media?parent=8007"}],"wp:term":[{"taxonomy":"category","embeddable":true,"href":"https:\/\/www.jocelyne-lopez.de\/blog\/wp-json\/wp\/v2\/categories?post=8007"},{"taxonomy":"post_tag","embeddable":true,"href":"https:\/\/www.jocelyne-lopez.de\/blog\/wp-json\/wp\/v2\/tags?post=8007"}],"curies":[{"name":"wp","href":"https:\/\/api.w.org\/{rel}","templated":true}]}}