{"id":7809,"date":"2020-08-22T10:30:09","date_gmt":"2020-08-22T09:30:09","guid":{"rendered":"https:\/\/www.jocelyne-lopez.de\/blog\/?p=7809"},"modified":"2020-08-22T10:30:11","modified_gmt":"2020-08-22T09:30:11","slug":"7809","status":"publish","type":"post","link":"https:\/\/www.jocelyne-lopez.de\/blog\/2020\/08\/7809\/","title":{"rendered":"Ministerpr\u00e4sident Markus S\u00f6der wegen Corona-Ma\u00dfnahmen vor Gericht"},"content":{"rendered":"<p style=\"text-align: justify;\"><img loading=\"lazy\" decoding=\"async\" class=\"alignleft\" src=\"https:\/\/www.jocelyne-lopez.de\/blog\/wp-content\/uploads\/2020\/04\/Jo-Logo-Grundgesetz.2-1.jpg\" alt=\"\" width=\"136\" height=\"183\"\/><\/p>\n<p style=\"text-align: justify;\">Wie als Neuigkeit zu einer <a href=\"https:\/\/www.change.org\/p\/coronakrise-ja-zu-untersuchungsausschuss-oder-enquete-kommission-und-b%C3%BCrgerbeteiligung\/u\/27561904\">Petition<\/a> kommuniziert wurde,&nbsp; ist jetzt skandal\u00f6ses bei einem Gerichtsverfahren in Bayern herausgekommen: <strong>Es gibt keine schriftliche Dokumentation zum Beschluss der bayrischen Corona-Ma\u00dfnahmen<\/strong>. Das Gesundheitsministerium kann dem Gericht keine Beh\u00f6rdenakte vorlegen, da es keine g\u00e4be. Es h\u00e4tten m\u00fcndliche Gespr\u00e4che mit Virologen gegeben, die aber nicht dokumentiert worden seien. Das ist v\u00f6llig unfassbar! Bei jeder kleinen Baugenehmigung muss man einen Ordner Unterlagen zusammenstellen und die bayerische Regierung hebt nahezu alle Grundrechte ihrer B\u00fcrger auf, ohne den Abw\u00e4gungsprozess in einer Beh\u00f6rdenakte zu dokumentieren!<\/p>\n<p style=\"text-align: justify;\">Siehe eine ausf\u00fchrliche Berichtserstattung \u00fcber die Klage eine Rechtanw\u00e4ltin mit begr\u00fcndeten Argumenten gegen die Verh\u00e4ltnism\u00e4\u00dfigkeit der Ma\u00dfnahmen, sowie \u00fcber das Fehlen einer Beh\u00f6rdenakte: &nbsp;<\/p>\n<p style=\"text-align: justify; padding-left: 30px;\"><a href=\"https:\/\/multipolar-magazin.de\/artikel\/corona-vor-gericht\">Corona-Ma\u00dfnahmen vor Gericht<\/a><\/p>\n<p style=\"text-align: justify; padding-left: 30px;\"><em>Rechtsanw\u00e4ltin Jessica Hamed informiert \u00fcber den aktuellen Stand in den von ihr gef\u00fchrten \u201eCorona-Verfahren\u201c, insbesondere zum Eilantrag eines Richters in Th\u00fcringen, dem bayerischen Offenbarungseid in Sachen Rechtstaatlichkeit sowie dem Antrag auf Vernehmung des Ministerpr\u00e4sidenten Dr. Markus S\u00f6der. <\/em><br \/>\n<em>[&#8230;]<\/em><br \/>\n<em>Das Gericht folgte unserem Antrag auf Vorlage der Beh\u00f6rdenakte in Bezug auf die diesseits umfassend angegriffenen Anti-Corona-Ma\u00dfnahmen und bat den Antragsgegner diese vorzulegen. Auf f\u00fcnf Seiten erkl\u00e4rte sodann das bayrische Gesundheitsministerium, dass keine Beh\u00f6rdenakte existiere und auch nicht zusammengestellt werden k\u00f6nne.<\/em><\/p>\n<p style=\"padding-left: 30px;\"><a href=\"https:\/\/multipolar-magazin.de\/artikel\/corona-vor-gericht\">Weiterlesen&#8230;<\/a><\/p>\n","protected":false},"excerpt":{"rendered":"<p>Wie als Neuigkeit zu einer Petition kommuniziert wurde,&nbsp; ist jetzt skandal\u00f6ses bei einem Gerichtsverfahren in Bayern herausgekommen: Es gibt keine schriftliche Dokumentation zum Beschluss der bayrischen Corona-Ma\u00dfnahmen. Das Gesundheitsministerium kann dem Gericht keine Beh\u00f6rdenakte vorlegen, da es keine g\u00e4be. Es h\u00e4tten m\u00fcndliche Gespr\u00e4che mit Virologen gegeben, die aber nicht dokumentiert worden seien. Das ist v\u00f6llig [&hellip;]<\/p>\n","protected":false},"author":3,"featured_media":0,"comment_status":"closed","ping_status":"closed","sticky":false,"template":"","format":"standard","meta":{"om_disable_all_campaigns":false,"_monsterinsights_skip_tracking":false,"_monsterinsights_sitenote_active":false,"_monsterinsights_sitenote_note":"","_monsterinsights_sitenote_category":0,"ngg_post_thumbnail":0,"footnotes":""},"categories":[1470],"tags":[1521,1461],"class_list":["post-7809","post","type-post","status-publish","format-standard","hentry","category-corona-krise","tag-jessica-hamed","tag-multipolar"],"aioseo_notices":[],"_links":{"self":[{"href":"https:\/\/www.jocelyne-lopez.de\/blog\/wp-json\/wp\/v2\/posts\/7809"}],"collection":[{"href":"https:\/\/www.jocelyne-lopez.de\/blog\/wp-json\/wp\/v2\/posts"}],"about":[{"href":"https:\/\/www.jocelyne-lopez.de\/blog\/wp-json\/wp\/v2\/types\/post"}],"author":[{"embeddable":true,"href":"https:\/\/www.jocelyne-lopez.de\/blog\/wp-json\/wp\/v2\/users\/3"}],"replies":[{"embeddable":true,"href":"https:\/\/www.jocelyne-lopez.de\/blog\/wp-json\/wp\/v2\/comments?post=7809"}],"version-history":[{"count":0,"href":"https:\/\/www.jocelyne-lopez.de\/blog\/wp-json\/wp\/v2\/posts\/7809\/revisions"}],"wp:attachment":[{"href":"https:\/\/www.jocelyne-lopez.de\/blog\/wp-json\/wp\/v2\/media?parent=7809"}],"wp:term":[{"taxonomy":"category","embeddable":true,"href":"https:\/\/www.jocelyne-lopez.de\/blog\/wp-json\/wp\/v2\/categories?post=7809"},{"taxonomy":"post_tag","embeddable":true,"href":"https:\/\/www.jocelyne-lopez.de\/blog\/wp-json\/wp\/v2\/tags?post=7809"}],"curies":[{"name":"wp","href":"https:\/\/api.w.org\/{rel}","templated":true}]}}