{"id":7802,"date":"2020-08-09T12:23:48","date_gmt":"2020-08-09T11:23:48","guid":{"rendered":"https:\/\/www.jocelyne-lopez.de\/blog\/?p=7802"},"modified":"2020-08-11T10:00:52","modified_gmt":"2020-08-11T09:00:52","slug":"ist-covid-19-ein-folgeschaden-von-grippe-impfungen","status":"publish","type":"post","link":"https:\/\/www.jocelyne-lopez.de\/blog\/2020\/08\/ist-covid-19-ein-folgeschaden-von-grippe-impfungen\/","title":{"rendered":"Ist Covid-19 ein Folgeschaden von  Grippe-Impfungen?"},"content":{"rendered":"<p style=\"text-align: justify;\"><img loading=\"lazy\" decoding=\"async\" class=\"alignleft\" src=\"https:\/\/www.jocelyne-lopez.de\/blog\/wp-content\/uploads\/2020\/04\/Jo-Logo-Grundgesetz.2-1.jpg\" alt=\"\" width=\"136\" height=\"183\"\/><\/p>\n<p style=\"text-align: justify;\">Ich verweise auf mehrere Beitrage von mir vom 08.08. und&nbsp; 09.08.2020 in einer bis jetzt unzensierten <a href=\"https:\/\/scilogs.spektrum.de\/wild-dueck-blog\/psychologie-der-corona-akzeptanz\/\">Corona-Diskussion<\/a> in der Diskussionsplattform &#8222;<em>SciLogs\/Spektrum der Wissenschaft<\/em>&#8222;:<\/p>\n<p style=\"padding-left: 30px;\"><a href=\"https:\/\/swprs.org\/covid-19-hinweis-ii\/\">Zitat Swiss Policy Research \u2013 August-Aktualisierung des Informationsportals &#8222;Fakten zu Covid-19&#8220;<\/a><\/p>\n<p style=\"padding-left: 30px; text-align: justify;\"><em>[&#8230;] Eine kanadische Untersuchung kam zum Ergebnis, dass die meisten der Kinder mit \u201cKawasaki-\u00e4hnlichen\u201d Entz\u00fcndungssymptomen gar keine Corona-Infektion hatten. <br \/><\/em><\/p>\n<p>&nbsp;<\/p>\n<p style=\"text-align: justify;\">Mit dieser Erkrankung bei Kindern wurde eine Zeit lang in den Medien versucht, Panik zu sch\u00fcren. Der folgende, sehr recherchierte und dokumentierte Artikel vom 21. Mai 2020 von Christine Siber-Graaff zeigt, dass diese Erkrankung nichts mit einer Corona-Infektion zu tun hat, sondern dass es sich offensichtlich um einen Impfschaden von Masern-Impfstoffen verschiedener Hersteller handelt, siehe Artikel <a href=\"https:\/\/www.rubikon.news\/artikel\/der-sundenbock-4\">Der S\u00fcndenbock <\/a><\/p>\n<p style=\"text-align: justify;\">Vor dem Hintergrund der dargelegten eingetretenen Impfsch\u00e4den bei Kindern durch Impfstoffe des Herstellers GlaxoSchmitKline mit den Erkrankungen Kawasaki und Narkolepsie, siehe folgende Ausz\u00fcge aus diesem Artikel:<\/p>\n<p style=\"padding-left: 30px; text-align: justify;\"><em>&#8222;Besonders brisant: Der Virologe Prof. Christian Drosten, der die Bundesregierung bereits in Sachen Schweinegrippe medienwirksam und unantastbar beraten hatte, erhielt nicht nur 2004 den GlaxoSmithKline-F\u00f6rderpreis f\u00fcr klinische Infektiologie, sondern empfahl noch im Mai des Jahres 2010 der deutschen Bev\u00f6lkerung dringend, sich gegen die Schweinegrippe impfen zu lassen:<\/em><\/p>\n<p style=\"padding-left: 30px; text-align: justify;\"><em>&nbsp;<strong>\u201eBei der Erkrankung handelt es sich um eine schwerwiegende, allgemeine Virusinfektion, die erheblich st\u00e4rkere Nebenwirkungen zeigt, als sich irgendjemand vom schlimmsten Impfstoff vorstellen kann.\u201c<\/strong><\/em><\/p>\n<p style=\"padding-left: 30px; text-align: justify;\"><em>Drosten hatte sich geirrt, die Schweinegrippe war ein Fehlalarm \u2014 die tragischen Impfsch\u00e4den waren es leider nicht.<\/em><\/p>\n<p>&nbsp;<\/p>\n<p style=\"text-align: justify;\">Dar\u00fcber hinaus sind alle Sch\u00e4den, die ebenfalls in den Medien gleich als Folgesch\u00e4den von Covid-19 zugeordnet wurden, ebenfalls als Nebenwirkungen von Impfungen gegen Influenza schon lange bekannt, siehe im verlinkten Artikel:<\/p>\n<p style=\"padding-left: 30px; text-align: justify;\"><em>&#8222;Bei dem Impfstoff Prevenar 13 von Pfizer fand sich ein Hinweis auf m\u00f6gliche Verschlimmerungen der sonst \u00fcblichen Nebenwirkungen bei gleichzeitiger Impfung mit einem trivalenten, inaktivierten Grippe-Impfstoff (TIV). Zu dem Impfstoff PNEUMOVAX-23 von Sanofi Pasteur war zu lesen, dass gesunde Erwachsene nicht routinem\u00e4\u00dfig neu geimpft werden sollten, da bei einem k\u00fcrzeren Zeitabstand als alle 3 bis 5 Jahre die Risiken f\u00fcr Nebenwirkung erh\u00f6ht seien. Bei Patienten \u00fcber 65 sei zudem das Auftreten einiger systemischer Nebenwirkungen erh\u00f6ht, sollte eine Wiederholungs-Impfung zu fr\u00fch erfolgen. Auch sollen gesunde Kinder laut Hersteller-Angaben nicht routinem\u00e4\u00dfig erneut geimpft werden, auch hier gelte das empfohlene Zeitfenster von 3 bis 5 Jahren.<\/em><\/p>\n<p style=\"padding-left: 30px;\"><em>Besonders brisant:<\/em><\/p>\n<p style=\"padding-left: 30px; text-align: justify;\"><em><strong>Im M\u00e4rz 2020 empfahlen Bundesgesundheitsminister Jens Spahn und andere allen Menschen ab 60 Jahren sowie Kindern, sich gegen Pneumokokken impfen zu lassen, obwohl der Hersteller unmissverst\u00e4ndlich davon abr\u00e4t, sich als gesunder Mensch routinem\u00e4\u00dfig und in einem k\u00fcrzeren Abstand als den empfohlenen 3 bis 5 Jahren impfen zu lassen.<\/strong><\/em><\/p>\n<p style=\"padding-left: 30px; text-align: justify;\"><em>Damit nicht genug: Der Virologe Christian Drosten empfahl sogar die zus\u00e4tzliche Impfung gegen Grippe, obwohl sich aus einer gleichzeitigen Impfung mit beiden Impfstoffen laut Hersteller-Informationen verst\u00e4rkte Nebenwirkungen ergeben k\u00f6nnten.&#8220;<\/em><\/p>\n<p>&nbsp;<\/p>\n<p style=\"text-align: justify;\">Der Artikel dokumentiert auch ausf\u00fchrlich den \u201eZufall\u201c zwischen massiven Influenza-Impfkampagnen in der Lombardei und in den USA und Ausbruch von Covid-19:<\/p>\n<p style=\"padding-left: 30px; text-align: justify;\">&nbsp;<em>\u201eAusgerechnet die Lombardei, genauer gesagt die Provinz Bergamo, hat im letzten Jahr eine massive Grippe-Impfkampagne durchgef\u00fchrt: Es wurden 154.000 Dosen eingekauft und verteilt, davon allein 129.000 an Personen \u00fcber 65 Jahren.<\/em><\/p>\n<p style=\"padding-left: 30px; text-align: justify;\"><em>Ebenso im Fokus standen Personen mit chronischen Erkrankungen, also letztlich genau die Risikogruppen f\u00fcr Covid-19. Genau diese Patienten waren es schlussendlich auch, welche haupts\u00e4chlich an den Folgen der Covid-19-Erkrankung in der Lombardei verstarben.<\/em>\u201c<\/p>\n<p style=\"padding-left: 30px;\"><a href=\"https:\/\/www.rubikon.news\/artikel\/der-sundenbock-4\">Den ganzen Artikel lesen&#8230;<\/a><\/p>\n<p>&nbsp;<\/p>\n\n\n<p><\/p>\n","protected":false},"excerpt":{"rendered":"<p>Ich verweise auf mehrere Beitrage von mir vom 08.08. und&nbsp; 09.08.2020 in einer bis jetzt unzensierten Corona-Diskussion in der Diskussionsplattform &#8222;SciLogs\/Spektrum der Wissenschaft&#8222;: Zitat Swiss Policy Research \u2013 August-Aktualisierung des Informationsportals &#8222;Fakten zu Covid-19&#8220; [&#8230;] Eine kanadische Untersuchung kam zum Ergebnis, dass die meisten der Kinder mit \u201cKawasaki-\u00e4hnlichen\u201d Entz\u00fcndungssymptomen gar keine Corona-Infektion hatten. &nbsp; Mit [&hellip;]<\/p>\n","protected":false},"author":3,"featured_media":0,"comment_status":"closed","ping_status":"closed","sticky":false,"template":"","format":"standard","meta":{"om_disable_all_campaigns":false,"_monsterinsights_skip_tracking":false,"_monsterinsights_sitenote_active":false,"_monsterinsights_sitenote_note":"","_monsterinsights_sitenote_category":0,"ngg_post_thumbnail":0,"footnotes":""},"categories":[1470],"tags":[1512,1513],"class_list":["post-7802","post","type-post","status-publish","format-standard","hentry","category-corona-krise","tag-christine-siber-graaff","tag-kawasaki"],"aioseo_notices":[],"_links":{"self":[{"href":"https:\/\/www.jocelyne-lopez.de\/blog\/wp-json\/wp\/v2\/posts\/7802"}],"collection":[{"href":"https:\/\/www.jocelyne-lopez.de\/blog\/wp-json\/wp\/v2\/posts"}],"about":[{"href":"https:\/\/www.jocelyne-lopez.de\/blog\/wp-json\/wp\/v2\/types\/post"}],"author":[{"embeddable":true,"href":"https:\/\/www.jocelyne-lopez.de\/blog\/wp-json\/wp\/v2\/users\/3"}],"replies":[{"embeddable":true,"href":"https:\/\/www.jocelyne-lopez.de\/blog\/wp-json\/wp\/v2\/comments?post=7802"}],"version-history":[{"count":0,"href":"https:\/\/www.jocelyne-lopez.de\/blog\/wp-json\/wp\/v2\/posts\/7802\/revisions"}],"wp:attachment":[{"href":"https:\/\/www.jocelyne-lopez.de\/blog\/wp-json\/wp\/v2\/media?parent=7802"}],"wp:term":[{"taxonomy":"category","embeddable":true,"href":"https:\/\/www.jocelyne-lopez.de\/blog\/wp-json\/wp\/v2\/categories?post=7802"},{"taxonomy":"post_tag","embeddable":true,"href":"https:\/\/www.jocelyne-lopez.de\/blog\/wp-json\/wp\/v2\/tags?post=7802"}],"curies":[{"name":"wp","href":"https:\/\/api.w.org\/{rel}","templated":true}]}}