{"id":7790,"date":"2020-08-08T15:47:10","date_gmt":"2020-08-08T14:47:10","guid":{"rendered":"https:\/\/www.jocelyne-lopez.de\/blog\/?p=7790"},"modified":"2020-08-08T16:13:06","modified_gmt":"2020-08-08T15:13:06","slug":"grossdemo-am-29-august-2020-demokratiebewegung-laedt-europaweit-nach-berlin-ein","status":"publish","type":"post","link":"https:\/\/www.jocelyne-lopez.de\/blog\/2020\/08\/grossdemo-am-29-august-2020-demokratiebewegung-laedt-europaweit-nach-berlin-ein\/","title":{"rendered":"Gro\u00dfdemo am 29. August 2020! Demokratiebewegung l\u00e4dt europaweit nach Berlin ein"},"content":{"rendered":"<p style=\"padding-left: 30px;\">Demokratischer Widerstand &#8211; Der Sommer der Demokratie hat begonnen.<\/p>\n<p style=\"padding-left: 30px;\"><a href=\"https:\/\/demokratischerwiderstand.de\/artikel\/68\/29-august-demokratiebewegung-laedt-europaweit-nach-berlin-ein\/\">29. August! Demokratiebewegung l\u00e4dt europaweit nach Berlin ein<\/a><\/p>\n<p style=\"padding-left: 30px; text-align: justify;\"><em>Die Demokratiebewegung um die Initiativen Querdenken und Nicht ohne uns! fordert erneut nach Berlin auf. Zum Samstag, den 29. August 2020 soll europaweit nach Berlin eingeladen werden.&nbsp; Der Rundgang durch die Hauptstadt soll um 11 Uhr am Brandenburger Tor beginnen. Ziel ist die Wiederherstellung verfassungsm\u00e4\u00dfiger Grundrechte und die Erweiterung des Grundgesetzes um Volksentscheide und eine basisdemokratisch und transparent ausgehandelte Wirtschaftsrahmengesetz-gebung.<\/em><\/p>\n<p style=\"padding-left: 30px; text-align: justify;\"><em>Nach dem Abbruch der friedlichen Kundgebung \u00bbDas Ende der Pandemie\u00ab am 1. August durch den Berliner Senat schrieb der Stuttgarter Oberb\u00fcrgermeisterkandidat Michael Ballweg im Namen von Querdenken am heutigen Mittwoch an den Regierenden B\u00fcrgermeister von Berlin, Michael M\u00fcller (SPD). M\u00fcller hatte am Sonntagabend im Regierungsfernsehen RBB von \u00bbdiesen Leuten\u00ab und \u00bbRandale\u00ab gesprochen. In den gleichgeschalteten Regierungs- und Konzernmedien wird seit Samstagabend die gef\u00e4lschte Zahl von 20.000 Teilnehmern kolportiert und deren demokratische Absichten diffamiert. [&#8230;]<\/em><\/p>\n<p style=\"padding-left: 30px;\"><a href=\"https:\/\/demokratischerwiderstand.de\/artikel\/68\/29-august-demokratiebewegung-laedt-europaweit-nach-berlin-ein\/\">Weiterlesen &#8230;<\/a><\/p>\n<p style=\"padding-left: 30px;\"><img loading=\"lazy\" decoding=\"async\" class=\"alignnone \" src=\"https:\/\/www.jocelyne-lopez.de\/blog\/wp-content\/uploads\/2020\/08\/Bildschirmausdruck-Demo-29-August.jpg\" width=\"450\" height=\"339\"\/><\/p>\n<h5 style=\"padding-left: 60px;\">Bildschirmausdruck Demokratischer Widerstand<\/h5>\n<p><span style=\"color: #ffffff;\">.<\/span><\/p>\n<p>Siehe auch im <a href=\"https:\/\/www.youtube.com\/channel\/UCXv5ymMarHvOOQeMChYo42w\">Youtube-Kanal vom Querdenken 711 &#8211; Wir f\u00fcr das Grundgesetz<\/a><\/p>\n<p style=\"padding-left: 30px; text-align: justify;\"><strong>29.08.2020 BERLIN invites Europe &#8211; Fest f\u00fcr Freiheit und Frieden<\/p>\n<p><\/strong><\/p>\n<p>https:\/\/www.youtube.com\/watch?v=llz453RYt4g<\/p>\n","protected":false},"excerpt":{"rendered":"<p>Demokratischer Widerstand &#8211; Der Sommer der Demokratie hat begonnen. 29. August! Demokratiebewegung l\u00e4dt europaweit nach Berlin ein Die Demokratiebewegung um die Initiativen Querdenken und Nicht ohne uns! fordert erneut nach Berlin auf. Zum Samstag, den 29. August 2020 soll europaweit nach Berlin eingeladen werden.&nbsp; Der Rundgang durch die Hauptstadt soll um 11 Uhr am Brandenburger [&hellip;]<\/p>\n","protected":false},"author":3,"featured_media":0,"comment_status":"closed","ping_status":"closed","sticky":false,"template":"","format":"standard","meta":{"om_disable_all_campaigns":false,"_monsterinsights_skip_tracking":false,"_monsterinsights_sitenote_active":false,"_monsterinsights_sitenote_note":"","_monsterinsights_sitenote_category":0,"ngg_post_thumbnail":0,"footnotes":""},"categories":[1470],"tags":[],"class_list":["post-7790","post","type-post","status-publish","format-standard","hentry","category-corona-krise"],"aioseo_notices":[],"_links":{"self":[{"href":"https:\/\/www.jocelyne-lopez.de\/blog\/wp-json\/wp\/v2\/posts\/7790"}],"collection":[{"href":"https:\/\/www.jocelyne-lopez.de\/blog\/wp-json\/wp\/v2\/posts"}],"about":[{"href":"https:\/\/www.jocelyne-lopez.de\/blog\/wp-json\/wp\/v2\/types\/post"}],"author":[{"embeddable":true,"href":"https:\/\/www.jocelyne-lopez.de\/blog\/wp-json\/wp\/v2\/users\/3"}],"replies":[{"embeddable":true,"href":"https:\/\/www.jocelyne-lopez.de\/blog\/wp-json\/wp\/v2\/comments?post=7790"}],"version-history":[{"count":0,"href":"https:\/\/www.jocelyne-lopez.de\/blog\/wp-json\/wp\/v2\/posts\/7790\/revisions"}],"wp:attachment":[{"href":"https:\/\/www.jocelyne-lopez.de\/blog\/wp-json\/wp\/v2\/media?parent=7790"}],"wp:term":[{"taxonomy":"category","embeddable":true,"href":"https:\/\/www.jocelyne-lopez.de\/blog\/wp-json\/wp\/v2\/categories?post=7790"},{"taxonomy":"post_tag","embeddable":true,"href":"https:\/\/www.jocelyne-lopez.de\/blog\/wp-json\/wp\/v2\/tags?post=7790"}],"curies":[{"name":"wp","href":"https:\/\/api.w.org\/{rel}","templated":true}]}}