{"id":7789,"date":"2020-08-07T07:51:24","date_gmt":"2020-08-07T06:51:24","guid":{"rendered":"https:\/\/www.jocelyne-lopez.de\/blog\/?p=7789"},"modified":"2020-08-07T07:53:54","modified_gmt":"2020-08-07T06:53:54","slug":"ich-halte-die-lage-fuer-sehr-ernst-wir-erleben-einen-putsch","status":"publish","type":"post","link":"https:\/\/www.jocelyne-lopez.de\/blog\/2020\/08\/ich-halte-die-lage-fuer-sehr-ernst-wir-erleben-einen-putsch\/","title":{"rendered":"Ich halte die Lage f\u00fcr sehr ernst, wir erleben einen Putsch"},"content":{"rendered":"<p style=\"text-align: justify;\">Am 30. Juli 2020 hat eine Petition beim deutschen Bundestag das Quorum von 50.000 Unterschriften \u00fcberschritten, siehe<\/p>\n<p style=\"padding-left: 30px; text-align: left;\"><a href=\"https:\/\/epetitionen.bundestag.de\/petitionen\/_2020\/_04\/_12\/Petition_109562.$$$.a.u.html\">Petition 109562 &#8211; Einberufung einer &#8222;Expertenkommission&#8220; mit Bef\u00fcrwortern und Kritikern des bundesweiten Coronavirus-Lockdowns vom 12.04.2020<\/a><\/p>\n<p style=\"padding-left: 30px;\"><strong>Text der Petition<\/strong><\/p>\n<p style=\"text-align: justify; padding-left: 30px;\">Mit der Petition wird die unverz\u00fcgliche Einberufung einer parit\u00e4tisch mit Bef\u00fcrwortern und Kritikern des bundesweiten Coronavirus-Lockdowns besetzten Expertenkommission gefordert. Die Sitzungen der Kommission werden l\u00fcckenlos per Parlamentsfernsehen \u00fcbertragen. Die Kommission tagt so lange, bis sie dem Bundestag einen tragf\u00e4higen Konsens vorlegen kann.<\/p>\n<p style=\"padding-left: 30px;\"><strong>Begr\u00fcndung<\/strong><\/p>\n<p style=\"text-align: justify; padding-left: 30px;\">Ungew\u00f6hnliche Umst\u00e4nde erfordern ungew\u00f6hnliche Ma\u00dfnahmen. Die Folgen des umstrittenen Lockdowns einer ganzen Gesellschaft werden von vielen Menschen als \u00e4u\u00dferst einschneidend erlebt. Z. B. werden pflegebed\u00fcrftige Senioren Berichten zufolge regelrecht im Stich gelassen, weil die Pflegeeinrichtungen nur noch mit Notbesetzung arbeiten und die Senioren von ihren Angeh\u00f6rigen isoliert werden.<\/p>\n<p style=\"text-align: justify; padding-left: 30px;\">Dar\u00fcber hinaus ist eine Spaltung der Gesellschaft zu beobachten, in diejenigen, die ihre Grundrechte verst\u00e4ndlicherweise verteidigen und dabei auf jene sto\u00dfen, die aufgrund einer ebenso verst\u00e4ndlichen Angst zunehmend Repressalien gegen die Gegner des Lockdowns einfordern. Niemand will wieder eine Gesellschaft, in der Nachbarn einander bei staatlichen Stellen denunzieren.<\/p>\n<p style=\"text-align: justify; padding-left: 30px;\">Wir m\u00fcssen die Gesundheit, die Stabilit\u00e4t und Integrit\u00e4t unserer Gesellschaft sowie unseren Wirtschaftskreislauf unverz\u00fcglich wiederherstellen.<\/p>\n<p style=\"text-align: justify; padding-left: 30px;\">Dazu muss ein gesellschaftlicher Konsens \u00fcber das weitere Vorgehen geschaffen werden.<\/p>\n<p style=\"text-align: justify; padding-left: 30px;\">Dazu muss gew\u00e4hrleistet sein, dass nicht nur Experten mit einer bestimmten Meinung zu Wort kommen und das Geh\u00f6r des Bundestages finden. Es m\u00fcssen vielmehr alle relevanten Daten und Aspekte der ausgerufenen Pandemie zur Sprache kommen und auch alle machbaren konstruktiven L\u00f6sungsvorschl\u00e4ge.<\/p>\n<p style=\"text-align: justify; padding-left: 30px;\">Mit der Einberufung einer solchen \u00f6ffentlich tagenden Kommission unter der Schirmherrschaft des Bundestages und einer neutralen Moderation kann das derzeit sp\u00fcrbar schwindende Vertrauen der Bev\u00f6lkerung in unsere Demokratie wieder hergestellt und eine drohende Spaltung der Gesellschaft vermieden werden.<\/p>\n<p style=\"text-align: justify; padding-left: 30px;\">Die Berufung der Kommissionsmitglieder muss von vornherein transparent und nachvollziehbar erfolgen. Deshalb ist die Einbeziehung einer neutralen und mit demokratischen Konsensprozessen sehr erfahrenen Organisation entscheidend.<\/p>\n<p>&nbsp;<\/p>\n<p>&nbsp;<\/p>\n<p style=\"text-align: justify;\"><img loading=\"lazy\" decoding=\"async\" class=\"alignleft\" src=\"https:\/\/www.jocelyne-lopez.de\/blog\/wp-content\/uploads\/2020\/04\/Jo-Logo-Grundgesetz.2-1.jpg\" alt=\"\" width=\"136\" height=\"183\"\/><\/p>\n<p style=\"text-align: justify;\">Gem\u00e4\u00df Petitionsrecht und Grundgesetz &nbsp;m\u00fcsste jetzt die Petition vom Bundestag angenommen, behandelt und entschieden werden. Ich sehe aber die Au\u00dferkraftsetzung des Grundgesetzes bereits so weit fortgeschritten und verankert, dass das Parlament diese Petition ignorieren wird.<\/p>\n<p style=\"text-align: justify;\">Das Parlament hat sich ohnehin selbst entmachtet &#8211;&nbsp; die Exekutive darf einzig durch Verordnungen durchregieren &#8211; und hat Null Interesse an eine parit\u00e4tische Untersuchung der Entscheidungsgrundlagen, daf\u00fcr sehr wohl Interesse an eine Spaltung der Gesellschaft, das erleben wir tagt\u00e4glich seitens Politiker aller Fraktionen. Ich halte die Lage f\u00fcr sehr ernst, die Demokratie ist abgesetzt, wie erleben einen Putsch. &nbsp;<\/p>\n","protected":false},"excerpt":{"rendered":"<p>Am 30. Juli 2020 hat eine Petition beim deutschen Bundestag das Quorum von 50.000 Unterschriften \u00fcberschritten, siehe Petition 109562 &#8211; Einberufung einer &#8222;Expertenkommission&#8220; mit Bef\u00fcrwortern und Kritikern des bundesweiten Coronavirus-Lockdowns vom 12.04.2020 Text der Petition Mit der Petition wird die unverz\u00fcgliche Einberufung einer parit\u00e4tisch mit Bef\u00fcrwortern und Kritikern des bundesweiten Coronavirus-Lockdowns besetzten Expertenkommission gefordert. Die [&hellip;]<\/p>\n","protected":false},"author":3,"featured_media":0,"comment_status":"closed","ping_status":"closed","sticky":false,"template":"","format":"standard","meta":{"om_disable_all_campaigns":false,"_monsterinsights_skip_tracking":false,"_monsterinsights_sitenote_active":false,"_monsterinsights_sitenote_note":"","_monsterinsights_sitenote_category":0,"ngg_post_thumbnail":0,"footnotes":""},"categories":[1470],"tags":[],"class_list":["post-7789","post","type-post","status-publish","format-standard","hentry","category-corona-krise"],"aioseo_notices":[],"_links":{"self":[{"href":"https:\/\/www.jocelyne-lopez.de\/blog\/wp-json\/wp\/v2\/posts\/7789"}],"collection":[{"href":"https:\/\/www.jocelyne-lopez.de\/blog\/wp-json\/wp\/v2\/posts"}],"about":[{"href":"https:\/\/www.jocelyne-lopez.de\/blog\/wp-json\/wp\/v2\/types\/post"}],"author":[{"embeddable":true,"href":"https:\/\/www.jocelyne-lopez.de\/blog\/wp-json\/wp\/v2\/users\/3"}],"replies":[{"embeddable":true,"href":"https:\/\/www.jocelyne-lopez.de\/blog\/wp-json\/wp\/v2\/comments?post=7789"}],"version-history":[{"count":0,"href":"https:\/\/www.jocelyne-lopez.de\/blog\/wp-json\/wp\/v2\/posts\/7789\/revisions"}],"wp:attachment":[{"href":"https:\/\/www.jocelyne-lopez.de\/blog\/wp-json\/wp\/v2\/media?parent=7789"}],"wp:term":[{"taxonomy":"category","embeddable":true,"href":"https:\/\/www.jocelyne-lopez.de\/blog\/wp-json\/wp\/v2\/categories?post=7789"},{"taxonomy":"post_tag","embeddable":true,"href":"https:\/\/www.jocelyne-lopez.de\/blog\/wp-json\/wp\/v2\/tags?post=7789"}],"curies":[{"name":"wp","href":"https:\/\/api.w.org\/{rel}","templated":true}]}}