{"id":7778,"date":"2020-07-24T18:40:23","date_gmt":"2020-07-24T17:40:23","guid":{"rendered":"https:\/\/www.jocelyne-lopez.de\/blog\/?p=7778"},"modified":"2020-07-24T18:40:25","modified_gmt":"2020-07-24T17:40:25","slug":"urteil-des-verfassungsgerichts-in-oesterreich-der-lockdown-war-gesetzwidrig","status":"publish","type":"post","link":"https:\/\/www.jocelyne-lopez.de\/blog\/2020\/07\/urteil-des-verfassungsgerichts-in-oesterreich-der-lockdown-war-gesetzwidrig\/","title":{"rendered":"Urteil des Verfassungsgerichts  in \u00d6sterreich: Der Lockdown war gesetzwidrig"},"content":{"rendered":"<p>Eine Information &nbsp;aus dem &nbsp;Nachrichtenportal <em>Corona Transition<\/em> vom &nbsp;24. Juli 2020:<\/p>\n<p style=\"padding-left: 30px; text-align: justify;\"><a href=\"https:\/\/corona-transition.org\/ausgangsbeschrankungen-in-osterreich-waren-verfassungswidrig\">Ausgangsbeschr\u00e4nkungen in \u00d6sterreich waren verfassungswidrig<\/a>&nbsp;<br \/>\n<em><strong>Das Oberste Gericht der Republik massregelt die Regierung und deren Massnahmen.<br \/>\n<\/strong>Die in \u00d6sterreich verh\u00e4ngten Ausgangsbeschr\u00e4nkungen im \u00f6ffentlichen Raum waren verfassungswidrig. Das berichtet Die Presse unter Berufung auf einen Entscheid des Verfassungsgerichtshofes (VfGH).<\/em> [&#8230;]<br \/>\nQuelle: <em>Die Presse<\/em> vom 22. Juli 2020: <a href=\"https:\/\/www.diepresse.com\/5842782\/hochstrichter-corona-ausgehregeln-waren-gesetzeswidrig\">H\u00f6chstrichter: Corona-Ausgehregeln waren gesetzeswidrig<\/a><\/p>\n<p style=\"padding-left: 30px;\">&nbsp;<\/p>\n<p>Auch ein deutsches Gericht hat &nbsp;bereits &nbsp;in diesem Sinne entschieden: Der Lockdown von einem ganzen Landkreis &nbsp;in NRW war gesetzwidrig (nicht mehr verh\u00e4ltnism\u00e4\u00dfig).<br \/>\nQuelle:&nbsp; <em>ntv<\/em> vom 6. Juli 2020: <a href=\"https:\/\/www.n-tv.de\/panorama\/Gericht-hebt-Lockdown-in-Kreis-Guetersloh-auf-article21893935.html\">&#8222;Nicht mehr verh\u00e4ltnism\u00e4\u00dfig&#8220; Gericht hebt Lockdown in Kreis G\u00fctersloh auf<\/a><\/p>\n<p>&nbsp;<\/p>\n<p style=\"text-align: justify;\">Warum die Gerichte diese Ma\u00dfnahmen v\u00f6llig zu Recht f\u00fcr nicht verh\u00e4ltnism\u00e4\u00dfig beurteilen, kann man meiner Meinung nach zum Beispiel mit der tiefgr\u00fcndigen Analyse von Gunter Frank vom 23.07.2020 sehr gut nachvollziehen \u2013 unbedingt lesenswert!<\/p>\n<p style=\"padding-left: 30px;\"><a href=\"https:\/\/www.achgut.com\/artikel\/bericht_zur_coronalage_massentests_und_kuenstliche_wellen\">Bericht zur Coronalage 23.07.2020: Massentests und k\u00fcnstliche Wellen<\/a><\/p>\n<p style=\"padding-left: 30px;\"><img loading=\"lazy\" decoding=\"async\" class=\"alignright\" src=\"https:\/\/www.jocelyne-lopez.de\/blog\/wp-content\/uploads\/2020\/07\/Bildschirmausdruck-Gunter-Frank.jpg\" width=\"453\" height=\"186\"\/><\/p>\n<p>&nbsp;<\/p>\n<p>&nbsp;<\/p>\n<p>&nbsp;<\/p>\n<p>&nbsp;<\/p>\n<h5 style=\"text-align: center;\">Bildschirmausdruck Achtgut.com<\/h5>\n<p style=\"padding-left: 30px; text-align: justify;\"><em>Die Corona-Erkrankungs- und Todeszahlen entsprechen in Europa schon seit langem dem Auslaufen einer saisonalen viralen Atemwegsinfektion, die man gemeinhin Grippewelle nennt. Meist mit Zahlen, wie sie jedes Jahr auffallen, f\u00fcr das eine Land mehr, f\u00fcr das andere weniger. Seit Jahrzehnten gehen wir mit solchen Grippewellen um, ohne in Panik zu verfallen und ganze L\u00e4nder durch Lockdowns schwer zu besch\u00e4digen. Im Gegenteil, es gibt immer mehr Hinweise, dass der Lockdown selbst in betr\u00e4chtlicher Zahl Todesopfer fordert. Es f\u00e4llt auf, dass die Infektionszahlen schon vor dem Lockdown r\u00fcckl\u00e4ufig waren, aber dennoch die \u00dcbersterblichkeit genau mit dem Verh\u00e4ngen des Lockdowns beginnt.<\/em><\/p>\n<p style=\"padding-left: 30px;\">[&#8230;] <a href=\"https:\/\/www.achgut.com\/artikel\/bericht_zur_coronalage_massentests_und_kuenstliche_wellen\">Weiterlesen&#8230;<\/a><\/p>\n","protected":false},"excerpt":{"rendered":"<p>Eine Information &nbsp;aus dem &nbsp;Nachrichtenportal Corona Transition vom &nbsp;24. Juli 2020: Ausgangsbeschr\u00e4nkungen in \u00d6sterreich waren verfassungswidrig&nbsp; Das Oberste Gericht der Republik massregelt die Regierung und deren Massnahmen. Die in \u00d6sterreich verh\u00e4ngten Ausgangsbeschr\u00e4nkungen im \u00f6ffentlichen Raum waren verfassungswidrig. Das berichtet Die Presse unter Berufung auf einen Entscheid des Verfassungsgerichtshofes (VfGH). [&#8230;] Quelle: Die Presse vom 22. [&hellip;]<\/p>\n","protected":false},"author":3,"featured_media":0,"comment_status":"closed","ping_status":"closed","sticky":false,"template":"","format":"standard","meta":{"om_disable_all_campaigns":false,"_monsterinsights_skip_tracking":false,"_monsterinsights_sitenote_active":false,"_monsterinsights_sitenote_note":"","_monsterinsights_sitenote_category":0,"ngg_post_thumbnail":0,"footnotes":""},"categories":[1470],"tags":[1511],"class_list":["post-7778","post","type-post","status-publish","format-standard","hentry","category-corona-krise","tag-gunter-frank"],"aioseo_notices":[],"_links":{"self":[{"href":"https:\/\/www.jocelyne-lopez.de\/blog\/wp-json\/wp\/v2\/posts\/7778"}],"collection":[{"href":"https:\/\/www.jocelyne-lopez.de\/blog\/wp-json\/wp\/v2\/posts"}],"about":[{"href":"https:\/\/www.jocelyne-lopez.de\/blog\/wp-json\/wp\/v2\/types\/post"}],"author":[{"embeddable":true,"href":"https:\/\/www.jocelyne-lopez.de\/blog\/wp-json\/wp\/v2\/users\/3"}],"replies":[{"embeddable":true,"href":"https:\/\/www.jocelyne-lopez.de\/blog\/wp-json\/wp\/v2\/comments?post=7778"}],"version-history":[{"count":0,"href":"https:\/\/www.jocelyne-lopez.de\/blog\/wp-json\/wp\/v2\/posts\/7778\/revisions"}],"wp:attachment":[{"href":"https:\/\/www.jocelyne-lopez.de\/blog\/wp-json\/wp\/v2\/media?parent=7778"}],"wp:term":[{"taxonomy":"category","embeddable":true,"href":"https:\/\/www.jocelyne-lopez.de\/blog\/wp-json\/wp\/v2\/categories?post=7778"},{"taxonomy":"post_tag","embeddable":true,"href":"https:\/\/www.jocelyne-lopez.de\/blog\/wp-json\/wp\/v2\/tags?post=7778"}],"curies":[{"name":"wp","href":"https:\/\/api.w.org\/{rel}","templated":true}]}}