{"id":7773,"date":"2020-07-18T10:58:31","date_gmt":"2020-07-18T09:58:31","guid":{"rendered":"https:\/\/www.jocelyne-lopez.de\/blog\/?p=7773"},"modified":"2020-07-18T11:01:14","modified_gmt":"2020-07-18T10:01:14","slug":"gemaess-statistiken-gab-es-2020-weltweit-gar-keine-pandemie","status":"publish","type":"post","link":"https:\/\/www.jocelyne-lopez.de\/blog\/2020\/07\/gemaess-statistiken-gab-es-2020-weltweit-gar-keine-pandemie\/","title":{"rendered":"Gem\u00e4\u00df Statistiken gab es 2020 weltweit gar keine Pandemie&#8230;"},"content":{"rendered":"<p style=\"text-align: justify;\">Alle Statistiken in allen L\u00e4ndern sprechen die gleiche Sprache: Es gab bis jetzt gar keine Pandemie&#8230;<br \/>\n<span style=\"color: #ffffff;\">.<\/span><\/p>\n<ul>\n<li style=\"text-align: justify;\">Zum Beispiel in der <a href=\"https:\/\/swprs.org\/covid-19-hinweis-ii\/#latest\">Juli-Aktualisierung<\/a> der statistischen Auswertungen aus der Webseite Swiss Policy Research:&nbsp;&nbsp;&nbsp;&nbsp;\n<p><em>In den meisten westlichen L\u00e4ndern war der H\u00f6hepunkt der Coronavirus-Infektionen bereits im M\u00e4rz oder April und oftmals noch vor dem Lockdown erreicht. Der H\u00f6hepunkt der Todesf\u00e4lle lag in den meisten westlichen L\u00e4ndern im April. Seither gehen die Hospitalisierungen und Todesf\u00e4lle in den meisten westlichen L\u00e4ndern wieder zur\u00fcck (siehe Grafiken unten). Diese Entwicklung gilt auch f\u00fcr L\u00e4nder ohne Lockdown, wie z.B. Schweden, Wei\u00dfrussland und Japan. Die kumulierte Jahressterblichkeit liegt in den meisten westlichen L\u00e4ndern weiterhin <a href=\"https:\/\/swprs.org\/studies-on-covid-19-lethality\/#overall-mortality\">im Bereich<\/a>&nbsp;&nbsp; einer milden (z.B. CH, AT, DE) bis starken (z.B. USA, UK) Grippewelle. [&#8230;]<\/em><\/li>\n<\/ul>\n<p>&nbsp;<\/p>\n<ul>\n<li style=\"text-align: justify;\">zum Beispiel die Sterbef\u00e4lle-Statistiken vom <a href=\"https:\/\/www.destatis.de\/DE\/Themen\/Gesellschaft-Umwelt\/Bevoelkerung\/Sterbefaelle-Lebenserwartung\/Tabellen\/sonderauswertung-sterbefaelle.html?fbclid=IwAR19DYzCnsU95Yy3arAVlEQixfnsNs40Sg-DQ5mOZ5D0c_khpC9VOJpTtLg\">deutschen&nbsp; Statistischen Bundesamt:<\/a><\/li>\n<\/ul>\n<p style=\"padding-left: 60px;\"><a href=\"https:\/\/www.jocelyne-lopez.de\/blog\/wp-content\/uploads\/2020\/07\/Bildschirmausdruck-Sterblichkeit-Statistisches-Bundesamt.jpg\"><img loading=\"lazy\" decoding=\"async\" class=\"wp-image-7774 alignleft\" src=\"https:\/\/www.jocelyne-lopez.de\/blog\/wp-content\/uploads\/2020\/07\/Bildschirmausdruck-Sterblichkeit-Statistisches-Bundesamt.jpg\" alt=\"\" width=\"304\" height=\"185\" srcset=\"https:\/\/www.jocelyne-lopez.de\/blog\/wp-content\/uploads\/2020\/07\/Bildschirmausdruck-Sterblichkeit-Statistisches-Bundesamt.jpg 937w, https:\/\/www.jocelyne-lopez.de\/blog\/wp-content\/uploads\/2020\/07\/Bildschirmausdruck-Sterblichkeit-Statistisches-Bundesamt-300x182.jpg 300w, https:\/\/www.jocelyne-lopez.de\/blog\/wp-content\/uploads\/2020\/07\/Bildschirmausdruck-Sterblichkeit-Statistisches-Bundesamt-768x466.jpg 768w\" sizes=\"(max-width: 304px) 100vw, 304px\" \/><\/a><\/p>\n<p>&nbsp;<\/p>\n<p>&nbsp;<\/p>\n<p>&nbsp;<\/p>\n<p>&nbsp;<\/p>\n<p><span style=\"color: #ffffff;\">.<\/span><\/p>\n<p><span style=\"color: #ffffff;\">.<\/span><\/p>\n<p style=\"padding-left: 30px;\"><span style=\"color: #ffffff;\">..<br \/>\n<\/span><\/p>\n<p>&nbsp;<\/p>\n<ul>\n<li style=\"text-align: justify;\">zum Beispiel Information aus dem Nachrichtenportal <a href=\"https:\/\/corona-transition.org\/usa-lediglich-15-822-menschen-mit-schwerem-covid-19-verlauf\">Corona Transition:<\/a>&nbsp;&nbsp;&nbsp;\n<p><em><strong>USA: Lediglich 15\u2019822 Menschen mit schwerem Covid-19 Verlauf<br \/>\n<\/strong> <\/em><br \/>\n<em>Auch in allen anderen L\u00e4ndern ist die Anzahl Schwererkrankter gering.<\/em><br \/>\n<em>Die Zahl der schweren Covid-19 Erkrankungen ist in den USA und seinen 328 Millionen Einwohnern mit 15\u2019822 F\u00e4llen \u00fcberschaubar \u2014 und global betrachtet keineswegs aussergew\u00f6hlich.<br \/>\nAuch Brasilien, in den meisten Medien als neuer Hotspot deklariert, meldet nur 8\u2019318 Schwerkranke mit Covid-19, bei 209 Millionen Einwohnern.<\/em><br \/>\n<em>Wie aus den bei Statista visualisierten Daten ebenfalls hervorgeht, registrierte Deutschland im Berichtszeitraum genau 278 und Spanien gar keine schweren F\u00e4lle.<\/em><br \/>\n<em>Ohnehin verl\u00e4uft den Daten zufolge die Erkrankung in den meisten F\u00e4llen mild.<br \/>\n\u00abAm 13. Juli 2020 registrierten die USA rund 1,76 Millionen aktive Corona-F\u00e4lle\u00bb, schreibt Statista, und: \u00abDavon zeigen rund 1,74 Millionen F\u00e4lle milde Symptome\u00bb.<\/em>&nbsp;<br \/>\n<span style=\"color: #ffffff;\">.<\/span><br \/>\n<span style=\"color: #ffffff;\">.<\/span><\/li>\n<li>Zum Beispiel Video vom 17.07.2020 von Dr. med. Bodo Schifmann <a href=\"https:\/\/www.youtube.com\/watch?v=JvTauloRsPE\">Die Pandemie, die keine war<\/a>\n<p style=\"text-align: justify;\"><em>&#8222;Michael Ballweg von der Querdenken Initiative hat mich gebeten ein Video rauszusuchen welches er am 01.08.2020 \u00fcber Fernsehkan\u00e4le, senden m\u00f6chte. Ich f\u00fchle mich sehr geehrt und habe mir \u00fcberlegt, ob ich wirklich ein altes Video recyceln will, oder ob ich nicht lieber ein neues Video produzieren m\u00f6chte. Ich habe mich dazu entschlossen noch einmal die ganze Geschichte von Anfang an zu erz\u00e4hlen und die ganzen seltsamen Ungereimtheiten zusammenzufassen, die mich stutzig gemacht hat.<\/em><\/p>\n<p style=\"text-align: justify;\"><em>Das Video schlie\u00dft mit den aktuellen Zahlen und besch\u00e4ftigt sich auch mit den Zahlen aus den USA und den Ungereimtheiten der Testzahlen aus dem RKI.&#8220;<\/em><\/p>\n<\/li>\n<\/ul>\n<p style=\"padding-left: 30px; text-align: justify;\">https:\/\/www.youtube.com\/watch?v=JvTauloRsPE<\/p>\n<p>&nbsp;<\/p>\n<p>&nbsp;<\/p>\n<p style=\"text-align: justify;\">Wie konnten&nbsp; uns die Politik und die Massenmedien seit Monaten eine Pandemie&nbsp; vorgaukeln auf der Grundlage von Statistiken, die unmissverst\u00e4ndlich&nbsp; zeigen, dass es keine Pandemie gab???<\/p>\n","protected":false},"excerpt":{"rendered":"<p>Alle Statistiken in allen L\u00e4ndern sprechen die gleiche Sprache: Es gab bis jetzt gar keine Pandemie&#8230; . Zum Beispiel in der Juli-Aktualisierung der statistischen Auswertungen aus der Webseite Swiss Policy Research:&nbsp;&nbsp;&nbsp;&nbsp; In den meisten westlichen L\u00e4ndern war der H\u00f6hepunkt der Coronavirus-Infektionen bereits im M\u00e4rz oder April und oftmals noch vor dem Lockdown erreicht. Der H\u00f6hepunkt [&hellip;]<\/p>\n","protected":false},"author":3,"featured_media":0,"comment_status":"closed","ping_status":"closed","sticky":false,"template":"","format":"standard","meta":{"om_disable_all_campaigns":false,"_monsterinsights_skip_tracking":false,"_monsterinsights_sitenote_active":false,"_monsterinsights_sitenote_note":"","_monsterinsights_sitenote_category":0,"ngg_post_thumbnail":0,"footnotes":""},"categories":[1470],"tags":[1467,1508],"class_list":["post-7773","post","type-post","status-publish","format-standard","hentry","category-corona-krise","tag-dr-bodo-schiffmann","tag-michael-ballweg"],"aioseo_notices":[],"_links":{"self":[{"href":"https:\/\/www.jocelyne-lopez.de\/blog\/wp-json\/wp\/v2\/posts\/7773"}],"collection":[{"href":"https:\/\/www.jocelyne-lopez.de\/blog\/wp-json\/wp\/v2\/posts"}],"about":[{"href":"https:\/\/www.jocelyne-lopez.de\/blog\/wp-json\/wp\/v2\/types\/post"}],"author":[{"embeddable":true,"href":"https:\/\/www.jocelyne-lopez.de\/blog\/wp-json\/wp\/v2\/users\/3"}],"replies":[{"embeddable":true,"href":"https:\/\/www.jocelyne-lopez.de\/blog\/wp-json\/wp\/v2\/comments?post=7773"}],"version-history":[{"count":0,"href":"https:\/\/www.jocelyne-lopez.de\/blog\/wp-json\/wp\/v2\/posts\/7773\/revisions"}],"wp:attachment":[{"href":"https:\/\/www.jocelyne-lopez.de\/blog\/wp-json\/wp\/v2\/media?parent=7773"}],"wp:term":[{"taxonomy":"category","embeddable":true,"href":"https:\/\/www.jocelyne-lopez.de\/blog\/wp-json\/wp\/v2\/categories?post=7773"},{"taxonomy":"post_tag","embeddable":true,"href":"https:\/\/www.jocelyne-lopez.de\/blog\/wp-json\/wp\/v2\/tags?post=7773"}],"curies":[{"name":"wp","href":"https:\/\/api.w.org\/{rel}","templated":true}]}}