{"id":7736,"date":"2020-06-12T08:27:12","date_gmt":"2020-06-12T07:27:12","guid":{"rendered":"https:\/\/www.jocelyne-lopez.de\/blog\/?p=7736"},"modified":"2020-06-12T08:29:47","modified_gmt":"2020-06-12T07:29:47","slug":"eine-seltenheit-eine-art-offene-debatte-ueber-die-corona-krise-bei-der-mainstream-diskussionsplattform-scilog-spektrum-der-wissenschaft","status":"publish","type":"post","link":"https:\/\/www.jocelyne-lopez.de\/blog\/2020\/06\/eine-seltenheit-eine-art-offene-debatte-ueber-die-corona-krise-bei-der-mainstream-diskussionsplattform-scilog-spektrum-der-wissenschaft\/","title":{"rendered":"Eine Seltenheit: Eine Art offene Debatte \u00fcber die Corona-Krise bei der Mainstream-Diskussionsplattform SciLog\/Spektrum der Wissenschaft"},"content":{"rendered":"<p style=\"text-align: justify;\">Bei der Diskussionsplattform SciLogs \/ Spektrum der Wissenschaft, die sonst bei vielen&nbsp; wissenschaftlichen Themen streng Mainstream ist und kritische Autoren und Kommentatoren ausgrenzt, zensiert und diffamieren l\u00e4sst, &nbsp;erlaubt zurzeit die Bloggerin Karin Schumacher ungehindert das Vortragen von Argumenten gegen die Corona-Ma\u00dfnahmen in zwei ihrer Blogs, so da\u00df eine Art offene Debatte m\u00f6glich ist, siehe:<\/p>\n<p>&nbsp;<\/p>\n<ul>\n<li><a href=\"https:\/\/scilogs.spektrum.de\/medicine-and-more\/covid-19-deutschland-traegt-maske-aber-wieso\/\">COVID-19: Deutschland tr\u00e4gt Maske \u2013 aber wie(so)?<\/a> <br \/>(121 Kommentare)\n<p>sowie eine noch laufende Fortsetzung<\/p>\n<\/li>\n<\/ul>\n<ul>\n<li><a href=\"https:\/\/scilogs.spektrum.de\/medicine-and-more\/covid-19-who-studie-zeigt-wirkung-von-sozialer-distanz-und-mund-nasen-schutz\/\">COVID-19: COVID-19: WHO-Studie zeigt Wirkung von sozialer Distanz und Mund-Nasen-Schutz<\/a> <br \/>(zum heutigem Tag&nbsp; 153 Kommentare)<br \/><span style=\"color: #ffffff;\">.<\/span><\/li>\n<\/ul>\n<p>Ich vertrete in dieser Diskussion eine kritische Position zu den Corona-Ma\u00dfnahmen.<\/p>\n<p style=\"padding-left: 150px;\"><img loading=\"lazy\" decoding=\"async\" class=\"aligncenter \" src=\"https:\/\/www.jocelyne-lopez.de\/blog\/wp-content\/uploads\/2020\/04\/Jo-Logo-Grundgesetz.2-1.jpg\" width=\"159\" height=\"220\"\/><\/p>\n\n\n<p><\/p>\n","protected":false},"excerpt":{"rendered":"<p>Bei der Diskussionsplattform SciLogs \/ Spektrum der Wissenschaft, die sonst bei vielen&nbsp; wissenschaftlichen Themen streng Mainstream ist und kritische Autoren und Kommentatoren ausgrenzt, zensiert und diffamieren l\u00e4sst, &nbsp;erlaubt zurzeit die Bloggerin Karin Schumacher ungehindert das Vortragen von Argumenten gegen die Corona-Ma\u00dfnahmen in zwei ihrer Blogs, so da\u00df eine Art offene Debatte m\u00f6glich ist, siehe: &nbsp; [&hellip;]<\/p>\n","protected":false},"author":3,"featured_media":0,"comment_status":"closed","ping_status":"closed","sticky":false,"template":"","format":"standard","meta":{"om_disable_all_campaigns":false,"_monsterinsights_skip_tracking":false,"_monsterinsights_sitenote_active":false,"_monsterinsights_sitenote_note":"","_monsterinsights_sitenote_category":0,"ngg_post_thumbnail":0,"footnotes":""},"categories":[1470],"tags":[270,1476,1416],"class_list":["post-7736","post","type-post","status-publish","format-standard","hentry","category-corona-krise","tag-jocelyne-lopez","tag-karin-schumacher","tag-scilogs-spektrum-der-wissenschaft"],"aioseo_notices":[],"_links":{"self":[{"href":"https:\/\/www.jocelyne-lopez.de\/blog\/wp-json\/wp\/v2\/posts\/7736"}],"collection":[{"href":"https:\/\/www.jocelyne-lopez.de\/blog\/wp-json\/wp\/v2\/posts"}],"about":[{"href":"https:\/\/www.jocelyne-lopez.de\/blog\/wp-json\/wp\/v2\/types\/post"}],"author":[{"embeddable":true,"href":"https:\/\/www.jocelyne-lopez.de\/blog\/wp-json\/wp\/v2\/users\/3"}],"replies":[{"embeddable":true,"href":"https:\/\/www.jocelyne-lopez.de\/blog\/wp-json\/wp\/v2\/comments?post=7736"}],"version-history":[{"count":0,"href":"https:\/\/www.jocelyne-lopez.de\/blog\/wp-json\/wp\/v2\/posts\/7736\/revisions"}],"wp:attachment":[{"href":"https:\/\/www.jocelyne-lopez.de\/blog\/wp-json\/wp\/v2\/media?parent=7736"}],"wp:term":[{"taxonomy":"category","embeddable":true,"href":"https:\/\/www.jocelyne-lopez.de\/blog\/wp-json\/wp\/v2\/categories?post=7736"},{"taxonomy":"post_tag","embeddable":true,"href":"https:\/\/www.jocelyne-lopez.de\/blog\/wp-json\/wp\/v2\/tags?post=7736"}],"curies":[{"name":"wp","href":"https:\/\/api.w.org\/{rel}","templated":true}]}}