{"id":7734,"date":"2020-06-08T16:07:50","date_gmt":"2020-06-08T15:07:50","guid":{"rendered":"https:\/\/www.jocelyne-lopez.de\/blog\/?p=7734"},"modified":"2020-06-08T16:08:30","modified_gmt":"2020-06-08T15:08:30","slug":"anzeige-des-vereins-mwgfd-e-v-von-der-faz-abgelehnt-aufforderung-an-die-bundesregierung-und-alle-landesregierungen","status":"publish","type":"post","link":"https:\/\/www.jocelyne-lopez.de\/blog\/2020\/06\/anzeige-des-vereins-mwgfd-e-v-von-der-faz-abgelehnt-aufforderung-an-die-bundesregierung-und-alle-landesregierungen\/","title":{"rendered":"Anzeige des Vereins MWGFD e.V.  von der FAZ abgelehnt: Aufforderung an die Bundesregierung und alle Landesregierungen"},"content":{"rendered":"<p style=\"text-align: justify;\">Nachstehend die <a href=\"https:\/\/www.mwgfd.de\/2020\/06\/abgelehnt-aufforderung-an-die-bundesregierung-und-alle-landesregierungen\/\">Mitteilung<\/a> des Vereins MWGD e.V. (Mediziner und Wissenschaftler f\u00fcr Gesundheit, Freiheit und Demokratie e.V.) auf seiner Webseite:<\/p>\n<p>&nbsp;<\/p>\n<p><img loading=\"lazy\" decoding=\"async\" class=\"alignnone\" src=\"https:\/\/www.jocelyne-lopez.de\/blog\/wp-content\/uploads\/2020\/06\/Logo-Verein-MWGFD.jpg\" width=\"503\" height=\"97\"\/><\/p>\n<p style=\"text-align: justify; padding-left: 30px;\">Lieber Besucher unserer Webseite,&nbsp; diese Anzeige wollten wir als MWGFD e.V. eigentlich am Freitag, den 05.06.2020 in der Frankfurter Allgemeinen Zeitung (F.A.Z.) schalten. Es war auch schon alles mit dem daf\u00fcr zust\u00e4ndigen Mitarbeiter der Zeitung besprochen. Auch der nicht gerade geringe Preis hierf\u00fcr war schon fest vereinbart.<\/p>\n<p style=\"text-align: justify; padding-left: 30px;\">In letzter Minute hat der Herausgeber der F.A.Z., dem wir die Ver\u00f6ffentlichung unserer Anzeige durchaus zugetraut h\u00e4tten, diese mit der folgenden Begr\u00fcndung abgelehnt:<\/p>\n<p style=\"text-align: justify; padding-left: 60px;\">(Zitat) <em>\u201eWir behalten uns vor, Anzeigen, bei denen wir schwerwiegende Bedenken hinsichtlich der dargestellten Inhalte oder der getroffenen Aussagen haben nicht anzunehmen.<\/em><\/p>\n<p style=\"text-align: justify; padding-left: 60px;\"><em>Nach unserem Erkenntnisstand bestehen an den von Ihnen vertretenen wissenschaftlichen Positionen, auf die Sie sich in der Anzeige beziehen, schwerwiegende Zweifel.<\/em><\/p>\n<p style=\"text-align: justify; padding-left: 60px;\"><em>So haben wir uns nach eingehender Pr\u00fcfung entschieden, von der Ihrerseits geplanten Ver\u00f6ffentlichung in der F.A.Z. Abstand zu nehmen\u201c.<\/em><\/p>\n<p style=\"text-align: justify; padding-left: 30px;\">Wir hoffen nun, durch eine Ver\u00f6ffentlichung auf unserer Webseite trotzdem eine Verbreitung unserer \u201eAufforderung an die Bundesregierung und alle Landesregierungen\u201c&nbsp; in der \u00d6ffentlichkeit zu erreichen, und bitten Euch Alle, diese durch z.B. Teilen in sozialen Netzwerken, Downloaden und Weitergabe in ausgedruckter Form, etc. zu unterst\u00fctzen!<\/p>\n<p style=\"text-align: justify; padding-left: 30px;\">Vielleicht kommt sie auf diesem Weg ja auch dem ein oder anderen politischen Entscheidungstr\u00e4ger zu Gesicht und tr\u00e4gt im Idealfall auch zu dessen Umdenken bei.&nbsp;&nbsp;&nbsp;&nbsp;&nbsp;<\/p>\n<p style=\"padding-left: 30px;\">Vielen Dank f\u00fcr Eure Unterst\u00fctzung!&nbsp;&nbsp;&nbsp;&nbsp;&nbsp;&nbsp;&nbsp;&nbsp;&nbsp;&nbsp;<br \/>\nEuer&nbsp; MWGFD e.V. \u2013Team<\/p>\n<h3>&nbsp;<\/h3>\n<h3 style=\"text-align: center;\"><strong><a href=\"https:\/\/www.mwgfd.de\/wp-content\/uploads\/2020\/06\/Anzeige_FAZ.pdf\"><span style=\"color: #ff0000;\">TEXT DER ABGELEHNTE FAZ-ANZEIGE&#8230;<\/span><\/a><\/strong><\/h3>\n<p>&nbsp;<\/p>\n","protected":false},"excerpt":{"rendered":"<p>Nachstehend die Mitteilung des Vereins MWGD e.V. (Mediziner und Wissenschaftler f\u00fcr Gesundheit, Freiheit und Demokratie e.V.) auf seiner Webseite: &nbsp; Lieber Besucher unserer Webseite,&nbsp; diese Anzeige wollten wir als MWGFD e.V. eigentlich am Freitag, den 05.06.2020 in der Frankfurter Allgemeinen Zeitung (F.A.Z.) schalten. Es war auch schon alles mit dem daf\u00fcr zust\u00e4ndigen Mitarbeiter der Zeitung [&hellip;]<\/p>\n","protected":false},"author":3,"featured_media":0,"comment_status":"closed","ping_status":"closed","sticky":false,"template":"","format":"standard","meta":{"om_disable_all_campaigns":false,"_monsterinsights_skip_tracking":false,"_monsterinsights_sitenote_active":false,"_monsterinsights_sitenote_note":"","_monsterinsights_sitenote_category":0,"ngg_post_thumbnail":0,"footnotes":""},"categories":[1470],"tags":[1484,1480],"class_list":["post-7734","post","type-post","status-publish","format-standard","hentry","category-corona-krise","tag-mediziner-fuer-gesundheit-freiheit-und-demokratie-e-v","tag-mwgdf-e-v"],"aioseo_notices":[],"_links":{"self":[{"href":"https:\/\/www.jocelyne-lopez.de\/blog\/wp-json\/wp\/v2\/posts\/7734"}],"collection":[{"href":"https:\/\/www.jocelyne-lopez.de\/blog\/wp-json\/wp\/v2\/posts"}],"about":[{"href":"https:\/\/www.jocelyne-lopez.de\/blog\/wp-json\/wp\/v2\/types\/post"}],"author":[{"embeddable":true,"href":"https:\/\/www.jocelyne-lopez.de\/blog\/wp-json\/wp\/v2\/users\/3"}],"replies":[{"embeddable":true,"href":"https:\/\/www.jocelyne-lopez.de\/blog\/wp-json\/wp\/v2\/comments?post=7734"}],"version-history":[{"count":0,"href":"https:\/\/www.jocelyne-lopez.de\/blog\/wp-json\/wp\/v2\/posts\/7734\/revisions"}],"wp:attachment":[{"href":"https:\/\/www.jocelyne-lopez.de\/blog\/wp-json\/wp\/v2\/media?parent=7734"}],"wp:term":[{"taxonomy":"category","embeddable":true,"href":"https:\/\/www.jocelyne-lopez.de\/blog\/wp-json\/wp\/v2\/categories?post=7734"},{"taxonomy":"post_tag","embeddable":true,"href":"https:\/\/www.jocelyne-lopez.de\/blog\/wp-json\/wp\/v2\/tags?post=7734"}],"curies":[{"name":"wp","href":"https:\/\/api.w.org\/{rel}","templated":true}]}}