{"id":7731,"date":"2020-06-04T12:53:32","date_gmt":"2020-06-04T11:53:32","guid":{"rendered":"https:\/\/www.jocelyne-lopez.de\/blog\/?p=7731"},"modified":"2020-07-18T19:28:18","modified_gmt":"2020-07-18T18:28:18","slug":"das-lukrative-geschaeft-mit-der-schweinegrippe-2008-war-genau-dasselbe-geschaeft-wie-jetzt-fuer-corona-2020-vorgesehen-ist","status":"publish","type":"post","link":"https:\/\/www.jocelyne-lopez.de\/blog\/2020\/06\/das-lukrative-geschaeft-mit-der-schweinegrippe-2008-war-genau-dasselbe-geschaeft-wie-jetzt-fuer-corona-2020-vorgesehen-ist\/","title":{"rendered":"Das lukrative Gesch\u00e4ft mit der Schweinegrippe 2008 war genau dasselbe Gesch\u00e4ft wie jetzt f\u00fcr Corona 2020 vorgesehen ist!"},"content":{"rendered":"<p style=\"text-align: justify;\">Dr. med. Wolfgang Wodarg &nbsp;hatte bereits 2008 den Betrug durch die Pharmaindustrie mit der Schweinegrippe mitaufgedeckt, siehe folgende Dokumentation des Fernsehsenders ARTE aus dem Jahre 2009. Die \u00c4hnlichkeit mit der vermeintlichen \u201eCorona-Pandemie\u201c ist so frappierend, dass man sich fragt, wie&nbsp; die WHO,&nbsp; die Pharmaindustrie, die europ\u00e4ischen Regierungen und die sonstigen Profiteure der Angst so dreist sein k\u00f6nnen, haargenau denselben Betrug 11 Jahre sp\u00e4ter zu wiederholen, das ist schier unfassbar!!! Sehen Sie selbst:<\/p>\n<p style=\"text-align: center;\"><strong><a href=\"https:\/\/www.youtube.com\/watch?v=360F2ojeBFE\">arte Dokumentation 2009 &#8211; Die Profiteure der Angst &#8211;<\/a><br \/>Das Gesch\u00e4ft mit der Schweinegrippe <br \/><\/strong><\/p>\n<p><iframe loading=\"lazy\" title=\"ARTE + NDR &quot;Profiteure der Angst&quot; -  Impfstoff-Marketing mit erfundenen Pandemien Doku 2009\" width=\"500\" height=\"281\" src=\"https:\/\/www.youtube.com\/embed\/360F2ojeBFE?feature=oembed\" frameborder=\"0\" allow=\"accelerometer; autoplay; clipboard-write; encrypted-media; gyroscope; picture-in-picture; web-share\" referrerpolicy=\"strict-origin-when-cross-origin\" allowfullscreen><\/iframe><\/p>\n<p>&nbsp;<\/p>\n<p style=\"text-align: justify;\"><a href=\"https:\/\/www.wodarg.com\/vorstellung\/\">Dr. med. Wolfgang Wodarg<\/a> ist Internist, Pneumologe, Sozialmediziner, Arzt f\u00fcr Hygiene und Umweltmedizin und war langj\u00e4hriger Leiter eines Gesundheitsamtes.<\/p>\n<p style=\"text-align: justify;\">Von 1994 bis 2009 war er Bundestagsabgeordneter f\u00fcr die SPD im Bundestag&nbsp; und dort Initiator und Sprecher der Enquetekommission Ethik und Recht der modernen Medizin. Er war auch stellvertretender Fraktionsvorsitzender in der Parlamentarischen Versammlung des Europarates und Vorsitzender des dortigen Unterausschuss f\u00fcr Gesundheit.<\/p>\n<p style=\"text-align: justify;\">Jetzt arbeitet er als Hochschullehrer in Berlin und Flensburg sowie ehrenamtlich unter anderem bei Transparency International Deutschland. Als Patientenvertreter f\u00fcr den SoVD und Pr\u00e4sident der Rheuma-Liga Schleswig-Holstein setzt er seine Erfahrung weiterhin f\u00fcr ein gutes und gerechtes Gesundheitswesen ein.<\/p>\n\n\n<p><\/p>\n","protected":false},"excerpt":{"rendered":"<p>Dr. med. Wolfgang Wodarg &nbsp;hatte bereits 2008 den Betrug durch die Pharmaindustrie mit der Schweinegrippe mitaufgedeckt, siehe folgende Dokumentation des Fernsehsenders ARTE aus dem Jahre 2009. Die \u00c4hnlichkeit mit der vermeintlichen \u201eCorona-Pandemie\u201c ist so frappierend, dass man sich fragt, wie&nbsp; die WHO,&nbsp; die Pharmaindustrie, die europ\u00e4ischen Regierungen und die sonstigen Profiteure der Angst so dreist [&hellip;]<\/p>\n","protected":false},"author":3,"featured_media":0,"comment_status":"closed","ping_status":"closed","sticky":false,"template":"","format":"standard","meta":{"om_disable_all_campaigns":false,"_monsterinsights_skip_tracking":false,"_monsterinsights_sitenote_active":false,"_monsterinsights_sitenote_note":"","_monsterinsights_sitenote_category":0,"ngg_post_thumbnail":0,"footnotes":""},"categories":[1470],"tags":[1479],"class_list":["post-7731","post","type-post","status-publish","format-standard","hentry","category-corona-krise","tag-dr-wolfgang-wodarg"],"aioseo_notices":[],"_links":{"self":[{"href":"https:\/\/www.jocelyne-lopez.de\/blog\/wp-json\/wp\/v2\/posts\/7731"}],"collection":[{"href":"https:\/\/www.jocelyne-lopez.de\/blog\/wp-json\/wp\/v2\/posts"}],"about":[{"href":"https:\/\/www.jocelyne-lopez.de\/blog\/wp-json\/wp\/v2\/types\/post"}],"author":[{"embeddable":true,"href":"https:\/\/www.jocelyne-lopez.de\/blog\/wp-json\/wp\/v2\/users\/3"}],"replies":[{"embeddable":true,"href":"https:\/\/www.jocelyne-lopez.de\/blog\/wp-json\/wp\/v2\/comments?post=7731"}],"version-history":[{"count":0,"href":"https:\/\/www.jocelyne-lopez.de\/blog\/wp-json\/wp\/v2\/posts\/7731\/revisions"}],"wp:attachment":[{"href":"https:\/\/www.jocelyne-lopez.de\/blog\/wp-json\/wp\/v2\/media?parent=7731"}],"wp:term":[{"taxonomy":"category","embeddable":true,"href":"https:\/\/www.jocelyne-lopez.de\/blog\/wp-json\/wp\/v2\/categories?post=7731"},{"taxonomy":"post_tag","embeddable":true,"href":"https:\/\/www.jocelyne-lopez.de\/blog\/wp-json\/wp\/v2\/tags?post=7731"}],"curies":[{"name":"wp","href":"https:\/\/api.w.org\/{rel}","templated":true}]}}