{"id":7637,"date":"2019-12-20T10:18:00","date_gmt":"2019-12-20T09:18:00","guid":{"rendered":"https:\/\/www.jocelyne-lopez.de\/blog\/?p=7637"},"modified":"2020-03-12T14:37:03","modified_gmt":"2020-03-12T13:37:03","slug":"versteht-jemand-die-erklaerungen-des-physikers-prof-heinrich-paes-was-die-raumzeit-der-relativitaetstheorie-fuer-ein-feld-sein-soll","status":"publish","type":"post","link":"https:\/\/www.jocelyne-lopez.de\/blog\/2019\/12\/versteht-jemand-die-erklaerungen-des-physikers-prof-heinrich-paes-was-die-raumzeit-der-relativitaetstheorie-fuer-ein-feld-sein-soll\/","title":{"rendered":"Versteht jemand die Erkl\u00e4rungen des Physikers Prof. Heinrich P\u00e4s was die &#8222;Raumzeit&#8220; der Relativit\u00e4tstheorie f\u00fcr ein &#8222;Feld&#8220; sein soll?"},"content":{"rendered":"<p style=\"text-align: justify;\">Falls jemand in der Lage sein sollte, die Erkl\u00e4rungen des Physikers Prof. Heinrich P\u00e4s zu verstehen, was die \u201e<em>Raumzeit<\/em>\u201c der Relativit\u00e4tstheorie f\u00fcr ein \u201e<em>Feld<\/em>\u201c ist, sollte sich melden &#8211; ich muss leider passen&#8230; \ud83d\ude41<\/p>\n<p style=\"text-align: justify;\">Siehe in einer unzensierten Diskussion nach der Zensur und der Vertreibung aus den SciLogs\/Spektrum der Wissenschaft&nbsp; in unserer Webseite &#8222;Kritische Stimmen zur Relativit\u00e4tstheorie&#8220; <a href=\"https:\/\/www.kritik-relativitaetstheorie.de\/2018\/12\/luitpold-mayr-theorie-der-zeit\/#comment-82149\">meinen Kommentar Nr. 3851&#8230;<\/a><\/p>\n<p>&nbsp;<\/p>\n<p><a href=\"https:\/\/www.kritik-relativitaetstheorie.de\/\"><img loading=\"lazy\" decoding=\"async\" class=\"alignnone  wp-image-7451\" src=\"https:\/\/www.jocelyne-lopez.de\/blog\/wp-content\/uploads\/2019\/02\/logo-kritische-Stimmen.jpg\" alt=\"\" width=\"505\" height=\"100\" srcset=\"https:\/\/www.jocelyne-lopez.de\/blog\/wp-content\/uploads\/2019\/02\/logo-kritische-Stimmen.jpg 976w, https:\/\/www.jocelyne-lopez.de\/blog\/wp-content\/uploads\/2019\/02\/logo-kritische-Stimmen-300x60.jpg 300w, https:\/\/www.jocelyne-lopez.de\/blog\/wp-content\/uploads\/2019\/02\/logo-kritische-Stimmen-768x153.jpg 768w\" sizes=\"(max-width: 505px) 100vw, 505px\" \/><\/a><\/p>\n","protected":false},"excerpt":{"rendered":"<p>Falls jemand in der Lage sein sollte, die Erkl\u00e4rungen des Physikers Prof. Heinrich P\u00e4s zu verstehen, was die \u201eRaumzeit\u201c der Relativit\u00e4tstheorie f\u00fcr ein \u201eFeld\u201c ist, sollte sich melden &#8211; ich muss leider passen&#8230; \ud83d\ude41 Siehe in einer unzensierten Diskussion nach der Zensur und der Vertreibung aus den SciLogs\/Spektrum der Wissenschaft&nbsp; in unserer Webseite &#8222;Kritische Stimmen [&hellip;]<\/p>\n","protected":false},"author":3,"featured_media":0,"comment_status":"closed","ping_status":"closed","sticky":false,"template":"","format":"standard","meta":{"om_disable_all_campaigns":false,"_monsterinsights_skip_tracking":false,"_monsterinsights_sitenote_active":false,"_monsterinsights_sitenote_note":"","_monsterinsights_sitenote_category":0,"ngg_post_thumbnail":0,"footnotes":""},"categories":[13],"tags":[1404,1449,805,1448],"class_list":["post-7637","post","type-post","status-publish","format-standard","hentry","category-kritik-der-relativitatstheorie","tag-heinrich-paes","tag-raumzeit","tag-scilogs","tag-sprektrum-der-wissenschaft"],"aioseo_notices":[],"_links":{"self":[{"href":"https:\/\/www.jocelyne-lopez.de\/blog\/wp-json\/wp\/v2\/posts\/7637"}],"collection":[{"href":"https:\/\/www.jocelyne-lopez.de\/blog\/wp-json\/wp\/v2\/posts"}],"about":[{"href":"https:\/\/www.jocelyne-lopez.de\/blog\/wp-json\/wp\/v2\/types\/post"}],"author":[{"embeddable":true,"href":"https:\/\/www.jocelyne-lopez.de\/blog\/wp-json\/wp\/v2\/users\/3"}],"replies":[{"embeddable":true,"href":"https:\/\/www.jocelyne-lopez.de\/blog\/wp-json\/wp\/v2\/comments?post=7637"}],"version-history":[{"count":0,"href":"https:\/\/www.jocelyne-lopez.de\/blog\/wp-json\/wp\/v2\/posts\/7637\/revisions"}],"wp:attachment":[{"href":"https:\/\/www.jocelyne-lopez.de\/blog\/wp-json\/wp\/v2\/media?parent=7637"}],"wp:term":[{"taxonomy":"category","embeddable":true,"href":"https:\/\/www.jocelyne-lopez.de\/blog\/wp-json\/wp\/v2\/categories?post=7637"},{"taxonomy":"post_tag","embeddable":true,"href":"https:\/\/www.jocelyne-lopez.de\/blog\/wp-json\/wp\/v2\/tags?post=7637"}],"curies":[{"name":"wp","href":"https:\/\/api.w.org\/{rel}","templated":true}]}}