{"id":7532,"date":"2019-09-29T10:15:30","date_gmt":"2019-09-29T09:15:30","guid":{"rendered":"https:\/\/www.jocelyne-lopez.de\/blog\/?p=7532"},"modified":"2019-09-29T10:17:40","modified_gmt":"2019-09-29T09:17:40","slug":"die-lobby-der-theoretischen-physik-hat-angst-vor-g-o-mueller-wegen-entlarvung-von-geschichtsfaelschung","status":"publish","type":"post","link":"https:\/\/www.jocelyne-lopez.de\/blog\/2019\/09\/die-lobby-der-theoretischen-physik-hat-angst-vor-g-o-mueller-wegen-entlarvung-von-geschichtsfaelschung\/","title":{"rendered":"Die Lobby der theoretischen Physik hat Angst vor G.O. Mueller wegen Entlarvung von Geschichtsf\u00e4lschung"},"content":{"rendered":"<p style=\"text-align: justify;\">Siehe&nbsp; in der unzensierten Diskussion \u00fcber die Relativit\u00e4tstheorie in unserer Webseite &#8222;Kritische Stimmen zur Relativit\u00e4tstheorie&#8220; <a href=\"https:\/\/www.kritik-relativitaetstheorie.de\/2018\/12\/luitpold-mayr-theorie-der-zeit\/#comment-78545\">meinen Kommentar Nr.&nbsp; 3102&#8230;<\/a><\/p>\n<p><span style=\"color: #ffffff;\">.<\/span><\/p>\n<p><a href=\"https:\/\/www.kritik-relativitaetstheorie.de\/2018\/12\/luitpold-mayr-theorie-der-zeit\/\"><img loading=\"lazy\" decoding=\"async\" class=\"aligncenter \" src=\"https:\/\/www.jocelyne-lopez.de\/blog\/wp-content\/uploads\/2019\/02\/logo-kritische-Stimmen.jpg\" width=\"501\" height=\"99\"\/><\/a><\/p>\n","protected":false},"excerpt":{"rendered":"<p>Siehe&nbsp; in der unzensierten Diskussion \u00fcber die Relativit\u00e4tstheorie in unserer Webseite &#8222;Kritische Stimmen zur Relativit\u00e4tstheorie&#8220; meinen Kommentar Nr.&nbsp; 3102&#8230; .<\/p>\n","protected":false},"author":3,"featured_media":0,"comment_status":"closed","ping_status":"closed","sticky":false,"template":"","format":"standard","meta":{"om_disable_all_campaigns":false,"_monsterinsights_skip_tracking":false,"_monsterinsights_sitenote_active":false,"_monsterinsights_sitenote_note":"","_monsterinsights_sitenote_category":0,"ngg_post_thumbnail":0,"footnotes":""},"categories":[13],"tags":[564,16,12],"class_list":["post-7532","post","type-post","status-publish","format-standard","hentry","category-kritik-der-relativitatstheorie","tag-g-o-mueller","tag-gom-projekt","tag-gom-projekt-relativitatstheorie"],"aioseo_notices":[],"_links":{"self":[{"href":"https:\/\/www.jocelyne-lopez.de\/blog\/wp-json\/wp\/v2\/posts\/7532"}],"collection":[{"href":"https:\/\/www.jocelyne-lopez.de\/blog\/wp-json\/wp\/v2\/posts"}],"about":[{"href":"https:\/\/www.jocelyne-lopez.de\/blog\/wp-json\/wp\/v2\/types\/post"}],"author":[{"embeddable":true,"href":"https:\/\/www.jocelyne-lopez.de\/blog\/wp-json\/wp\/v2\/users\/3"}],"replies":[{"embeddable":true,"href":"https:\/\/www.jocelyne-lopez.de\/blog\/wp-json\/wp\/v2\/comments?post=7532"}],"version-history":[{"count":0,"href":"https:\/\/www.jocelyne-lopez.de\/blog\/wp-json\/wp\/v2\/posts\/7532\/revisions"}],"wp:attachment":[{"href":"https:\/\/www.jocelyne-lopez.de\/blog\/wp-json\/wp\/v2\/media?parent=7532"}],"wp:term":[{"taxonomy":"category","embeddable":true,"href":"https:\/\/www.jocelyne-lopez.de\/blog\/wp-json\/wp\/v2\/categories?post=7532"},{"taxonomy":"post_tag","embeddable":true,"href":"https:\/\/www.jocelyne-lopez.de\/blog\/wp-json\/wp\/v2\/tags?post=7532"}],"curies":[{"name":"wp","href":"https:\/\/api.w.org\/{rel}","templated":true}]}}