{"id":7511,"date":"2019-04-21T10:03:13","date_gmt":"2019-04-21T09:03:13","guid":{"rendered":"https:\/\/www.jocelyne-lopez.de\/blog\/?p=7511"},"modified":"2019-04-21T10:03:14","modified_gmt":"2019-04-21T09:03:14","slug":"michael-khan-ist-der-10-blogger-bei-scilogs-der-zensur-und-ausgrenzung-von-teilnehmern-betreibt","status":"publish","type":"post","link":"https:\/\/www.jocelyne-lopez.de\/blog\/2019\/04\/michael-khan-ist-der-10-blogger-bei-scilogs-der-zensur-und-ausgrenzung-von-teilnehmern-betreibt\/","title":{"rendered":"Michael Khan ist der 10. Blogger bei SciLogs, der Zensur und Ausgrenzung von Teilnehmern betreibt"},"content":{"rendered":"<p style=\"text-align: justify;\">Bei der angeblich freien Diskussionsplattform SciLogs wurden in den letzten Monaten bereits 9 Blogger entlarvt, die Zensur, Ausgrenzung bzw. Hetze von Andersdenkenden in der Mainstreamphysik betreiben, siehe mit einigen Details in einem <a href=\"https:\/\/www.kritik-relativitaetstheorie.de\/2018\/12\/dirk-freyling-ueber-den-modernen-zensurbetrieb\/\">Artikel in unserem Blog<\/a>:<\/p>\n<p style=\"padding-left: 30px;\">Lars Fischer (Chemie, Redaktion)<br \/>\nHeinrich P\u00e4s (Physik)<br \/>\nJoachim Schulz (Physik)<br \/>\nMarkus P\u00f6ssel (Physik)<br \/>\nMichael Blume (Religionswissenschaft, aktuelle Innen- und Au\u00dfenpolitik)<br \/>\nStephan Schleim (Philosophie, Psychologie, Kognitionswissenschaft)<br \/>\nHelmut Wicht (Anatomie, Philosophie)<br \/>\nJaromir Konecny (Chemiker, K\u00fcnstliche Intelligenz)<br \/>\nJosef Honerkamp (Physiker)<\/p>\n<p>&nbsp;<\/p>\n<p style=\"text-align: justify;\">Der 10. Kandidat in dieser stolzen Sammlung von Zensoren ist der Blogger Michael Khan (Luft- und Raumfahrtingenieur), der einen Artikel \u00fcber das angebliche Foto eines Schwarzen Loches als erneute sensationelle Best\u00e4tigung der Relativit\u00e4tstheorie bei SciLogs geschrieben hat: &#8222;<em>Wem verdanken wir das \u201cFoto vom schwarzen Loch\u201d<\/em>?<\/p>\n<p style=\"text-align: justify;\">Michael Khan ist offensichtlich v\u00f6llig mit seinem eigenen Thema \u00fcberfordert: Er hat im Kommentarbereich gar nichts zu sagen und seltsamerweise lediglich bezweifelt, dass \u00fcberhaupt jemand von einem <i>\u201eFoto\u201c<\/i> je gesprochen habe (wir haben uns es wohl alle eingebildet\u2026), Zitat Michael Khan:<i> \u201eWo genau hat denn irgendeine zitierf\u00e4hige Quelle oder einer der beteiligten Wissenschaftler das Wort \u201cFoto\u201d im genannten Zusammen-hang verwendet?\u201c<\/i>&nbsp;<\/p>\n<p style=\"text-align: justify;\">Der Mann schwimmt v\u00f6llig, er kriegt nichts mit. <img decoding=\"async\" class=\"emoji\" draggable=\"false\" src=\"https:\/\/s.w.org\/images\/core\/emoji\/11\/svg\/1f641.svg\" alt=\"?\"\/><\/p>\n<p style=\"text-align: justify;\">Hier weiterlesen <a href=\"https:\/\/www.kritik-relativitaetstheorie.de\/2018\/12\/dirk-freyling-ueber-den-modernen-zensurbetrieb\/#comment-70946\">Kommentar Nr. 55&#8230;.<\/a><\/p>\n<p><span style=\"color: #ffffff;\">.<\/span><\/p>\n<p><a href=\"https:\/\/www.kritik-relativitaetstheorie.de\/2018\/12\/luitpold-mayr-theorie-der-zeit\/\"><img loading=\"lazy\" decoding=\"async\" class=\"aligncenter \" src=\"https:\/\/www.jocelyne-lopez.de\/blog\/wp-content\/uploads\/2019\/02\/logo-kritische-Stimmen.jpg\" width=\"501\" height=\"99\"\/><\/a><\/p>\n","protected":false},"excerpt":{"rendered":"<p>Bei der angeblich freien Diskussionsplattform SciLogs wurden in den letzten Monaten bereits 9 Blogger entlarvt, die Zensur, Ausgrenzung bzw. Hetze von Andersdenkenden in der Mainstreamphysik betreiben, siehe mit einigen Details in einem Artikel in unserem Blog: Lars Fischer (Chemie, Redaktion) Heinrich P\u00e4s (Physik) Joachim Schulz (Physik) Markus P\u00f6ssel (Physik) Michael Blume (Religionswissenschaft, aktuelle Innen- und [&hellip;]<\/p>\n","protected":false},"author":3,"featured_media":0,"comment_status":"closed","ping_status":"closed","sticky":false,"template":"","format":"standard","meta":{"om_disable_all_campaigns":false,"_monsterinsights_skip_tracking":false,"_monsterinsights_sitenote_active":false,"_monsterinsights_sitenote_note":"","_monsterinsights_sitenote_category":0,"ngg_post_thumbnail":0,"footnotes":""},"categories":[13],"tags":[1404,1418,1423,599,1424,611,183,1419,1430,1411],"class_list":["post-7511","post","type-post","status-publish","format-standard","hentry","category-kritik-der-relativitatstheorie","tag-heinrich-paes","tag-helmut-wicht","tag-jaromir-konecny","tag-joachim-schulz","tag-josef-honerkamp","tag-lars-fischer","tag-markus-possel","tag-michael-blume","tag-michael-khan","tag-stephan-schleim"],"aioseo_notices":[],"_links":{"self":[{"href":"https:\/\/www.jocelyne-lopez.de\/blog\/wp-json\/wp\/v2\/posts\/7511"}],"collection":[{"href":"https:\/\/www.jocelyne-lopez.de\/blog\/wp-json\/wp\/v2\/posts"}],"about":[{"href":"https:\/\/www.jocelyne-lopez.de\/blog\/wp-json\/wp\/v2\/types\/post"}],"author":[{"embeddable":true,"href":"https:\/\/www.jocelyne-lopez.de\/blog\/wp-json\/wp\/v2\/users\/3"}],"replies":[{"embeddable":true,"href":"https:\/\/www.jocelyne-lopez.de\/blog\/wp-json\/wp\/v2\/comments?post=7511"}],"version-history":[{"count":0,"href":"https:\/\/www.jocelyne-lopez.de\/blog\/wp-json\/wp\/v2\/posts\/7511\/revisions"}],"wp:attachment":[{"href":"https:\/\/www.jocelyne-lopez.de\/blog\/wp-json\/wp\/v2\/media?parent=7511"}],"wp:term":[{"taxonomy":"category","embeddable":true,"href":"https:\/\/www.jocelyne-lopez.de\/blog\/wp-json\/wp\/v2\/categories?post=7511"},{"taxonomy":"post_tag","embeddable":true,"href":"https:\/\/www.jocelyne-lopez.de\/blog\/wp-json\/wp\/v2\/tags?post=7511"}],"curies":[{"name":"wp","href":"https:\/\/api.w.org\/{rel}","templated":true}]}}