{"id":7325,"date":"2018-11-19T10:19:07","date_gmt":"2018-11-19T09:19:07","guid":{"rendered":"https:\/\/www.jocelyne-lopez.de\/blog\/?p=7325"},"modified":"2018-11-19T12:08:02","modified_gmt":"2018-11-19T11:08:02","slug":"peter-ripota-2-neues-buch-reise-ins-ungewisse-gravitationswellen-und-schwarze-loecher","status":"publish","type":"post","link":"https:\/\/www.jocelyne-lopez.de\/blog\/2018\/11\/peter-ripota-2-neues-buch-reise-ins-ungewisse-gravitationswellen-und-schwarze-loecher\/","title":{"rendered":"Peter Ripota &#8211; 2. Neues Buch: \u201e Reise ins Ungewisse: Gravitationswellen und Schwarze L\u00f6cher\u201c"},"content":{"rendered":"<p style=\"text-align: justify;\">Der Physiker und langj\u00e4hrige popul\u00e4rwissenschaftliche Journalist <a href=\"http:\/\/einstein.peter-ripota.de\/\">Peter Ripota<\/a> \u00fcberrascht mit der zeitnahen Ver\u00f6ffentlichung eines zweiten neuen Buchs \u00fcber die Einstein-Physik:<\/p>\n<p style=\"padding-left: 30px;\"><a href=\"https:\/\/www.amazon.de\/Reise-ins-Ungewisse-Gravitationswellen-Schwarze\/dp\/374815139X\">Reise ins Ungewisse: Gravitationswellen und Schwarze L\u00f6cher<\/a><\/p>\n<p style=\"padding-left: 30px;\">Klappentext des Buchs:<\/p>\n<p style=\"text-align: justify; padding-left: 30px;\"><em>Ist die Entdeckung von Gravitationswellen, 2017 mit einem Nobelpreis ausgezeichnet, wirklich so eindeutig? Gibt es \u00fcberhaupt Schwarze L\u00f6cher, und was hielt Einstein von ihnen? Ist die Allgemeine Relativit\u00e4tstheorie (ART) das alleinige Werk ihres Sch\u00f6pfers, oder gab es bedeutende Vorl\u00e4ufer? Woher hatte Einstein das fehlende Glied in seiner Formel, und was bedeuten seine Ideen \u00fcberhaupt, philosophisch und praktisch?<\/em><\/p>\n<p style=\"text-align: justify; padding-left: 30px;\"><em>Nach seiner gr\u00fcndlichen Analyse der Geschichte und Widerspr\u00fcche von Einsteins Spezieller Relativit\u00e4tstheorie (&#8218;Einsteins einmalige Einsichten&#8216;) begibt sich Peter Ripota auf eine Reise durch die Abgr\u00fcnde komplizierter Formeln und unbegreiflicher Konzepte, sieht sich Beobachtungen und Experimente genauer an, durchstreift die Sph\u00e4ren mathematisch erschaffener Welten und zeigt, dass Wissenschaft nicht immer so geradlinig verl\u00e4uft, wie sie in den Lehrb\u00fcchern und popul\u00e4ren <\/em><em>Beitr\u00e4gen gern geschildert wird. Eine kritische Bestandsaufnahme eine der bedeutendsten geistigen Sch\u00f6pfungen des 20. Jahrhunderts!<\/em><\/p>\n<p style=\"text-align: center; padding-left: 30px;\"><img loading=\"lazy\" decoding=\"async\" class=\"aligncenter\" src=\"https:\/\/www.jocelyne-lopez.de\/blog\/wp-content\/uploads\/2018\/11\/Peter_Ripota_Reise_ins_Ungewisse.jpg\" width=\"352\" height=\"500\" \/><\/p>\n<p style=\"text-align: justify;\">Eine Pflichtlekt\u00fcre f\u00fcr alle Menschen, ob Physiklaien, Journalisten, Wissenschaftler oder Studenten, die sich unvoreingenommen \u00fcber den Inhalt, die Geschichte und die fachliche Untersuchung dieser als weltbewegend geltenden Theorie informieren wollen. Trotz gr\u00fcndlicher Analyse und sehr recherchierten wissenschaftlichen und historischen\u00a0Quellen wird\u00a0 wie immer bei Peter Ripota einen leichten\u00a0 Zugang zu dieser\u00a0Thematik gew\u00e4hrleistet, die ohne das Aufkl\u00e4rungstalent dieses Autors als kompliziert\u00a0erscheinen kann bzw.\u00a0 in der Wissenschaft bewu\u00dft als kompliziert gestaltet wird.<\/p>\n<p style=\"text-align: justify;\">Aktuelle, informative und spannende Lekt\u00fcre ist garantiert!<\/p>\n<p style=\"text-align: justify;\"><span style=\"color: #ffffff;\">.<\/span><\/p>\n<p style=\"text-align: justify;\">&#8212;&#8212;&#8212;&#8212;&#8212;&#8212;&#8212;&#8212;&#8212;-<br \/>\n<span style=\"color: #ffffff;\">.<\/span><br \/>\nSiehe auch in unserer Webseite &#8222;<em>Kritische Stimmen zur Relativit\u00e4tstheorie<\/em>&#8222;, wo die Kommentarfunktion aktiviert ist:<\/p>\n<p><a href=\"https:\/\/www.kritik-relativitaetstheorie.de\/2018\/11\/peter-ripota-2-neues-buch-reise-ins-ungewisse-gravitationswellen-und-schwarze-loecher\/\">Peter Ripota &#8211; 2. neues Buch: Reise ins Ungewisse: Gravitationswellen und Schwarze L\u00f6cher <\/a><\/p>\n<p style=\"text-align: justify;\">\n","protected":false},"excerpt":{"rendered":"<p>Der Physiker und langj\u00e4hrige popul\u00e4rwissenschaftliche Journalist Peter Ripota \u00fcberrascht mit der zeitnahen Ver\u00f6ffentlichung eines zweiten neuen Buchs \u00fcber die Einstein-Physik: Reise ins Ungewisse: Gravitationswellen und Schwarze L\u00f6cher Klappentext des Buchs: Ist die Entdeckung von Gravitationswellen, 2017 mit einem Nobelpreis ausgezeichnet, wirklich so eindeutig? Gibt es \u00fcberhaupt Schwarze L\u00f6cher, und was hielt Einstein von ihnen? Ist [&hellip;]<\/p>\n","protected":false},"author":3,"featured_media":0,"comment_status":"closed","ping_status":"closed","sticky":false,"template":"","format":"standard","meta":{"om_disable_all_campaigns":false,"_monsterinsights_skip_tracking":false,"_monsterinsights_sitenote_active":false,"_monsterinsights_sitenote_note":"","_monsterinsights_sitenote_category":0,"ngg_post_thumbnail":0,"footnotes":""},"categories":[13],"tags":[1313,177],"class_list":["post-7325","post","type-post","status-publish","format-standard","hentry","category-kritik-der-relativitatstheorie","tag-ligo-experiment","tag-peter-ripota"],"aioseo_notices":[],"_links":{"self":[{"href":"https:\/\/www.jocelyne-lopez.de\/blog\/wp-json\/wp\/v2\/posts\/7325"}],"collection":[{"href":"https:\/\/www.jocelyne-lopez.de\/blog\/wp-json\/wp\/v2\/posts"}],"about":[{"href":"https:\/\/www.jocelyne-lopez.de\/blog\/wp-json\/wp\/v2\/types\/post"}],"author":[{"embeddable":true,"href":"https:\/\/www.jocelyne-lopez.de\/blog\/wp-json\/wp\/v2\/users\/3"}],"replies":[{"embeddable":true,"href":"https:\/\/www.jocelyne-lopez.de\/blog\/wp-json\/wp\/v2\/comments?post=7325"}],"version-history":[{"count":0,"href":"https:\/\/www.jocelyne-lopez.de\/blog\/wp-json\/wp\/v2\/posts\/7325\/revisions"}],"wp:attachment":[{"href":"https:\/\/www.jocelyne-lopez.de\/blog\/wp-json\/wp\/v2\/media?parent=7325"}],"wp:term":[{"taxonomy":"category","embeddable":true,"href":"https:\/\/www.jocelyne-lopez.de\/blog\/wp-json\/wp\/v2\/categories?post=7325"},{"taxonomy":"post_tag","embeddable":true,"href":"https:\/\/www.jocelyne-lopez.de\/blog\/wp-json\/wp\/v2\/tags?post=7325"}],"curies":[{"name":"wp","href":"https:\/\/api.w.org\/{rel}","templated":true}]}}