{"id":7261,"date":"2018-06-29T08:47:01","date_gmt":"2018-06-29T07:47:01","guid":{"rendered":"https:\/\/www.jocelyne-lopez.de\/blog\/?p=7261"},"modified":"2018-07-01T11:22:33","modified_gmt":"2018-07-01T10:22:33","slug":"der-blogger-joachim-schulz-zensiert-die-kommunikation-ueber-die-relativitaetstheorie-bei-scilogs-spektrum-der-wissenschaft","status":"publish","type":"post","link":"https:\/\/www.jocelyne-lopez.de\/blog\/2018\/06\/der-blogger-joachim-schulz-zensiert-die-kommunikation-ueber-die-relativitaetstheorie-bei-scilogs-spektrum-der-wissenschaft\/","title":{"rendered":"Der Blogger Joachim Schulz zensiert die Kommunikation \u00fcber die Relativit\u00e4tstheorie bei SciLogs \/ Spektrum der Wissenschaft"},"content":{"rendered":"<p style=\"text-align: justify;\"><img loading=\"lazy\" decoding=\"async\" class=\"alignleft\" src=\"http:\/\/kritik-relativitaetstheorie.de\/wp-content\/uploads\/2011\/07\/LogoEinsteinbunt9.jpg\" alt=\"\" width=\"136\" height=\"183\" \/><\/p>\n<p style=\"text-align: justify;\">Ich mache auf eine neue Blog-Diskussion bei der Diskussionsplattform <em>SciLogs\/Spektrum der Wissenschaft<\/em>\u00a0 des Bloggers Joachim Schulz aufmerksam: <a href=\"https:\/\/scilogs.spektrum.de\/quantenwelt\/mechanische-systeme-und-koordinatensysteme\/#comments\">Mechanische Systeme und Koordinatensysteme<\/a>.<\/p>\n<p style=\"text-align: justify;\">Vorweg gemerkt: Joachim Schulz hat systematisch alle kritische Diskutanten aus seinem Blog bei SciLogs gesperrt, wie zum Beispiel Dr. Wolfgang Engelhardt (Physiker) oder den\u00a0 Teilnehmer Cryptic (Physiker und Mathematiker), nur aus dem Grund, dass er \u00fcberhaupt keine fachlichen Argumenten gegen die Relativit\u00e4tstheorie duldet. Ich habe mich in dieser Blog-Diskussion jedoch immerhin zwei Tage lang \u201ehalten\u201c k\u00f6nnen\u00a0und mich mit einem Diskutanten ausgetauscht, bis ich selbst auch grundlos gel\u00f6scht und gesperrt wurde. Joachim Schulz selbst beteiligt sich fachlich nicht zu diesen Austauschen, seine Einw\u00fcrfe in der Diskussion bestehen ausschlie\u00dflich aus ad hominem\u00a0 Herabsetzungen und Beleidigungen, sachliche Gegenargumente kann er nicht vorbringen&#8230; Ein Armutszeugnis. Es ist ersichtlich, dass Joachim Schulz die Austauschen mit kritischen Diskutanten zensieren und ad hominem Polemik einsetzen muss,\u00a0weil die kritischen Diskutanten die Fehler der Relativit\u00e4tstheorie und ihre Ung\u00fcltigkeit herausstellen. Das kann Joachim Schulz nicht ertragen und nicht dulden.<\/p>\n<p style=\"text-align: justify;\">Ich gebe zum Beispiel nachstehend meine letzten Austausche mit dem Teilnehmer Rudi Knoth\u00a0wieder, vor der L\u00f6schung und der Sperrung:<\/p>\n<p style=\"text-align: justify;\"><span style=\"color: #ffffff;\">.<\/span><\/p>\n<p style=\"padding-left: 60px;\"><a href=\"https:\/\/scilogs.spektrum.de\/quantenwelt\/mechanische-systeme-und-koordinatensysteme\/#comment-28672\">Zitat Jocelyne Lopez \u2013 28.06.2018 \u2013 18:12 Uhr<\/a>:<\/p>\n<p style=\"text-align: justify; padding-left: 60px;\">[&#8230;] Bei der Geschwindigkeitsaddition Einsteins addiert sich nicht die Geschwindigkeit v eines Beobachters zu der Geschwindigkeit v eines anderen Beobachters, jeder Beobachter erh\u00e4lt automatisch wahlweise und abwechselnd bei der Addition Einsteins die Geschwindigkeit v=0.<br \/>\nEs gilt c + v = c.<\/p>\n<p style=\"text-align: justify; padding-left: 60px;\"><span style=\"color: #ffffff;\">.<\/span><\/p>\n<p style=\"padding-left: 60px;\"><a href=\"https:\/\/scilogs.spektrum.de\/quantenwelt\/mechanische-systeme-und-koordinatensysteme\/#comment-28673\">Zitat Rudi Knoth 28.06.2018 \u2013 20:03 Uhr <\/a><\/p>\n<p style=\"text-align: justify; padding-left: 60px;\">Das ist Unsinn. Es stimmt, da\u00df es keine einfache Addition wie bei Galilei gibt. Wenn beide Geschwindigkeiten klein sind, ist der Unterschied zu Galilei gering. Im Fall, da\u00df eine der Geschwindigkeiten c ist, kommt als Ergebnis c raus egal wie gro\u00df die andere Geschwindigkeit ist.Dies liegt an der Relativit\u00e4t der Gleichzeitigkeit.<\/p>\n<p style=\"text-align: justify; padding-left: 60px;\"><span style=\"color: #ffffff;\">.<\/span><\/p>\n<p style=\"padding-left: 60px;\"><a href=\"https:\/\/scilogs.spektrum.de\/quantenwelt\/mechanische-systeme-und-koordinatensysteme\/#comment-28677\">Zitat Jocelyne Lopez \u2013 28.06.2018 \u2013 22:11 Uhr <\/a><\/p>\n<p style=\"text-align: justify; padding-left: 60px;\">Dies liegt nicht an der Relativit\u00e4t der Gleichzeitigkeit, dies liegt daran, dass Einstein eben<strong> postuliert<\/strong> hat (2. Postulat), dass alle Beobachter die gleiche Geschwindigkeit c messen, egal ob sie relativ zum Lichtstrahl ruhen oder ob sie sich relativ zum Lichtstrahl bewegen, egal was f\u00fcr eine Geschwindigkeit v sie haben, auch eine geringe, das spielt gar keine Rolle: Die beliebigen eigenen Geschwindigkeiten aller Beobachter im Universum addieren sich nicht zur Geschwindigkeit des Lichtes, nie, kein Jota, sie werden alle auf 0 gesetzt. Die hochtrabende Geschwindigkeitsaddition Einsteins enth\u00e4lt zwar ausdr\u00fccklich den Term c + v, jedoch ist v dabei immer als v = 0 vorausgesetzt, keine andere Gr\u00f6\u00dfe! Die Geschwindigkeitsaddition Einsteins ist und bleibt eine Addition mit 0. Da ist Raum weder f\u00fcr kleine v noch f\u00fcr gro\u00dfe v. Null ist Null in der Mathematik, und keine andere Zahl, genauso wie 1 ist 1 und keine andere Zahl, genauso wie 2 ist 2 und keine andere Zahl, genauso wie 299.792.458 ist 299.792.458 und keine andere Zahl.<\/p>\n<p style=\"text-align: justify; padding-left: 60px;\"><span style=\"color: #ffffff;\">.<\/span><\/p>\n<p style=\"padding-left: 60px;\"><a href=\"https:\/\/scilogs.spektrum.de\/quantenwelt\/mechanische-systeme-und-koordinatensysteme\/#comment-28646\">Zitat Jocelyne Lopez &#8211; 28.06.2018 &#8211; 07:47 Uhr<\/a>:<\/p>\n<p style=\"text-align: justify; padding-left: 60px;\">[&#8230;] Die Geschwindigkeitsaddition Einsteins lautet: c + v = c. Das bedeutet, dass Einstein die Geschwindigkeiten aller Beobachter auf Null stellt: Es gilt immer nur v = 0.<\/p>\n<p style=\"text-align: justify; padding-left: 60px;\"><span style=\"color: #ffffff;\">.<\/span><\/p>\n<p style=\"padding-left: 60px;\"><a href=\"https:\/\/scilogs.spektrum.de\/quantenwelt\/mechanische-systeme-und-koordinatensysteme\/#comment-28650\">Zitat Rudi Knoth &#8211; 28.06.2018 &#8211; 10:07 Uhr<\/a>:<\/p>\n<p style=\"text-align: justify; padding-left: 60px;\">Nein das stimmt nicht. Sie vermischen hier Galilei und Lorentz\/Einstein<\/p>\n<p style=\"padding-left: 60px;\"><span style=\"color: #ffffff;\">.<\/span><\/p>\n<p style=\"padding-left: 60px;\"><strong>Antwort\u00a0Jocelyne Lopez &#8211; 29. Juni 2018 @ 07:45<\/strong> (<strong>diese Antwort von mir an den Teilnehmer Rudi Knoth wurde gleich von Joachim Schulz kommentarlos gel\u00f6scht<\/strong>)<\/p>\n<p style=\"text-align: justify; padding-left: 60px;\">Nein, ich vermische gar nichts, Einstein hat hier etliches vermischt&#8230;<\/p>\n<p style=\"text-align: justify; padding-left: 60px;\">Einstein hat zwei Grundfehler gemacht, und zwar gleich bei der Aufstellung seiner 2 Postulate:<\/p>\n<p style=\"padding-left: 60px;\"><strong>1. Postulat:<\/strong><\/p>\n<p style=\"padding-left: 60px;\">Einstein hat das Relativit\u00e4tsprinzip Galileis bei seinem 1. Postulat \u00fcbernommen, jedoch hat er es dabei falsch ausgelegt. Galilei hat ausgesagt, dass es bei zwei relativ zueinander bewegten Objekten es rein kinematisch (also kr\u00e4ftefrei) v\u00f6llig egal ist, ob man zur Berechnung der Relativgeschwindigkeit zwischen den beiden wahlweise bzw. abwechselnd ein der Objekte als bewegt und das andere als ruhend annimmt. Dieses Prinzip ist zweifelsfrei g\u00fcltig in der klassischen Physik und nicht in Frage zu stellen.<\/p>\n<p style=\"padding-left: 60px;\">Einstein hat es so ausgelegt, dass bei zwei zueinander bewegten Objekten ein der Objekte zwangl\u00e4ufig ruht w\u00e4hrend das andere sich bewegt. Er hat nicht die unz\u00e4hligen F\u00e4lle dabei ber\u00fccksichtigt, wo <strong>beide<\/strong> mit jeweils eigener Geschwindigkeit v sich zueinander bewegen! Er hat automatisch die Geschwindigkeit v=0 bei einem der Objekte zugeordnet und dabei seine Geschwindigkeit \u201egeschluckt\u201c. Deshalb ist die Geschwindigkeitsaddition Einsteins f\u00e4lschlicherweise eine Geschwindigkeitsaddition mit 0, die nichts mehr mit der Geschwindigkeitsaddition Galileis zu tun hat und sogar in unz\u00e4hligen F\u00e4llen nat\u00fcrlich im gravierenden Widerspruch dazu steht.<br \/>\n<span style=\"color: #ffffff;\">.<\/span><\/p>\n<p style=\"padding-left: 60px;\"><span style=\"color: #000000;\"><strong>2. Postulat:<\/strong><\/span><\/p>\n<p style=\"text-align: justify; padding-left: 60px;\">Einstein hat die Hypothese von Lorentz\/Poincar\u00e9 falsch ausgelegt, wonach die Lichtgeschwindigkeit <strong>relativ zum \u00c4THER konstant<\/strong> sei. Er hat kurzerhand diese postulierte Konstanz der Lichtgeschwindigkeit <strong>relativ zum \u00c4THER<\/strong> in eine postulierte Konstanz der Lichtgeschwindigkeit <strong>relativ zum BEOBACHTER<\/strong> verwandelt! Etwas ganz Anderes!<\/p>\n<p style=\"text-align: justify; padding-left: 60px;\">Lorentz geh\u00f6rt \u00fcbrigens deswegen zu den vehementesten Kritikern Einsteins, denn Einstein hat seine Hypothese verunstaltet und seine Formel missbraucht, in dem er die postulierte Konstanz der Lichtgeschwindigkeit nicht in Bezug <strong>auf dem \u00c4ther<\/strong> aufgestellt hat, sondern in Bezug <strong>auf dem Beobachter<\/strong>.<\/p>\n<p style=\"text-align: justify; padding-left: 60px;\"><span style=\"color: #ffffff;\">.<\/span><\/p>\n<p style=\"text-align: justify;\">&#8212;&#8212;&#8212;&#8212;&#8212;&#8212;&#8212;&#8212;&#8212;&#8212;&#8211;<br \/>\nNB: Interessierte Leser k\u00f6nnen gerne Stellung zu\u00a0dieser Diskussion nehmen: Im gleichen Artikel in unserer Webseite &#8222;<em>Kritische Stimmen zur Relativit\u00e4tstheorie<\/em>&#8220; ist die kommentarfunktion aktiviert,<a href=\"https:\/\/www.kritik-relativitaetstheorie.de\/2018\/06\/der-blogger-joachim-schulz-zensiert-die-kommunikation-ueber-die-relativitaetstheorie-bei-scilogs-spektrum-der-wissenschaft\/\"> siehe hier<\/a>.<\/p>\n<p>&nbsp;<\/p>\n<p>&nbsp;<\/p>\n","protected":false},"excerpt":{"rendered":"<p>Ich mache auf eine neue Blog-Diskussion bei der Diskussionsplattform SciLogs\/Spektrum der Wissenschaft\u00a0 des Bloggers Joachim Schulz aufmerksam: Mechanische Systeme und Koordinatensysteme. Vorweg gemerkt: Joachim Schulz hat systematisch alle kritische Diskutanten aus seinem Blog bei SciLogs gesperrt, wie zum Beispiel Dr. Wolfgang Engelhardt (Physiker) oder den\u00a0 Teilnehmer Cryptic (Physiker und Mathematiker), nur aus dem Grund, dass [&hellip;]<\/p>\n","protected":false},"author":3,"featured_media":0,"comment_status":"closed","ping_status":"closed","sticky":false,"template":"","format":"standard","meta":{"om_disable_all_campaigns":false,"_monsterinsights_skip_tracking":false,"_monsterinsights_sitenote_active":false,"_monsterinsights_sitenote_note":"","_monsterinsights_sitenote_category":0,"ngg_post_thumbnail":0,"footnotes":""},"categories":[13],"tags":[599,952],"class_list":["post-7261","post","type-post","status-publish","format-standard","hentry","category-kritik-der-relativitatstheorie","tag-joachim-schulz","tag-sci-log-spektrum-der-wissenschaft"],"aioseo_notices":[],"_links":{"self":[{"href":"https:\/\/www.jocelyne-lopez.de\/blog\/wp-json\/wp\/v2\/posts\/7261"}],"collection":[{"href":"https:\/\/www.jocelyne-lopez.de\/blog\/wp-json\/wp\/v2\/posts"}],"about":[{"href":"https:\/\/www.jocelyne-lopez.de\/blog\/wp-json\/wp\/v2\/types\/post"}],"author":[{"embeddable":true,"href":"https:\/\/www.jocelyne-lopez.de\/blog\/wp-json\/wp\/v2\/users\/3"}],"replies":[{"embeddable":true,"href":"https:\/\/www.jocelyne-lopez.de\/blog\/wp-json\/wp\/v2\/comments?post=7261"}],"version-history":[{"count":0,"href":"https:\/\/www.jocelyne-lopez.de\/blog\/wp-json\/wp\/v2\/posts\/7261\/revisions"}],"wp:attachment":[{"href":"https:\/\/www.jocelyne-lopez.de\/blog\/wp-json\/wp\/v2\/media?parent=7261"}],"wp:term":[{"taxonomy":"category","embeddable":true,"href":"https:\/\/www.jocelyne-lopez.de\/blog\/wp-json\/wp\/v2\/categories?post=7261"},{"taxonomy":"post_tag","embeddable":true,"href":"https:\/\/www.jocelyne-lopez.de\/blog\/wp-json\/wp\/v2\/tags?post=7261"}],"curies":[{"name":"wp","href":"https:\/\/api.w.org\/{rel}","templated":true}]}}