{"id":7215,"date":"2018-04-23T09:46:14","date_gmt":"2018-04-23T08:46:14","guid":{"rendered":"https:\/\/www.jocelyne-lopez.de\/blog\/?p=7215"},"modified":"2018-04-23T09:46:45","modified_gmt":"2018-04-23T08:46:45","slug":"28-april-2018-aktion-zum-internationalen-tag-zur-abschaffung-der-tierversuche-in-reutlingen","status":"publish","type":"post","link":"https:\/\/www.jocelyne-lopez.de\/blog\/2018\/04\/28-april-2018-aktion-zum-internationalen-tag-zur-abschaffung-der-tierversuche-in-reutlingen\/","title":{"rendered":"28. April 2018: Aktion zum Internationalen Tag zur Abschaffung der Tierversuche in Reutlingen"},"content":{"rendered":"<p style=\"text-align: justify;\">Zusammen mit der \u00c4rztevereinigung <em>\u00c4rzte gegen Tierversuche e.V. <\/em>\u00a0ruft die baden-w\u00fcrttembergische Initiative <a href=\"https:\/\/rettetdieversuchsaffen.wordpress.com\/\">Rettet die Versuchsaffen<\/a>\u00a0wieder zu einem bundesweiten Aktionstag auf. Ihr seid herzlich eingeladen uns an einem so wichtigen Tag zu unterst\u00fctzen. Dieses Jahr m\u00f6chten wir mit euch eine eindrucksvolle Aktion in der Reutlinger Fu\u00dfg\u00e4ngerzone veranstalten.<\/p>\n<p style=\"text-align: justify;\">Wir haben uns f\u00fcr diesen wichtigen Tag etwas ganz Besonderes einfallen lassen. Nur so viel \u2013 ihr m\u00fcsst nicht mit Passanten sprechen. Wir sind mit Schildern ausger\u00fcstet, ihr k\u00f6nnt aber auch gerne eigenes Demomaterial mitbringen \ud83d\ude42 Macht alles mobil &#8211; teilt die Veranstaltung, kommt und bringt viele Freunde mit, denn Tierversuche geh\u00f6ren abgeschafft &#8211; f\u00fcr immer. Da wir uns gegen jegliche Diskriminierung, Ausbeutung und Unterdr\u00fcckung von Lebewesen einsetzen, werden Gruppierungen oder auch Einzelpersonen, die sich nicht nach diesem selbstverst\u00e4ndlichen Grundsatz verhalten, von unserer Aktion ausgeschlossen. Als parteiunabh\u00e4ngige Initiative w\u00fcnschen wir keine Parteiwerbung.<\/p>\n<p style=\"text-align: justify;\"><img loading=\"lazy\" decoding=\"async\" class=\"aligncenter\" src=\"https:\/\/www.jocelyne-lopez.de\/blog\/wp-content\/uploads\/2018\/04\/Tag_zur_Abschaffung-der-Tierversuche-2018.jpg\" width=\"491\" height=\"167\" \/><\/p>\n<p style=\"text-align: center; padding-left: 60px;\"><strong>Samstag, 28. April 2018 &#8211; \u00a015:30 &#8211; 18:30 Uhr<\/strong><\/p>\n<p style=\"text-align: center; padding-left: 60px;\"><strong>Marktplatz\u00a0&#8211;\u00a0 72764 Reutlingen<\/strong><\/p>\n<p><span style=\"color: #ffffff;\">.<\/span><\/p>\n<p style=\"text-align: justify;\">Weitere Infos zu diesem wichtigen Tag findet ihr unter: <a href=\"http:\/\/www.tag-zur-abschaffung-der-tierversuche.de\/\" data-lynx-mode=\"hover\" data-lynx-uri=\"http:\/\/l.facebook.com\/l.php?u=http%3A%2F%2Fwww.tag-zur-abschaffung-der-tierversuche.de%2F&amp;h=ATN4Sk7EKiGyh7BX_hOBrN-QOj-NewA1Q-TVX_XfWPbknX_7j4iWaVrqLGqXGdsvLLLnHwQEGqrsId4zHGqlwFB1P0wtMbvtrGNYgno00-uEcjlY466fxQTIbtU4fvbOIHAL\">www.tag-zur-abschaffung-der-tierversuche.de<\/a><\/p>\n<p>&nbsp;<\/p>\n<p>&nbsp;<\/p>\n","protected":false},"excerpt":{"rendered":"<p>Zusammen mit der \u00c4rztevereinigung \u00c4rzte gegen Tierversuche e.V. \u00a0ruft die baden-w\u00fcrttembergische Initiative Rettet die Versuchsaffen\u00a0wieder zu einem bundesweiten Aktionstag auf. Ihr seid herzlich eingeladen uns an einem so wichtigen Tag zu unterst\u00fctzen. Dieses Jahr m\u00f6chten wir mit euch eine eindrucksvolle Aktion in der Reutlinger Fu\u00dfg\u00e4ngerzone veranstalten. Wir haben uns f\u00fcr diesen wichtigen Tag etwas ganz [&hellip;]<\/p>\n","protected":false},"author":3,"featured_media":0,"comment_status":"closed","ping_status":"closed","sticky":false,"template":"","format":"standard","meta":{"om_disable_all_campaigns":false,"_monsterinsights_skip_tracking":false,"_monsterinsights_sitenote_active":false,"_monsterinsights_sitenote_note":"","_monsterinsights_sitenote_category":0,"ngg_post_thumbnail":0,"footnotes":""},"categories":[9],"tags":[1355],"class_list":["post-7215","post","type-post","status-publish","format-standard","hentry","category-tierversuche-abschaffen","tag-rettet-die-versuchsaffen"],"aioseo_notices":[],"_links":{"self":[{"href":"https:\/\/www.jocelyne-lopez.de\/blog\/wp-json\/wp\/v2\/posts\/7215"}],"collection":[{"href":"https:\/\/www.jocelyne-lopez.de\/blog\/wp-json\/wp\/v2\/posts"}],"about":[{"href":"https:\/\/www.jocelyne-lopez.de\/blog\/wp-json\/wp\/v2\/types\/post"}],"author":[{"embeddable":true,"href":"https:\/\/www.jocelyne-lopez.de\/blog\/wp-json\/wp\/v2\/users\/3"}],"replies":[{"embeddable":true,"href":"https:\/\/www.jocelyne-lopez.de\/blog\/wp-json\/wp\/v2\/comments?post=7215"}],"version-history":[{"count":0,"href":"https:\/\/www.jocelyne-lopez.de\/blog\/wp-json\/wp\/v2\/posts\/7215\/revisions"}],"wp:attachment":[{"href":"https:\/\/www.jocelyne-lopez.de\/blog\/wp-json\/wp\/v2\/media?parent=7215"}],"wp:term":[{"taxonomy":"category","embeddable":true,"href":"https:\/\/www.jocelyne-lopez.de\/blog\/wp-json\/wp\/v2\/categories?post=7215"},{"taxonomy":"post_tag","embeddable":true,"href":"https:\/\/www.jocelyne-lopez.de\/blog\/wp-json\/wp\/v2\/tags?post=7215"}],"curies":[{"name":"wp","href":"https:\/\/api.w.org\/{rel}","templated":true}]}}