{"id":7214,"date":"2018-04-21T08:43:31","date_gmt":"2018-04-21T07:43:31","guid":{"rendered":"https:\/\/www.jocelyne-lopez.de\/blog\/?p=7214"},"modified":"2018-04-21T16:11:06","modified_gmt":"2018-04-21T15:11:06","slug":"die-relativitaetstheorie-ist-ungueltig-denn-sie-manipuliert-die-masseinheiten-meter-und-sekunde","status":"publish","type":"post","link":"https:\/\/www.jocelyne-lopez.de\/blog\/2018\/04\/die-relativitaetstheorie-ist-ungueltig-denn-sie-manipuliert-die-masseinheiten-meter-und-sekunde\/","title":{"rendered":"Die Relativit\u00e4tstheorie ist ung\u00fcltig, denn sie manipuliert die Ma\u00dfeinheiten &#8222;Meter&#8220; und &#8222;Sekunde&#8220;!"},"content":{"rendered":"<p style=\"text-align: justify;\"><img loading=\"lazy\" decoding=\"async\" class=\"alignleft\" src=\"http:\/\/kritik-relativitaetstheorie.de\/wp-content\/uploads\/2011\/07\/LogoEinsteinbunt9.jpg\" alt=\"\" width=\"136\" height=\"183\" \/>Ich verweise weiter auf den Blog des Quantenphysikers Joachim Schulz bei der Diskussion-Plattform <em>SciLogs \/ Spektrum der Wissenschaft <\/em><a href=\"https:\/\/scilogs.spektrum.de\/quantenwelt\/zeit-messen-heisst-vergleichen\/\">Zeit messen hei\u00dft vergleichen<\/a>, wo u.a. das Prinzip des Messens mit Hilfe von Ma\u00dfeinheiten kontrovers untersucht wird. Einige Teilnehmer vertreten n\u00e4mlich die irrige Auffassung, dass eine Ma\u00dfeinheit &#8222;<em>genau<\/em>&#8220; sein muss, was eindeutig ein\u00a0Denkfehler ist.<\/p>\n<p style=\"text-align: justify;\">Nachstehend gebe ich einige\u00a0 kontroverse Austausche aus dieser Diskussion wieder:<\/p>\n<p style=\"text-align: justify;\"><span style=\"color: #ffffff;\">.<\/span><\/p>\n<p><a href=\"https:\/\/scilogs.spektrum.de\/quantenwelt\/zeit-messen-heisst-vergleichen\/#comment-27703\">Zitat Herr Senf &#8211; 19.04.2018 &#8211; 15:12 Uhr: <\/a><\/p>\n<p style=\"text-align: justify;\">Der (dritte) internationale Meterprototyp von 1889 war auf (nur) 10^-7 genau, also\u00a0 f\u00fcr moderne Dienste selbst zu ungenau [&#8230;]<\/p>\n<p style=\"text-align: justify;\"><span style=\"color: #ffffff;\">.<\/span><\/p>\n<p style=\"text-align: justify;\"><a href=\"https:\/\/scilogs.spektrum.de\/quantenwelt\/zeit-messen-heisst-vergleichen\/#comment-27706\">Zitat Jocelyne Lopez &#8211; 19.04.2018 &#8211; 18:35 Uhr<\/a>:<\/p>\n<p style=\"text-align: justify;\">Herr Senf, Sie haben immer noch nicht das Prinzip des Messens mit Ma\u00dfeinheiten verstanden\u2026<\/p>\n<p style=\"text-align: justify;\"><strong>Ein Ma\u00dfstab ist nicht genau, er ist willk\u00fcrlich gew\u00e4hlt<\/strong>.<br \/>\nMan k\u00f6nnte eine Cola-Dose als Ma\u00dfstab verwenden. Ist eine Cola-Dose \u201c<em>genau<\/em>\u201c? Oder eine Banane, wie Sie es weiter oben angef\u00fchrt haben. Ist eine Banane \u201c<em>genau<\/em>\u201c?<\/p>\n<p>und:<\/p>\n<p style=\"text-align: justify;\"><strong>Einen Ma\u00dfstab misst man nicht<\/strong>, man setzt ihn per Konvention fest. <strong><br \/>\n<\/strong>Man misst nicht einen Ma\u00dfstab, man misst etwas mit einem Ma\u00dfstab. K\u00f6nnen Sie wirklich den Unterschied nicht erkennen?<\/p>\n<p style=\"text-align: justify;\">Mit welchem Ma\u00dfstab hat man denn \u201c<em>den dritten internationalen Meterprototyp von 1889<\/em>\u201d gemessen? [&#8230;]<\/p>\n<p style=\"text-align: justify;\"><span style=\"color: #ffffff;\">.<\/span><\/p>\n<p style=\"text-align: justify;\"><a href=\"https:\/\/scilogs.spektrum.de\/quantenwelt\/zeit-messen-heisst-vergleichen\/#comment-27730\">Zitat Manuel Kr\u00fcger &#8211; 20.04.2018 &#8211; 16:53 Uhr<\/a>:<\/p>\n<p>[&#8230;] Es geht noch immer nicht um l\u00e4nger oder k\u00fcrzer sondern um genauer.\u00a0[&#8230;]<\/p>\n<p><span style=\"color: #ffffff;\">.<\/span><\/p>\n<p><a href=\"https:\/\/scilogs.spektrum.de\/quantenwelt\/zeit-messen-heisst-vergleichen\/#comment-27736\">Zitat Jocelyne Lopez &#8211; 21.04.2018<\/a>:<\/p>\n<p style=\"text-align: justify;\">Versuchen Sie doch mal lieber den Austausch zwischen Joachim Schulz und mir aus dem Jahre 2006 zu verstehen, den ich hier wiedergegeben habe:<\/p>\n<p style=\"text-align: justify; padding-left: 30px;\">Zitat Jocelyne Lopez \u2013 12.01.2006 &#8211; 10:56 Uhr<strong>:\u00a0<\/strong><br \/>\n<em>Eine Ma\u00dfeinheit ist nur genau mit sich selbst: Sie ist ja der Ma\u00dfstab.<br \/>\nUnd eine Ma\u00dfeinheit braucht auch keine Definition: Ihr materielles Dasein ist ja die Definition.<br \/>\n<\/em><br \/>\nZitat Joachim Schulz \u2013 12.01.2006 \u2013 12:03 Uhr<br \/>\n<em>Volle Zustimmung!<\/em><\/p>\n<p style=\"text-align: justify;\"><span style=\"color: #ffffff;\">.<\/span><\/p>\n<p style=\"text-align: justify;\">Joachim Schulz wei\u00df, dass eine Ma\u00dfeinheit nur genau mit sich selbst ist. Er versteht das Prinzip der Festsetzung einer Ma\u00dfeinheit.<\/p>\n<p style=\"text-align: justify;\">Er wei\u00df auch, dass man die Definition einer Ma\u00dfeinheit mit ihrer technischen Realisierung auseinander halten sollte, das hat er in dieser Diskussion auch ausgesagt: \u201e<em>Wir m\u00fcssen zwischen Definition eines Zeitstandards und seiner Realisierung unterscheiden<\/em>.\u201c<\/p>\n<p style=\"text-align: justify;\">Was Joachim Schulz \u00fcber Ma\u00dfeinheiten vermittelt, k\u00f6nnten Sie eigentlich verstehen, oder?<\/p>\n<p style=\"text-align: justify;\">Ich fasse zusammen, was \u00fcber die Ma\u00dfeinheiten Meter und Sekunde zu wissen und zu verstehen ist, und was ich als Sch\u00fclerin gelehrt bekommen habe, es reicht absolut als Grundwissen und es ist in zwei kurzen S\u00e4tzen zu vermitteln:<\/p>\n<p style=\"text-align: justify; padding-left: 30px;\">1 Meter ist die L\u00e4nge des Urmeters \u2013 Diese L\u00e4nge ist m\u00f6glichst genau f\u00fcr alle L\u00e4ngenme\u00dfinstrumente zu reproduzieren,<\/p>\n<p style=\"text-align: justify; padding-left: 30px;\">1 Sekunde ist die Dauer zwischen zwei Ticks der Prim\u00e4ruhr. Diese Dauer ist m\u00f6glichst genau f\u00fcr alle Uhren zu realisieren.<\/p>\n<p style=\"text-align: justify;\">Mehr braucht man eigentlich als Sch\u00fcler oder als Laie zu wissen, um zu verstehen was die Ma\u00dfeinheiten Meter und Sekunde sind. Es reicht als Grundwissen v\u00f6llig, der Rest ist nur Geschichte und Fachtechnik (Uhrenbauer, Metrologen). Man kann wissen, wie die L\u00e4nge des Meters oder die Dauer der Sekunde historisch und technisch zustande gekommen sind, das f\u00fcllt wahrscheinlich Millionen von B\u00fcchern und Artikeln im Internet, muss man aber nicht.<\/p>\n<p style=\"text-align: justify;\">Und wenn man diese zwei S\u00e4tze als Grundwissen versteht, die ich als Sch\u00fclerin beigebracht bekommen habe, versteht man auch auf Anhieb, dass eine Theorie, die voraussetzt, dass der Meter beliebig \u201e<em>kontraktiert<\/em>\u201c und die Sekunde beliebig \u201e<em>dilatiert<\/em>\u201c einfach ung\u00fcltig ist,\u00a0 das ist Manipulation von Ma\u00dfeinheiten, das geht gar nicht:<\/p>\n<p style=\"text-align: justify;\">Die Ma\u00dfeinheit Meter kann nicht beliebig kontraktieren, ihre L\u00e4nge ist verbindlich vorgegeben.<\/p>\n<p style=\"text-align: justify;\">Die Ma\u00dfeinheit Sekunde kann nicht beliebig dilatieren, ihre Dauer ist verbindlich vorgegeben.<span style=\"color: #ffffff;\">.<\/span><\/p>\n<p style=\"text-align: justify;\">.<\/p>\n<p style=\"text-align: justify;\"><a href=\"https:\/\/scilogs.spektrum.de\/quantenwelt\/zeit-messen-heisst-vergleichen\/?&amp;_ga=2.243026497.2107146280.1524322810-1447112686.1524322810#comment-27737\">Zitat Joachim Schulz &#8211; 21.04.2018 &#8211; 9:59 Uhr<\/a>:<\/p>\n<p>Lopez: &#8222;<em>Man kann wissen, wie die L\u00e4nge des Meters oder die Dauer der Sekunde historisch und technisch zustande gekommen sind, das f\u00fcllt wahrscheinlich Millionen von B\u00fcchern und Artikeln im Internet, muss man aber nicht.&#8220;<\/em><\/p>\n<p style=\"text-align: justify;\">Sie wissen es offensichtlich nicht, obwohl es oben im Artikel steht: Die Sekunde ist historisch zustande gekommen als 3600ster Teil einer Stunde, die als 24ster Teil eines vollst\u00e4ndigen Tag-Nacht-Zyklus definiert war. Die von Ihnen fantasierte Prim\u00e4ruhr hat es nie gegeben.<\/p>\n<p>Ich werde diese Diskussion an diesem Punkt beenden.<\/p>\n<p><span style=\"color: #ffffff;\">.<\/span><\/p>\n<p><strong>Zitat Jocelyne Lopez &#8211; 21.04.2018 &#8211; 14:06 Uhr (Beitrag von Joachim Schulz gel\u00f6scht)<\/strong>:<\/p>\n<p style=\"text-align: justify;\">\u2026 und wie ist diese Definition zum ersten Mal <strong>realisiert<\/strong> worden? Sie haben selbst den Unterschied zwischen Definition und Realisierung hervorgehoben. Und die Realisierung der Sekunde kann ja nur durch eine Uhr erfolgen, logisch.<\/p>\n<p style=\"text-align: justify;\">\u2026 und bestreiten Sie etwa, dass es in 13 Metrologie-Instituten in de Welt Prim\u00e4ruhren gibt, deren Takt verbindlich f\u00fcr die Dauer der Sekunde ist?<\/p>\n<p>Interessant\u2026<\/p>\n<p>&nbsp;<\/p>\n<p>&#8212;&#8212;&#8212;&#8212;<\/p>\n<p style=\"text-align: justify;\">NB: Nach diesem gel\u00f6schten Beitrag von mir hat\u00a0Joachim Schulz die Diskussion geschlossen. L\u00f6schen und Diskussionen grundlos schlie\u00dfen ist die Art, wie\u00a0er\u00a0&#8222;Wissenschaftskommunikation&#8220; versteht&#8230;<\/p>\n<p>&nbsp;<\/p>\n<p><span style=\"color: #ffffff;\">.<\/span><\/p>\n<hr \/>\n<p>&nbsp;<\/p>\n<dl class=\"clearfix fotol\" style=\"width: 200px; text-align: justify;\">\n<dt><img loading=\"lazy\" decoding=\"async\" class=\"alignleft wp-image-1831\" src=\"http:\/\/kritik-relativitaetstheorie.de\/wp-content\/uploads\/2011\/07\/BuchBourbakihinkrieger.jpg\" alt=\"\" width=\"171\" height=\"234\" \/><\/dt>\n<\/dl>\n<p style=\"text-align: justify;\">Siehe auch im Zusammenhang mit der Manipulation von Ma\u00dfeinheiten in der Relativit\u00e4tstheorie eine Leseprobe aus dem Buch &#8222;<em>Die Hin-Krieger<\/em>&#8220; des Autors Georges Bourbaki: <a title=\"Permanenter Link zu Die Hin-Krieger: Einstein und die Metrik von Raum und Zeit\" href=\"http:\/\/www.kritik-relativitaetstheorie.de\/2012\/01\/die-hin-krieger-einstein-und-die-metrik-von-raum-und-zeit\/\" rel=\"bookmark\">Die Hin-Krieger: Einstein und die Metrik von Raum und Zeit<\/a><\/p>\n<p style=\"text-align: justify;\">NB: Joachim Schulz hat in seinem Blog diese Leseprobe aus dem Buch von Georges Bourbaki sofort zensiert:\u00a0Der Link, den ich dazu in der SciLogs-Blog-Diskussion gesetzt hatte, wurde sofort kommentarlos gel\u00f6scht&#8230; Schlie\u00dflich hat Joachim Schulz die noch laufende Diskussion abrupt geschlossen, ohne in der Lage gewesen zu sein, eine einzige Frage von mir zu beantworten&#8230; Lieber l\u00f6schen und die Diskussion abw\u00fcrgen, als noch deutlicher zeigen, dass er keine Argumente hat&#8230;<\/p>\n<p>&nbsp;<\/p>\n","protected":false},"excerpt":{"rendered":"<p>Ich verweise weiter auf den Blog des Quantenphysikers Joachim Schulz bei der Diskussion-Plattform SciLogs \/ Spektrum der Wissenschaft Zeit messen hei\u00dft vergleichen, wo u.a. das Prinzip des Messens mit Hilfe von Ma\u00dfeinheiten kontrovers untersucht wird. Einige Teilnehmer vertreten n\u00e4mlich die irrige Auffassung, dass eine Ma\u00dfeinheit &#8222;genau&#8220; sein muss, was eindeutig ein\u00a0Denkfehler ist. Nachstehend gebe ich [&hellip;]<\/p>\n","protected":false},"author":3,"featured_media":0,"comment_status":"closed","ping_status":"closed","sticky":false,"template":"","format":"standard","meta":{"om_disable_all_campaigns":false,"_monsterinsights_skip_tracking":false,"_monsterinsights_sitenote_active":false,"_monsterinsights_sitenote_note":"","_monsterinsights_sitenote_category":0,"ngg_post_thumbnail":0,"footnotes":""},"categories":[13],"tags":[599,270],"class_list":["post-7214","post","type-post","status-publish","format-standard","hentry","category-kritik-der-relativitatstheorie","tag-joachim-schulz","tag-jocelyne-lopez"],"aioseo_notices":[],"_links":{"self":[{"href":"https:\/\/www.jocelyne-lopez.de\/blog\/wp-json\/wp\/v2\/posts\/7214"}],"collection":[{"href":"https:\/\/www.jocelyne-lopez.de\/blog\/wp-json\/wp\/v2\/posts"}],"about":[{"href":"https:\/\/www.jocelyne-lopez.de\/blog\/wp-json\/wp\/v2\/types\/post"}],"author":[{"embeddable":true,"href":"https:\/\/www.jocelyne-lopez.de\/blog\/wp-json\/wp\/v2\/users\/3"}],"replies":[{"embeddable":true,"href":"https:\/\/www.jocelyne-lopez.de\/blog\/wp-json\/wp\/v2\/comments?post=7214"}],"version-history":[{"count":0,"href":"https:\/\/www.jocelyne-lopez.de\/blog\/wp-json\/wp\/v2\/posts\/7214\/revisions"}],"wp:attachment":[{"href":"https:\/\/www.jocelyne-lopez.de\/blog\/wp-json\/wp\/v2\/media?parent=7214"}],"wp:term":[{"taxonomy":"category","embeddable":true,"href":"https:\/\/www.jocelyne-lopez.de\/blog\/wp-json\/wp\/v2\/categories?post=7214"},{"taxonomy":"post_tag","embeddable":true,"href":"https:\/\/www.jocelyne-lopez.de\/blog\/wp-json\/wp\/v2\/tags?post=7214"}],"curies":[{"name":"wp","href":"https:\/\/api.w.org\/{rel}","templated":true}]}}