{"id":7201,"date":"2018-03-16T09:31:00","date_gmt":"2018-03-16T08:31:00","guid":{"rendered":"https:\/\/www.jocelyne-lopez.de\/blog\/?p=7201"},"modified":"2018-03-16T09:31:43","modified_gmt":"2018-03-16T08:31:43","slug":"die-kolossale-eselei-albert-einsteins","status":"publish","type":"post","link":"https:\/\/www.jocelyne-lopez.de\/blog\/2018\/03\/die-kolossale-eselei-albert-einsteins\/","title":{"rendered":"Die kolossale Eselei Albert Einsteins"},"content":{"rendered":"<p style=\"text-align: justify;\"><img loading=\"lazy\" decoding=\"async\" class=\"alignleft\" src=\"http:\/\/kritik-relativitaetstheorie.de\/wp-content\/uploads\/2011\/07\/LogoEinsteinbunt9.jpg\" alt=\"\" width=\"136\" height=\"183\" \/><\/p>\n<p style=\"text-align: justify;\">Im Blog <a href=\"https:\/\/scilogs.spektrum.de\/das-zauberwort\/die-einstein-mafioso-challenge\">Die Einstein-Mafioso-Challenge<\/a> von Prof. Heinrich P\u00e4s in der wissenschaftlichen Diskussionsplattform <em>SciLogs\/Sprektrum der Wissenschaft<\/em>, habe ich\u00a0 die Messvorschrifte Einsteins zur Messung der L\u00e4nge eines Objektes in seiner Speziellen Relativit\u00e4tstheorie n\u00e4her hinterfragt und zur Diskussion gestellt, und zwar die Me\u00dfvorschrifte aus seiner Operation a) und seiner Operation b), siehe hier im <a href=\"https:\/\/biblio.wiki\/wiki\/Zur_Elektrodynamik_bewegter_K%C3%B6rper\">Originaltext<\/a>.<\/p>\n<p style=\"text-align: justify;\">In dieser ausgiebigen Diskussion habe ich mich u.a. mit einem Teilnehmer \u00fcber die Erfindung durch Albert Einstein des Prinzips der Laser-Abstandsmessung ausgetauscht, siehe meinen Blog-Eintrag: <a href=\"https:\/\/www.jocelyne-lopez.de\/blog\/2018\/03\/die-einzige-errungenschaft-einsteins-erfindung-des-laser-abstandsmessgeraets-reicht-es-aus-fuer-einen-jahrhundert-ruhm\/\">Die einzige Errungenschaft Einsteins: Erfindung des Laser-Abstands-messger\u00e4ts. Reicht es aus f\u00fcr einen Jahrhundertruhm?<\/a><\/p>\n<p style=\"text-align: justify;\">Ich mache jetzt auf einen Austausch mit einem anderen Teilnehmer aufmerksam, und zwar \u00fcber die Inkonsistenz und die Widerspr\u00fcchlichkeit der Messanordnungen in der Speziellen Relativit\u00e4tstheorie Einsteins:<\/p>\n<p style=\"padding-left: 30px;\"><a href=\"https:\/\/scilogs.spektrum.de\/das-zauberwort\/die-einstein-mafioso-challenge\/#comment-2558\">Zitat Jocelyne Lopez \u2013 03. M\u00e4rz 2018 \u2013 7:55 Uhr<\/a><\/p>\n<p style=\"text-align: justify; padding-left: 30px;\">Zitat Albert Einstein: \u201e<em>Zur Zeit tA gehe ein Lichtstrahl von A aus, werde zur Zeit tB in B reflektiert und gelange zur Zeit t\u2019A nach A zur\u00fcck<\/em>\u201c<\/p>\n<p style=\"text-align: justify; padding-left: 30px;\">Die Ermittlung der L\u00e4nge des Stabes ist dann eine Grundschulrechnerei, denn wir haben die Zeitdauer f\u00fcr den doppelten Weg (t\u2019A \u2013 tA) und wir haben einen vorgegebenen Wert der Lichtgeschwindigkeit, also wird die L\u00e4nge des Stabes so berechnet: L\u00e4nge = Zeitdauer x Lichtgeschwindigkeit \/ 2.\u201d<\/p>\n<p style=\"text-align: justify; padding-left: 30px;\"><span style=\"color: #ffffff;\">.<\/span><\/p>\n<p style=\"padding-left: 30px;\"><a href=\"https:\/\/scilogs.spektrum.de\/das-zauberwort\/die-einstein-mafioso-challenge\/#comment-2581\">Zitat Frank Wappler \u2013 05. M\u00e4rz 2018 -12:08 Uhr<\/a><\/p>\n<p style=\"text-align: justify; padding-left: 30px;\">[&#8230;] \u201c<em>Sofern die genannten \u201cZeiten\u201d im Sinne Einsteins bestimmte (unterscheidbare, erkennbare) \u201cZeiger-Stellungen sein sollen \u2014 wie sollte denn damit<strong> gerechnet<\/strong> werden, wie sollte ein Differenz-Wert aus zwei solchen Anzeigen ermittelt werden ?? (Da hat Einstein offenbar eine kolossale Eselei begangen)\u2026 die wohl auch damit zusammenh\u00e4ngt, dass er 1905 von vornherein irgendwelche Koordinaten unterstellt hat, d.h. ohne nachvollziehbar zu machen, wie diese den identifizierbaren Beteiligten bzw. deren unterscheidbaren Anzeigen aufgepudert werden sollten;\u201d <\/em>[&#8230;]<em><br \/>\n<span style=\"color: #ffffff;\">:<\/span><br \/>\n<\/em><\/p>\n<p style=\"text-align: justify; padding-left: 30px;\"><a href=\"https:\/\/scilogs.spektrum.de\/das-zauberwort\/die-einstein-mafioso-challenge\/#comment-2661\">Zitat Jocelyne Lopez \u2013 15. M\u00e4rz 2018 \u2013 10:38 Uhr<\/a><\/p>\n<p style=\"text-align: justify; padding-left: 30px;\">Wieso sollte man nach Einstein eine \u201e<em>kolossale Eselei<\/em>\u201c begehen, wenn man die Zeitdifferenz t\u2019A \u2013 tA berechnet??? Das ist doch die ganz korrekte Art bei seiner vorgeschlagenen, gedanklichen Me\u00dfanordnung die Zeitdifferenz und damit den Abstand zwischen A und B zu berechnen: Es geht ja um den Austausch eines Lichtsignals zwischen zwei zueinander ruhenden Beobachtern A und B!!! Wieso soll es also eine \u201e<em>kolossale Eselei<\/em>\u201c sein??? Diese gedankliche Me\u00dfanordnung hat sogar zu der technologischen Anwendung der Laser-Abstandsme\u00dfger\u00e4te gef\u00fchrt. Also nichts mit \u201e<em>kolossaler Eselei<\/em>\u201c\u2026<\/p>\n<p style=\"text-align: justify; padding-left: 30px;\">Sie vermischen hier gedanklich und unzul\u00e4ssig zwei verschiedene Me\u00df-anordnungen der L\u00e4nge des Stabes:<\/p>\n<ul>\n<li style=\"text-align: justify; padding-left: 30px;\">Die Me\u00dfanordnung Einsteins Operation b, die die L\u00e4nge des Stabes durch Austausch eines Lichtsignals zwischen zwei relativ zueinander <strong>ruhenden<\/strong> Beobachtern A und B berechnet,<br \/>\nund<\/li>\n<li style=\"text-align: justify; padding-left: 30px;\">Die Me\u00dfanordnung der Lorentztransformation, die die L\u00e4nge des Stabes zwischen zwei relativ zueinander <strong>bewegten, aneinander vorbei-rauschenden<\/strong> Beobachtern A und B berechnet.<\/li>\n<\/ul>\n<p style=\"text-align: justify; padding-left: 30px;\">Das sind doch zwei grundverschiedene Me\u00dfanordnungen!!! Sie sollten es als Experimentalphysiker eigentlich erkannt haben, meine ich.<\/p>\n<p style=\"text-align: justify; padding-left: 30px;\">Die \u201e<em>kolossale Eselei<\/em>\u201c Einsteins besteht vielmehr daraus, dass er selbst unzul\u00e4ssig zwei verschiedene Me\u00dfanordnungen und deren Me\u00dfergebnisse gedanklich vermischt, und zwar auch v\u00f6llig inkonsistent bei den Voraussagen der Me\u00dfergebnisse:<\/p>\n<ul>\n<li style=\"text-align: justify; padding-left: 30px;\">Bei seiner eigenen Me\u00dfanordnung sagt er voraus, er misst verschiedene L\u00e4ngen des Stabes, ohne jedoch einen Wert f\u00fcr diese Unterschiede zu nennen und ohne eine Erkl\u00e4rung dar\u00fcber zu liefern. Die Erkl\u00e4rung ist jedoch, das wissen wir: Man misst verschiedene L\u00e4ngen des Stabes beim Austausch eines Lichtsignals, weil die Lichtgeschwindigkeit nicht konstant ist, sondern variable.<span style=\"color: #ffffff;\">.<br \/>\n.<br \/>\n<\/span><\/li>\n<li style=\"text-align: justify; padding-left: 30px;\">Bei der gedanklichen Me\u00dfanordnung von Lorentz, die Einstein v\u00f6llig grundlos \u00fcbernommen hat und in seiner Theorie wie ein Fremdk\u00f6rper wirkt, sagt er voraus, dass der Stab um den Lorentzfaktor gegenseitig verk\u00fcrzt gemessen wird, wobei diese Verk\u00fcrzung nicht materiell ist wie bei Lorentz, sondern nur fiktiv (zumindest ist es die Auslegung vom Albert Einstein Institut).<\/li>\n<\/ul>\n<p style=\"text-align: justify; padding-left: 30px;\">Die \u201e<em>kolossale Eselei<\/em>\u201c Einsteins ist also die v\u00f6llige Inkonsistenz und Widerspr\u00fcchlichkeit bei der Messung der L\u00e4nge des Stabes. Die SRT ist hier in der Tat eine \u201e<em>kolossale Eselei<\/em>\u201c, sie hat weder Hand noch Fu\u00df, man fragt sich, wie sie \u00fcberhaupt 1905 eine seri\u00f6se Pr\u00fcfung durch die renommierte Zeitschrift von Max Planck <em>Annalen der Physik<\/em> bestehen konnte. Sie w\u00fcrde heute durch keinen per Review durchkommen.<\/p>\n<p style=\"text-align: justify; padding-left: 30px;\"><span style=\"color: #ffffff;\">.<\/span><\/p>\n<p style=\"text-align: left;\">&#8212;&#8212;&#8212;&#8212;&#8212;&#8212;&#8212;&#8212;&#8212;&#8212;&#8212;&#8212;&#8212;&#8212;&#8211;<\/p>\n<dl class=\"clearfix fotol\" style=\"text-align: justify; width: 148px;\">\n<dt><img loading=\"lazy\" decoding=\"async\" class=\"alignleft size-full wp-image-1831\" src=\"http:\/\/www.kritik-relativitaetstheorie.de\/wp-content\/uploads\/2017\/11\/Zahl-Pi.jpg\" alt=\"\" width=\"125\" height=\"175\" \/><\/dt>\n<\/dl>\n<p style=\"text-align: justify;\"><strong>NB<\/strong>: Es ist ganz offensichtlich, dass der v\u00f6llig inkonsistente Artikel von Albert Einstein &#8222;<em>Zur Elektrodynamik bewegter K\u00f6rper<\/em>&#8220; (bekannt als Spezielle Relativit\u00e4tstheorie)\u00a0vor seiner Ver\u00f6ffentlichung 1905 in der renommierten Zeitschrift von Max Planck &#8222;<em>Annalen der Physik<\/em>&#8220; nicht seri\u00f6s gepr\u00fcft wurde. Eine plausibel Erkl\u00e4rung daf\u00fcr liefert nach umfangreichen Recherchen der Historiker Peter R\u00f6sch, siehe\u00a0hier:<br \/>\n<a href=\"http:\/\/www.kritik-relativitaetstheorie.de\/2017\/11\/am-ende-der-einstein-story-einstein-ein-fake\/\">Am Ende der Einstein Story &#8211; EINSTEIN &#8211; EIN FAKE<\/a><\/p>\n<p style=\"text-align: justify;\"><span style=\"color: #ffffff;\">.<\/span><\/p>\n","protected":false},"excerpt":{"rendered":"<p>Im Blog Die Einstein-Mafioso-Challenge von Prof. Heinrich P\u00e4s in der wissenschaftlichen Diskussionsplattform SciLogs\/Sprektrum der Wissenschaft, habe ich\u00a0 die Messvorschrifte Einsteins zur Messung der L\u00e4nge eines Objektes in seiner Speziellen Relativit\u00e4tstheorie n\u00e4her hinterfragt und zur Diskussion gestellt, und zwar die Me\u00dfvorschrifte aus seiner Operation a) und seiner Operation b), siehe hier im Originaltext. In dieser ausgiebigen [&hellip;]<\/p>\n","protected":false},"author":3,"featured_media":0,"comment_status":"closed","ping_status":"closed","sticky":false,"template":"","format":"standard","meta":{"om_disable_all_campaigns":false,"_monsterinsights_skip_tracking":false,"_monsterinsights_sitenote_active":false,"_monsterinsights_sitenote_note":"","_monsterinsights_sitenote_category":0,"ngg_post_thumbnail":0,"footnotes":""},"categories":[13],"tags":[1406,270,164,1407],"class_list":["post-7201","post","type-post","status-publish","format-standard","hentry","category-kritik-der-relativitatstheorie","tag-die-einstein-mafioso-challenge","tag-jocelyne-lopez","tag-peter-rosch","tag-prof-heinrich-paes"],"aioseo_notices":[],"_links":{"self":[{"href":"https:\/\/www.jocelyne-lopez.de\/blog\/wp-json\/wp\/v2\/posts\/7201"}],"collection":[{"href":"https:\/\/www.jocelyne-lopez.de\/blog\/wp-json\/wp\/v2\/posts"}],"about":[{"href":"https:\/\/www.jocelyne-lopez.de\/blog\/wp-json\/wp\/v2\/types\/post"}],"author":[{"embeddable":true,"href":"https:\/\/www.jocelyne-lopez.de\/blog\/wp-json\/wp\/v2\/users\/3"}],"replies":[{"embeddable":true,"href":"https:\/\/www.jocelyne-lopez.de\/blog\/wp-json\/wp\/v2\/comments?post=7201"}],"version-history":[{"count":0,"href":"https:\/\/www.jocelyne-lopez.de\/blog\/wp-json\/wp\/v2\/posts\/7201\/revisions"}],"wp:attachment":[{"href":"https:\/\/www.jocelyne-lopez.de\/blog\/wp-json\/wp\/v2\/media?parent=7201"}],"wp:term":[{"taxonomy":"category","embeddable":true,"href":"https:\/\/www.jocelyne-lopez.de\/blog\/wp-json\/wp\/v2\/categories?post=7201"},{"taxonomy":"post_tag","embeddable":true,"href":"https:\/\/www.jocelyne-lopez.de\/blog\/wp-json\/wp\/v2\/tags?post=7201"}],"curies":[{"name":"wp","href":"https:\/\/api.w.org\/{rel}","templated":true}]}}