{"id":7167,"date":"2017-11-14T09:17:13","date_gmt":"2017-11-14T08:17:13","guid":{"rendered":"https:\/\/www.jocelyne-lopez.de\/blog\/?p=7167"},"modified":"2017-11-23T16:20:34","modified_gmt":"2017-11-23T15:20:34","slug":"markus-poessel-und-diffamierung-der-kritiker-der-relativitaetstheorie-als-fachlich-inkompetent-und-als-antisemitisch-motiviert","status":"publish","type":"post","link":"https:\/\/www.jocelyne-lopez.de\/blog\/2017\/11\/markus-poessel-und-diffamierung-der-kritiker-der-relativitaetstheorie-als-fachlich-inkompetent-und-als-antisemitisch-motiviert\/","title":{"rendered":"Markus P\u00f6ssel und Diffamierung der Kritiker der Relativit\u00e4tstheorie als fachlich inkompetent und als antisemitisch motiviert"},"content":{"rendered":"<p style=\"text-align: justify;\"><img loading=\"lazy\" decoding=\"async\" class=\"alignleft\" src=\"http:\/\/kritik-relativitaetstheorie.de\/wp-content\/uploads\/2011\/07\/LogoEinsteinbunt9.jpg\" alt=\"\" width=\"131\" height=\"177\" \/><\/p>\n<p style=\"text-align: justify;\">Die langj\u00e4hrige Konfliktsituation \u00fcber die Diffamierung im Internet der Kritiker der Relativit\u00e4tstheorie als Antisemiten und als fachlich unqualifiziert hat der Blogger Markus P\u00f6ssel vor kurzem erneut in seinem Blog \u201e<em>Relativ Einfach<\/em>\u201c bei Scilogs ohne jegliche Veranlassung aufgew\u00e4rmt, speziell mit dem Fall des Kritikers Paul Weyland (Antisemitismus) aus der Dokumentation der Forschungsgruppe G.O. Mueller und mit dem Fall des Kritikers Peter Ripota (Inkompetenz),\u00a0 ab dem 2. Oktober 2017\u00a0in seinen beiden SciLog-Blog-Artikel <a href=\"https:\/\/scilogs.spektrum.de\/relativ-einfach\/gravitationswellen-nachweis-durch-ligo-und-virgo\/\">Gravitationswelle-Nachweis durch LIGO und Virgo<\/a> sowie <a href=\"https:\/\/scilogs.spektrum.de\/relativ-einfach\/relativitaetstheorie-antisemitismus\/#comment-26519\">Kritik an der Relativit\u00e4ts-theorie und Antisemitismus<\/a>.<br \/>\n<span style=\"color: #ffffff;\">.<\/span><\/p>\n<p><strong><a href=\"http:\/\/www.kritik-relativitaetstheorie.de\/2017\/11\/markus-poessel-und-diffamierung-der-kritiker-der-relativitaetstheorie-als-fachlich-inkompetent-und-als-antisemitisch-motiviert\/#more-23742\">Hier weiterlesen&#8230;<\/a><\/strong><\/p>\n<p style=\"text-align: justify;\">\n","protected":false},"excerpt":{"rendered":"<p>Die langj\u00e4hrige Konfliktsituation \u00fcber die Diffamierung im Internet der Kritiker der Relativit\u00e4tstheorie als Antisemiten und als fachlich unqualifiziert hat der Blogger Markus P\u00f6ssel vor kurzem erneut in seinem Blog \u201eRelativ Einfach\u201c bei Scilogs ohne jegliche Veranlassung aufgew\u00e4rmt, speziell mit dem Fall des Kritikers Paul Weyland (Antisemitismus) aus der Dokumentation der Forschungsgruppe G.O. Mueller und mit [&hellip;]<\/p>\n","protected":false},"author":3,"featured_media":0,"comment_status":"closed","ping_status":"closed","sticky":false,"template":"","format":"standard","meta":{"om_disable_all_campaigns":false,"_monsterinsights_skip_tracking":false,"_monsterinsights_sitenote_active":false,"_monsterinsights_sitenote_note":"","_monsterinsights_sitenote_category":0,"ngg_post_thumbnail":0,"footnotes":""},"categories":[13],"tags":[41,1396,177,1397],"class_list":["post-7167","post","type-post","status-publish","format-standard","hentry","category-kritik-der-relativitatstheorie","tag-albert-einstein-institut","tag-markis-poessel","tag-peter-ripota","tag-relativ-einfach"],"aioseo_notices":[],"_links":{"self":[{"href":"https:\/\/www.jocelyne-lopez.de\/blog\/wp-json\/wp\/v2\/posts\/7167"}],"collection":[{"href":"https:\/\/www.jocelyne-lopez.de\/blog\/wp-json\/wp\/v2\/posts"}],"about":[{"href":"https:\/\/www.jocelyne-lopez.de\/blog\/wp-json\/wp\/v2\/types\/post"}],"author":[{"embeddable":true,"href":"https:\/\/www.jocelyne-lopez.de\/blog\/wp-json\/wp\/v2\/users\/3"}],"replies":[{"embeddable":true,"href":"https:\/\/www.jocelyne-lopez.de\/blog\/wp-json\/wp\/v2\/comments?post=7167"}],"version-history":[{"count":0,"href":"https:\/\/www.jocelyne-lopez.de\/blog\/wp-json\/wp\/v2\/posts\/7167\/revisions"}],"wp:attachment":[{"href":"https:\/\/www.jocelyne-lopez.de\/blog\/wp-json\/wp\/v2\/media?parent=7167"}],"wp:term":[{"taxonomy":"category","embeddable":true,"href":"https:\/\/www.jocelyne-lopez.de\/blog\/wp-json\/wp\/v2\/categories?post=7167"},{"taxonomy":"post_tag","embeddable":true,"href":"https:\/\/www.jocelyne-lopez.de\/blog\/wp-json\/wp\/v2\/tags?post=7167"}],"curies":[{"name":"wp","href":"https:\/\/api.w.org\/{rel}","templated":true}]}}