{"id":7037,"date":"2017-04-22T07:24:41","date_gmt":"2017-04-22T06:24:41","guid":{"rendered":"https:\/\/www.jocelyne-lopez.de\/blog\/?p=7037"},"modified":"2017-04-27T08:20:26","modified_gmt":"2017-04-27T07:20:26","slug":"27-05-2017-demo-gegen-tierversuche-in-tuebingen-wir-lassen-uns-nicht-abwimmeln","status":"publish","type":"post","link":"https:\/\/www.jocelyne-lopez.de\/blog\/2017\/04\/27-05-2017-demo-gegen-tierversuche-in-tuebingen-wir-lassen-uns-nicht-abwimmeln\/","title":{"rendered":"27.05.2017 &#8211; Demo gegen Tierversuche in T\u00fcbingen &#8211; Wir lassen uns nicht abwimmeln!"},"content":{"rendered":"<p style=\"text-align: center;\"><strong>DEMO Tierversuche abschaffen. JETZT ERST RECHT!<\/strong><\/p>\n<p style=\"text-align: center;\"><strong>Samstag, 27. Mai 13:00 &#8211; 19:00<\/strong><br \/>\n<strong>Neckarinsel &#8211; 72072 T\u00fcbingen<\/strong><\/p>\n<p style=\"text-align: left; padding-left: 60px;\"><img loading=\"lazy\" decoding=\"async\" class=\"aligncenter\" src=\"https:\/\/www.jocelyne-lopez.de\/blog\/wp-content\/uploads\/2017\/04\/Demo-paws-Tuebingen-27_5_17.png\" width=\"351\" height=\"496\" \/><\/p>\n<p style=\"text-align: center;\"><strong><br \/>\n<\/strong><\/p>\n<p style=\"text-align: justify;\">. Wir demonstrieren zur Abschaffung der Tierversuche und zur Durchsetzung einer am Menschen orientierten medizinischen Forschung. Tierversuche sind nicht nur abscheulich, sondern ihre Ergebnisse sind auch aus wissenschaftlicher Sicht irrelevant f\u00fcr den Menschen. Forschung Ja, Tierversuche Nein!<\/p>\n<p style=\"text-align: justify;\">. Wir demonstrieren gegen das Folterlabor MPI in T\u00fcbingen zur Affenhirnforschung, das weiterhin seit mehr als 2 Jahren die Bev\u00f6lkerung an der Nase herumf\u00fchrt und seine Strategie der Verschleierung, der Verschleppung\u00a0und der T\u00e4uschung fortf\u00fchrt. Die Versuche am MPI wurden zwar aus noch ungekl\u00e4rten Gr\u00fcnden eingestellt,\u00a0jedoch hat\u00a0 die Max-Planck-Gesellschaft\u00a0offiziell noch im Januar 2017 mit ihrem &#8222;White Paper&#8220; unmissverst\u00e4ndlich angek\u00fcndigt, dass sie weiterhin die Affenhirnforschung\u00a0betreiben will.<\/p>\n<p style=\"text-align: justify;\">. Wir demonstrieren, um MPI und die Genehmigungsbeh\u00f6rde Regierungspr\u00e4sidium T\u00fcbingen f\u00fcr die gravierenden Verst\u00f6\u00dfe gegen das Tierschutzgesetz bei der Affenhirnforschung in T\u00fcbingen zur Verantwortung zu ziehen. Diese Versuche sind\u00a0seit Jahrzehnten hochgradig gesetzwidrig, sowohl unter dem ethischen als auch\u00a0unter dem wissenschaftlichen Aspekt,\u00a0und h\u00e4tten nie\u00a0beantragt und genehmigt werden d\u00fcrfen.<\/p>\n<p style=\"text-align: justify;\">. Wir demonstrieren gegen die Weiterf\u00fchrung dieser Affenversuche in der Hirnforschung an 3 anderen Instituten der Universit\u00e4t T\u00fcbingen\u00a0 (Prof. Andreas Nieder und Prof. Hans-Peter Thier):\u00a0\u00a0Hertie-Institut f\u00fcr Klinische Hirnforschung,\u00a0Institut f\u00fcr Zoologie,\u00a0 Centrum f\u00fcr Integrative Neurowissenschaften (CIN).<\/p>\n<p style=\"text-align: justify;\">. Wir demonstrieren, um\u00a0die Antwort auf eine Dienstaufsichtsbeschwerde \u00fcber Prof. Hans-Peter Thier zu erhalten, der unter Verdacht steht seine Forschungsantr\u00e4ge gef\u00e4lscht und illegale Versuche an Affen (f\u00fcr den Fu\u00dfball !!!) durchgef\u00fchrt zu haben.<\/p>\n<p style=\"text-align: justify;\">. \u00a0Wir demonstrieren, um die Antwort auf unsere B\u00fcrgeranfrage nach Informationsfreiheitsgesetz vom 25.04.2017 an die Leitung des MPI-Labors zu erhalten, zur Information \u00fcber den Grund der Einstellung der Versuche und \u00fcber das Schicksal der einzelnen Tiere, sowie \u00fcber den Verbleib der \u00fcberlebenden Tiere, die heimlich an Tierversuchslaboren im Ausland verkauft wurden.<br \/>\n<span style=\"color: #ffffff;\">.<\/span><\/p>\n<p style=\"text-align: center;\"><strong>Demo gegen Tierversuche am 27.05.2017 in T\u00fcbingen: <\/strong><br \/>\n<strong>JETZT ERST RECHT &#8211; WIR LASSEN UNS NICHT ABWIMMELN!!<\/strong><\/p>\n<p style=\"text-align: center;\"><span style=\"color: #ffffff;\">.<\/span><\/p>\n","protected":false},"excerpt":{"rendered":"<p>DEMO Tierversuche abschaffen. JETZT ERST RECHT! Samstag, 27. Mai 13:00 &#8211; 19:00 Neckarinsel &#8211; 72072 T\u00fcbingen . Wir demonstrieren zur Abschaffung der Tierversuche und zur Durchsetzung einer am Menschen orientierten medizinischen Forschung. Tierversuche sind nicht nur abscheulich, sondern ihre Ergebnisse sind auch aus wissenschaftlicher Sicht irrelevant f\u00fcr den Menschen. Forschung Ja, Tierversuche Nein! . Wir [&hellip;]<\/p>\n","protected":false},"author":3,"featured_media":0,"comment_status":"closed","ping_status":"closed","sticky":false,"template":"","format":"standard","meta":{"om_disable_all_campaigns":false,"_monsterinsights_skip_tracking":false,"_monsterinsights_sitenote_active":false,"_monsterinsights_sitenote_note":"","_monsterinsights_sitenote_category":0,"ngg_post_thumbnail":0,"footnotes":""},"categories":[9],"tags":[1372,1258,1065],"class_list":["post-7037","post","type-post","status-publish","format-standard","hentry","category-tierversuche-abschaffen","tag-andreas-nieder","tag-hans-peter-thier","tag-mpi"],"aioseo_notices":[],"_links":{"self":[{"href":"https:\/\/www.jocelyne-lopez.de\/blog\/wp-json\/wp\/v2\/posts\/7037"}],"collection":[{"href":"https:\/\/www.jocelyne-lopez.de\/blog\/wp-json\/wp\/v2\/posts"}],"about":[{"href":"https:\/\/www.jocelyne-lopez.de\/blog\/wp-json\/wp\/v2\/types\/post"}],"author":[{"embeddable":true,"href":"https:\/\/www.jocelyne-lopez.de\/blog\/wp-json\/wp\/v2\/users\/3"}],"replies":[{"embeddable":true,"href":"https:\/\/www.jocelyne-lopez.de\/blog\/wp-json\/wp\/v2\/comments?post=7037"}],"version-history":[{"count":0,"href":"https:\/\/www.jocelyne-lopez.de\/blog\/wp-json\/wp\/v2\/posts\/7037\/revisions"}],"wp:attachment":[{"href":"https:\/\/www.jocelyne-lopez.de\/blog\/wp-json\/wp\/v2\/media?parent=7037"}],"wp:term":[{"taxonomy":"category","embeddable":true,"href":"https:\/\/www.jocelyne-lopez.de\/blog\/wp-json\/wp\/v2\/categories?post=7037"},{"taxonomy":"post_tag","embeddable":true,"href":"https:\/\/www.jocelyne-lopez.de\/blog\/wp-json\/wp\/v2\/tags?post=7037"}],"curies":[{"name":"wp","href":"https:\/\/api.w.org\/{rel}","templated":true}]}}