{"id":6773,"date":"2016-01-27T06:43:55","date_gmt":"2016-01-27T05:43:55","guid":{"rendered":"https:\/\/www.jocelyne-lopez.de\/blog\/?p=6773"},"modified":"2016-01-27T06:51:19","modified_gmt":"2016-01-27T05:51:19","slug":"dr-wolfgang-engelhardt-aufdeckung-eines-weiteren-plagiats-von-albert-einstein","status":"publish","type":"post","link":"https:\/\/www.jocelyne-lopez.de\/blog\/2016\/01\/dr-wolfgang-engelhardt-aufdeckung-eines-weiteren-plagiats-von-albert-einstein\/","title":{"rendered":"Dr. Wolfgang Engelhardt: Aufdeckung eines weiteren Plagiats von Albert Einstein"},"content":{"rendered":"<p><img loading=\"lazy\" decoding=\"async\" class=\"alignleft\" src=\"http:\/\/kritik-relativitaetstheorie.de\/wp-content\/uploads\/2011\/07\/LogoEinsteinbunt9.jpg\" alt=\"\" width=\"149\" height=\"202\" \/><\/p>\n<p style=\"text-align: justify;\"><span style=\"color: #ffffff;\"><span style=\"color: #000000;\"><span style=\"color: #ffffff;\">.<\/span><br \/>\nAlbert Einstein war ein sehr t\u00fcchtiger Plagiator, was zwar die Kenner der Wissenschaftsgeschichte schon lange wissen, was jedoch von den eifrigen W\u00e4chtern des Einstein-Kults am Max Planck Institut f\u00fcr Wissenschaftsgeschichte in Berlin der breiten \u00d6ffen-tlichkeit sorgf\u00e4ltig vorenthalten wird &#8211; Lobbyismus verpflichtet, das kennen wir leider zu Gen\u00fcge von der Max Planck Gesellschaft&#8230;<br \/>\n<\/span><\/span><\/p>\n<p style=\"text-align: justify;\"><span style=\"color: #ffffff;\">.<br \/>\n.<\/span><\/p>\n<p style=\"text-align: justify;\"><span style=\"color: #ffffff;\"><span style=\"color: #000000;\">Der Physiker und ehemalige Mitarbeiter am Max Planck Institut f\u00fcr Plasmaphysik in Garching, Dr. Wolfgang Engelhardt, bem\u00fcht sich zurzeit eine wissenschaftliche Debatte mit etablierten Experten der Relativit\u00e4tstheorie zu initiieren, und zwar \u00fcber die Berechnung durch Einstein der Periheldrehung des Merkur, die als Best\u00e4tigung seiner Allgemeinen Relativit\u00e4tstheorie gilt, die jedoch schon 17 Jahre zuvor ohne jegliche relativistischen Effekte vom Physiker Paul Gerber richtig berechnet wurde. Nanu?<\/span><\/span><\/p>\n<p style=\"text-align: justify;\">Zwar schweigt wie erwartet Prof. J\u00fcrgen Renn, Direktor vom Max Planck Institut f\u00fcr Wissenschaftsgeschichte \u00fcber diesen seltsamen und sorgf\u00e4ltig verborgenen &#8222;Zufall&#8220;, jedoch bem\u00fcht sich Dr. Engelhardt weiter, eine \u00f6ffentliche wissenschaftliche Debatte zu initiieren, siehe:<br \/>\n<span style=\"color: #ffffff;\">.<\/span><\/p>\n<p style=\"text-align: left; padding-left: 30px;\"><a href=\"http:\/\/www.kritik-relativitaetstheorie.de\/Anhaenge\/Brief-Engelhardt-an-Grolle.pdf\">26.01.2016 &#8211; Brief von Dr. Wolfgang Engelhardt an Herrn Johann Grolle<\/a><br \/>\n<span style=\"color: #ffffff;\">.<br \/>\n<\/span>mit Anhang:<br \/>\n<span style=\"color: #ffffff;\">.<br \/>\n<\/span><a href=\"http:\/\/www.kritik-relativitaetstheorie.de\/Anhaenge\/Einstein-Perihelbewegung-Merkur.pdf\"> 1915 &#8211; Einstein: Erkl\u00e4rung der Periheldrehung des Merkur aus der Allgemeinen Relativit\u00e4tstheorie<\/a><br \/>\n<span style=\"color: #ffffff;\">.<\/span><\/p>\n<p style=\"text-align: justify;\"><span style=\"color: #ffffff;\">.<\/span><\/p>\n<p style=\"text-align: justify;\"><span style=\"color: #ffffff;\"><span style=\"color: #000000;\"><br \/>\n&#8212;&#8212;&#8212;&#8212;&#8212;&#8212;&#8212;&#8212;&#8212;&#8211;<\/span><\/span><\/p>\n<p style=\"text-align: justify;\"><strong>NB:<\/strong> Interessierte Leser haben die M\u00f6glichkeit, sich an diese Debatte zu beteiligen, die in der Webseite <em>Kritische Stimmen zur Relativit\u00e4tstheorie<\/em> ver\u00f6ffentlicht und zur Diskussion gestellt wurde, und wo die Kommentarfunktion aktiviert ist: <a href=\"http:\/\/www.kritik-relativitaetstheorie.de\/2015\/12\/wolfgang-engelhardt-befragung-von-experten-zur-gerber-einstein-formel\/\" target=\"_blank\">Wolfgang Engelhardt: Befragung von Experten zur Gerber-Einstein-Formel<\/a><\/p>\n<p>&nbsp;<\/p>\n","protected":false},"excerpt":{"rendered":"<p>. Albert Einstein war ein sehr t\u00fcchtiger Plagiator, was zwar die Kenner der Wissenschaftsgeschichte schon lange wissen, was jedoch von den eifrigen W\u00e4chtern des Einstein-Kults am Max Planck Institut f\u00fcr Wissenschaftsgeschichte in Berlin der breiten \u00d6ffen-tlichkeit sorgf\u00e4ltig vorenthalten wird &#8211; Lobbyismus verpflichtet, das kennen wir leider zu Gen\u00fcge von der Max Planck Gesellschaft&#8230; . . [&hellip;]<\/p>\n","protected":false},"author":3,"featured_media":0,"comment_status":"closed","ping_status":"open","sticky":false,"template":"","format":"standard","meta":{"om_disable_all_campaigns":false,"_monsterinsights_skip_tracking":false,"_monsterinsights_sitenote_active":false,"_monsterinsights_sitenote_note":"","_monsterinsights_sitenote_category":0,"ngg_post_thumbnail":0,"footnotes":""},"categories":[13],"tags":[1295,1292,557,1297,1296,1293,1294,556],"class_list":["post-6773","post","type-post","status-publish","format-standard","hentry","category-kritik-der-relativitatstheorie","tag-gert-scobel","tag-johann-grolle","tag-jurgen-renn","tag-kritik-relativitaetstheorie","tag-periheldrehung-merkur","tag-plagiat","tag-renate-loll","tag-wolfgang-engelhardt"],"aioseo_notices":[],"_links":{"self":[{"href":"https:\/\/www.jocelyne-lopez.de\/blog\/wp-json\/wp\/v2\/posts\/6773"}],"collection":[{"href":"https:\/\/www.jocelyne-lopez.de\/blog\/wp-json\/wp\/v2\/posts"}],"about":[{"href":"https:\/\/www.jocelyne-lopez.de\/blog\/wp-json\/wp\/v2\/types\/post"}],"author":[{"embeddable":true,"href":"https:\/\/www.jocelyne-lopez.de\/blog\/wp-json\/wp\/v2\/users\/3"}],"replies":[{"embeddable":true,"href":"https:\/\/www.jocelyne-lopez.de\/blog\/wp-json\/wp\/v2\/comments?post=6773"}],"version-history":[{"count":0,"href":"https:\/\/www.jocelyne-lopez.de\/blog\/wp-json\/wp\/v2\/posts\/6773\/revisions"}],"wp:attachment":[{"href":"https:\/\/www.jocelyne-lopez.de\/blog\/wp-json\/wp\/v2\/media?parent=6773"}],"wp:term":[{"taxonomy":"category","embeddable":true,"href":"https:\/\/www.jocelyne-lopez.de\/blog\/wp-json\/wp\/v2\/categories?post=6773"},{"taxonomy":"post_tag","embeddable":true,"href":"https:\/\/www.jocelyne-lopez.de\/blog\/wp-json\/wp\/v2\/tags?post=6773"}],"curies":[{"name":"wp","href":"https:\/\/api.w.org\/{rel}","templated":true}]}}