{"id":6766,"date":"2016-01-05T16:19:55","date_gmt":"2016-01-05T15:19:55","guid":{"rendered":"https:\/\/www.jocelyne-lopez.de\/blog\/?p=6766"},"modified":"2016-01-05T16:21:01","modified_gmt":"2016-01-05T15:21:01","slug":"aufdeckung-eines-weiteren-plagiats-von-albert-einstein-die-gerber-formel","status":"publish","type":"post","link":"https:\/\/www.jocelyne-lopez.de\/blog\/2016\/01\/aufdeckung-eines-weiteren-plagiats-von-albert-einstein-die-gerber-formel\/","title":{"rendered":"Aufdeckung eines weiteren Plagiats von Albert Einstein: Die Gerber-Formel"},"content":{"rendered":"<p style=\"text-align: justify;\"><img loading=\"lazy\" decoding=\"async\" class=\"alignleft\" src=\"http:\/\/kritik-relativitaetstheorie.de\/wp-content\/uploads\/2011\/07\/LogoEinsteinbunt9.jpg\" alt=\"\" width=\"149\" height=\"202\" \/><\/p>\n<p style=\"text-align: justify;\"><span style=\"color: #ffffff;\"><span style=\"color: #000000;\"><span style=\"color: #ffffff;\">.<\/span><br \/>\nAlbert Einstein war ein sehr t\u00fcchtiger Plagiator, was zwar die Kenner der Wissenschaftsgeschichte schon lange wissen, was jedoch von den eifrigen W\u00e4chtern des Einstein-Kults\u00a0 am Max Planck Institut f\u00fcr Wissen-schaftsgeschichte in Berlin\u00a0 der \u00a0breiten \u00d6ffentlich-keit\u00a0sorgf\u00e4ltig vorenthalten wird &#8211;\u00a0 Lobbyismus verpflichtet, das kennen wir leider zu Gen\u00fcge von der Max Planck Gesellschaft&#8230;<br \/>\n<\/span><\/span><\/p>\n<p style=\"text-align: justify;\"><span style=\"color: #ffffff;\">.<br \/>\n.<\/span><\/p>\n<p style=\"text-align: justify;\"><span style=\"color: #ffffff;\"><span style=\"color: #000000;\">Der Physiker und ehemalige Mitarbeiter am Max Planck Institut f\u00fcr Plasmaphysik in Garching, Dr. Wolfgang Engelhardt, bem\u00fcht sich zurzeit eine wissenschaftliche Debatte mit etablierten Experten der Relativit\u00e4tstheorie zu initiieren, und zwar \u00fcber die Berechnung durch Einstein der\u00a0Periheldrehung des Merkur, die als Best\u00e4tigung seiner Allgemeinen Relativit\u00e4tstheorie gilt, die jedoch schon 17 Jahre zuvor\u00a0ohne jegliche relativistischen Effekte vom Physiker Paul Gerber richtig berechnet wurde. \u00a0Nanu?<\/span><\/span><\/p>\n<p style=\"text-align: justify;\">Zwar schweigt wie erwartet Prof. J\u00fcrgen Renn, Direktor\u00a0vom Max Planck Institut f\u00fcr Wissenschaftsgeschichte \u00fcber diesen\u00a0seltsamen und verborgenen &#8222;Zufall&#8220;, jedoch ist es Dr. Engelhardt erfreulicherweise gelungen, einen Austausch mit zwei anderen Experten einzuleiten, siehe\u00a0Artikel und Kommentare im Blog\u00a0der Webseite &#8222;Kritische Stimmen zur Relativit\u00e4tstheorie&#8220;:<\/p>\n<p style=\"padding-left: 30px;\"><a href=\"http:\/\/www.kritik-relativitaetstheorie.de\/2015\/12\/wolfgang-engelhardt-befragung-von-experten-zur-gerber-einstein-formel\/\" target=\"_blank\" rel=\"bookmark\">Wolfgang Engelhardt: Befragung von Experten zur Gerber-Einstein Formel<\/a><\/p>\n<p style=\"text-align: justify;\"><span style=\"color: #ffffff;\"><span style=\"color: #000000;\"><br \/>\n<\/span><\/span>Wir d\u00fcrfen gespannt sein&#8230;<\/p>\n","protected":false},"excerpt":{"rendered":"<p>. Albert Einstein war ein sehr t\u00fcchtiger Plagiator, was zwar die Kenner der Wissenschaftsgeschichte schon lange wissen, was jedoch von den eifrigen W\u00e4chtern des Einstein-Kults\u00a0 am Max Planck Institut f\u00fcr Wissen-schaftsgeschichte in Berlin\u00a0 der \u00a0breiten \u00d6ffentlich-keit\u00a0sorgf\u00e4ltig vorenthalten wird &#8211;\u00a0 Lobbyismus verpflichtet, das kennen wir leider zu Gen\u00fcge von der Max Planck Gesellschaft&#8230; . . Der [&hellip;]<\/p>\n","protected":false},"author":3,"featured_media":0,"comment_status":"closed","ping_status":"closed","sticky":false,"template":"","format":"standard","meta":{"om_disable_all_campaigns":false,"_monsterinsights_skip_tracking":false,"_monsterinsights_sitenote_active":false,"_monsterinsights_sitenote_note":"","_monsterinsights_sitenote_category":0,"ngg_post_thumbnail":0,"footnotes":""},"categories":[13],"tags":[557,556],"class_list":["post-6766","post","type-post","status-publish","format-standard","hentry","category-kritik-der-relativitatstheorie","tag-jurgen-renn","tag-wolfgang-engelhardt"],"aioseo_notices":[],"_links":{"self":[{"href":"https:\/\/www.jocelyne-lopez.de\/blog\/wp-json\/wp\/v2\/posts\/6766"}],"collection":[{"href":"https:\/\/www.jocelyne-lopez.de\/blog\/wp-json\/wp\/v2\/posts"}],"about":[{"href":"https:\/\/www.jocelyne-lopez.de\/blog\/wp-json\/wp\/v2\/types\/post"}],"author":[{"embeddable":true,"href":"https:\/\/www.jocelyne-lopez.de\/blog\/wp-json\/wp\/v2\/users\/3"}],"replies":[{"embeddable":true,"href":"https:\/\/www.jocelyne-lopez.de\/blog\/wp-json\/wp\/v2\/comments?post=6766"}],"version-history":[{"count":0,"href":"https:\/\/www.jocelyne-lopez.de\/blog\/wp-json\/wp\/v2\/posts\/6766\/revisions"}],"wp:attachment":[{"href":"https:\/\/www.jocelyne-lopez.de\/blog\/wp-json\/wp\/v2\/media?parent=6766"}],"wp:term":[{"taxonomy":"category","embeddable":true,"href":"https:\/\/www.jocelyne-lopez.de\/blog\/wp-json\/wp\/v2\/categories?post=6766"},{"taxonomy":"post_tag","embeddable":true,"href":"https:\/\/www.jocelyne-lopez.de\/blog\/wp-json\/wp\/v2\/tags?post=6766"}],"curies":[{"name":"wp","href":"https:\/\/api.w.org\/{rel}","templated":true}]}}