{"id":6457,"date":"2015-01-25T12:01:48","date_gmt":"2015-01-25T11:01:48","guid":{"rendered":"https:\/\/www.jocelyne-lopez.de\/blog\/?p=6457"},"modified":"2015-01-25T13:00:48","modified_gmt":"2015-01-25T12:00:48","slug":"ist-der-justizminister-thomas-kutschaty-nicht-die-letzte-instanz-der-staatsanwaltschaften","status":"publish","type":"post","link":"https:\/\/www.jocelyne-lopez.de\/blog\/2015\/01\/ist-der-justizminister-thomas-kutschaty-nicht-die-letzte-instanz-der-staatsanwaltschaften\/","title":{"rendered":"Ist der Justizminister Thomas Kutschaty nicht die letzte Instanz der Staatsanwaltschaften?"},"content":{"rendered":"<p style=\"text-align: justify;\">Ich verweise auf die <a href=\"https:\/\/www.jocelyne-lopez.de\/pdfDateien\/Petition_Landtag_NRW_wegen_COVANCE-18-11-14-o.pdf\" target=\"_blank\">Petition Nr. I.3\/16-P-2014-04842-03<\/a> vom 18.11.2014 nach \u00a7 17 GG, die aktuell dem Landtag Nordrhein-Westfalen zur Pr\u00fcfung und Entscheidung vorliegt und fasse kurz den Sachverhalt zusammen:<span style=\"color: #ffffff;\">&#8211;<br \/>\n.<\/span><\/p>\n<p style=\"text-align: justify;\"><a href=\"https:\/\/www.jocelyne-lopez.de\/pdfDateien\/Strafanzeige-LANUV-COVANCE-04_08_14-o.pdf\" target=\"_blank\"><strong>Am 04.08.2014<\/strong><\/a> haben wir eine Strafanzeige bei der Staatsanwaltschaft Bochum wegen Vorw\u00fcrfen der Verst\u00f6\u00dfe gegen das geltende Tierschutzgesetz \u00a7\u00a7 1, 2, 7, 8 und 11 bei der Genehmigung der Tierhaltung im Affenlabor Covance durch die Beh\u00f6rde LANUV NRW erstattet: Sowohl das geltende deutsche Tierschutzgesetz als auch das <a href=\"https:\/\/www.jocelyne-lopez.de\/blog\/2014\/12\/information-an-den-landtag-nrw-auch-das-eu-recht-schuetzt-die-tiere-des-hoellenlabors-covance\/\" target=\"_blank\">EU-Recht<\/a> schreiben n\u00e4mlich verbindlich eine artgerechte Haltung der Tiere vor.<br \/>\n<span style=\"color: #ffffff;\">.<br \/>\n<\/span><a href=\"https:\/\/www.jocelyne-lopez.de\/pdfDateien\/Einstellung_Strafanzeige_Covance-03-09-14.pdf\" target=\"_blank\"><strong>Am 03.09.2014<\/strong><\/a> hat die Staatsanwaltschaft Bochum die Strafanzeige mit der Begr\u00fcndung eingestellt, dass keine ausreichenden Anhaltspunkte f\u00fcr eine verfolgbare Straftat vorl\u00e4gen und weigert sich, Ermittlungen einzuleiten und die \u00f6ffentliche Klage im Interesse der Allgemeinheit zu erheben. Ich erinnere daran, dass nach Strafprozessordnung eine Staatsanwaltschaft verpflichtet ist, sogar nur bei einem Anfangsverdacht Ermittlungen einzuleiten und bei sich best\u00e4tigendem Verdacht Anklage zu erheben.<br \/>\n<span style=\"color: #ffffff;\">.<br \/>\n<\/span><a href=\"https:\/\/www.jocelyne-lopez.de\/pdfDateien\/Beschwerde%20an%20Generalstaatsanwaltschaft%20Hamm%20wegen%20Einstellung%20COVANCE-15-11-14-o.pdf\" target=\"_blank\"><strong>Am 15.11.2014<\/strong> <\/a>haben wir eine Beschwerde bei der Generalstaatsanwaltschaft Hamm wegen Einstellung unserer Anzeige durch die Staatsanwaltschaft Bochum eingereicht.<br \/>\n<span style=\"color: #ffffff;\">.<br \/>\n<\/span><a href=\"https:\/\/www.jocelyne-lopez.de\/pdfDateien\/Einstellung_Anzeige_Covance_Generalstaatsanwaltschaft_Hamm092.pdf\" target=\"_blank\"><strong>Am 07.01.2015<\/strong><\/a> hat die Generalstaatsanwaltschaft Hamm unsere Beschwerde wegen Einstellung unserer Strafanzeige durch die Staatsanwaltschaft Bochum abgewiesen und die Einstellung der Strafanzeige best\u00e4tigt.<span style=\"color: #ffffff;\">.<br \/>\n.<br \/>\n<strong><a href=\"https:\/\/www.jocelyne-lopez.de\/pdfDateien\/Beschwerde_Kutschaty_COVANCE_16_01_15-o.pdf\" target=\"_blank\">Am 16.01.2015<\/a><\/strong><\/span> haben wir eine Beschwerde beim NRW-Justizminister Thomas Kutschaty als oberste Hierarchie der Staatsanwaltschaften wegen Best\u00e4tigung der Einstellung der Strafanzeige durch die Generalstaatsanwaltschaft Hamm eingereicht.<\/p>\n<p style=\"text-align: justify;\"><span style=\"color: #ffffff;\">.<\/span><br \/>\n<span style=\"color: #ffffff;\">.<\/span><\/p>\n<p style=\"text-align: justify;\"><span style=\"color: #000000;\">Vor diesem Hintergrund ist die\u00a0Antwort <a href=\"http:\/\/www.abgeordnetenwatch.de\/frage-928-49951--f430584.html#questions\" target=\"_blank\">vom 19.01.2015<\/a>\u00a0im Abgeordnetenwatch vom Justizminister Thomas Kutschaty auf meine Frage hin, wie er die\u00a0 Rechtslage bei diesem Sachverhalt\u00a0pers\u00f6nlich beurteilt, \u00e4u\u00dferst verwirrend und f\u00fcr mich nicht\u00a0nachvollziehbar:<\/span><\/p>\n<p style=\"text-align: justify; padding-left: 30px;\"><span style=\"color: #000000;\">\u00a0&#8222;<em>Als Justizminister des Landes Nordrhein-Westfalen obliegt es mir nicht, entsprechende rechtliche Beurteilungen abzugeben&#8220;.<\/em><\/span><\/p>\n<p style=\"text-align: justify;\">Ein\u00a0Justizminister ist m.E. die oberste Hierarchie der Staatsanwaltschaften und es obliegt ihm sehr wohl, die Rechtsm\u00e4\u00dfigkeit der Verf\u00fcgungen seiner untergeordneten Staatsanwaltschaften in letzter Instanz zu \u00fcberpr\u00fcfen und zu beurteilen. Daf\u00fcr ist ein Justizminister nun mal auch da. Die Staatsanwaltschaft Bochum kann ja nicht Verf\u00fcgungen ohne jegliche Aufsicht vor sich hin aussprechen, und somit die verfassungsm\u00e4\u00dfigen Belange der Bev\u00f6lkerung Deutschlands allein bestimmen. Organe der Exekutive ohne Aufsicht gibt es in einem Rechtsstaat nicht, das steht fest.<\/p>\n<p style=\"text-align: justify;\"><span style=\"color: #ffffff;\">.<\/span><\/p>\n<p style=\"text-align: justify;\"><img loading=\"lazy\" decoding=\"async\" class=\"alignleft\" src=\"http:\/\/www.abgeordnetenwatch.de\/images\/abgeordnete\/big\/49951\/thomas_kutschaty.jpg\" alt=\"\" width=\"136\" height=\"205\" \/><br \/>\nIch habe daher am 24.01.2015 im Abgeordnetenwatch den Justizminister Thomas Kutschaty gebeten, seine verwirrende Aussage unmissverst\u00e4ndlich zu kl\u00e4ren:<\/p>\n<p style=\"text-align: justify;\"><a href=\"http:\/\/www.abgeordnetenwatch.de\/frage-928-49951--f430584.html#questions\" target=\"_blank\">Frage von Jocelyne Lopez vom 24.01.2015<\/a><\/p>\n<p style=\"text-align: justify;\"><span style=\"color: #ffffff;\">.<\/span><\/p>\n<p style=\"text-align: justify;\"><strong>NB<\/strong>: Interessierte B\u00fcrger, die per E-Mail informiert werden m\u00f6chten, sobald eine Antwort eintrifft, k\u00f6nnen sich unter der Befragung eintragen.<\/p>\n<p style=\"text-align: justify;\"><span style=\"color: #ffffff;\">.<\/span><\/p>\n<p style=\"text-align: justify;\"><span style=\"color: #ffffff;\">.<\/span><\/p>\n<p style=\"text-align: justify;\">&#8212;&#8212;&#8212;&#8212;&#8212;&#8212;&#8212;&#8212;&#8212;&#8212;&#8212;&#8212;&#8212;-<br \/>\nSiehe auch:<\/p>\n<p><a href=\"https:\/\/www.jocelyne-lopez.de\/blog\/2015\/01\/justizminister-thomas-kutschaty-der-staat-bin-ich\/\" target=\"_blank\">Justizminister Thomas Kutschaty: Der Staat bin ich<\/a>.<\/p>\n<p style=\"text-align: justify;\"><a href=\"https:\/\/www.jocelyne-lopez.de\/blog\/2014\/08\/in-gedenken-an-den-tierschuetzer-und-tierrechtler-gerhard-oesterreich\/\" target=\"_blank\">In Gedenken an den Tiersch\u00fctzer und Tierrechtler Gerhard Oesterreich<\/a><\/p>\n<p style=\"text-align: justify;\"><span style=\"color: #ffffff;\">.<\/span><\/p>\n","protected":false},"excerpt":{"rendered":"<p>Ich verweise auf die Petition Nr. I.3\/16-P-2014-04842-03 vom 18.11.2014 nach \u00a7 17 GG, die aktuell dem Landtag Nordrhein-Westfalen zur Pr\u00fcfung und Entscheidung vorliegt und fasse kurz den Sachverhalt zusammen:&#8211; . Am 04.08.2014 haben wir eine Strafanzeige bei der Staatsanwaltschaft Bochum wegen Vorw\u00fcrfen der Verst\u00f6\u00dfe gegen das geltende Tierschutzgesetz \u00a7\u00a7 1, 2, 7, 8 und 11 [&hellip;]<\/p>\n","protected":false},"author":3,"featured_media":0,"comment_status":"closed","ping_status":"open","sticky":false,"template":"","format":"standard","meta":{"om_disable_all_campaigns":false,"_monsterinsights_skip_tracking":false,"_monsterinsights_sitenote_active":false,"_monsterinsights_sitenote_note":"","_monsterinsights_sitenote_category":0,"ngg_post_thumbnail":0,"footnotes":""},"categories":[9],"tags":[830,311,869,831,1043,8,7,1334],"class_list":["post-6457","post","type-post","status-publish","format-standard","hentry","category-tierversuche-abschaffen","tag-affenversuche","tag-covance","tag-lanuv-nrw","tag-primatenversuche","tag-thomas-kutschaty","tag-tierrechte","tag-tierschutz","tag-tierversuche-abschaffen"],"aioseo_notices":[],"_links":{"self":[{"href":"https:\/\/www.jocelyne-lopez.de\/blog\/wp-json\/wp\/v2\/posts\/6457"}],"collection":[{"href":"https:\/\/www.jocelyne-lopez.de\/blog\/wp-json\/wp\/v2\/posts"}],"about":[{"href":"https:\/\/www.jocelyne-lopez.de\/blog\/wp-json\/wp\/v2\/types\/post"}],"author":[{"embeddable":true,"href":"https:\/\/www.jocelyne-lopez.de\/blog\/wp-json\/wp\/v2\/users\/3"}],"replies":[{"embeddable":true,"href":"https:\/\/www.jocelyne-lopez.de\/blog\/wp-json\/wp\/v2\/comments?post=6457"}],"version-history":[{"count":0,"href":"https:\/\/www.jocelyne-lopez.de\/blog\/wp-json\/wp\/v2\/posts\/6457\/revisions"}],"wp:attachment":[{"href":"https:\/\/www.jocelyne-lopez.de\/blog\/wp-json\/wp\/v2\/media?parent=6457"}],"wp:term":[{"taxonomy":"category","embeddable":true,"href":"https:\/\/www.jocelyne-lopez.de\/blog\/wp-json\/wp\/v2\/categories?post=6457"},{"taxonomy":"post_tag","embeddable":true,"href":"https:\/\/www.jocelyne-lopez.de\/blog\/wp-json\/wp\/v2\/tags?post=6457"}],"curies":[{"name":"wp","href":"https:\/\/api.w.org\/{rel}","templated":true}]}}