{"id":6415,"date":"2015-01-07T17:45:58","date_gmt":"2015-01-07T16:45:58","guid":{"rendered":"https:\/\/www.jocelyne-lopez.de\/blog\/?p=6415"},"modified":"2015-03-26T11:56:06","modified_gmt":"2015-03-26T10:56:06","slug":"landtagsabgeordneter-martin-sebastian-abel-die-genehmigende-behoerde-hat-gesagt-dass-alles-in-ordnung-ist-im-hoellenlabor-covance","status":"publish","type":"post","link":"https:\/\/www.jocelyne-lopez.de\/blog\/2015\/01\/landtagsabgeordneter-martin-sebastian-abel-die-genehmigende-behoerde-hat-gesagt-dass-alles-in-ordnung-ist-im-hoellenlabor-covance\/","title":{"rendered":"Landtagsabgeordneter Martin-Sebastian Abel: Die genehmigende Beh\u00f6rde hat gesagt, dass alles in Ordnung ist im H\u00f6llenlabor COVANCE"},"content":{"rendered":"<p style=\"text-align: justify;\">Ich habe am 11.12.2014 im NRW-Abgeordnetenwatch im Rahmen der Petition \u00fcber die Tierhaltung im Affenlabor COVANCE, die aktuell dem Landtag NRW zur Pr\u00fcfung und Entscheidung vorliegt, den Landtagsabgeordneten Martin-Sebastian Abel (DIE GR\u00dcNEN) drei Fragen \u00fcber seine pers\u00f6nliche Beurteilung der Tierhaltung bei\u00a0COVANCE und \u00fcber die Einstellung unserer Strafanzeige durch die Staats-anwaltschaft Bochum wegen Vorw\u00fcrfen der Verst\u00f6\u00dfe gegen das Tierschutzgesetz \u00a7\u00a7\u00a0 2, 7 und 11 durch die genehmigende Beh\u00f6rde LANUV NRW gestellt:<\/p>\n<p style=\"text-align: justify; padding-left: 30px;\">1. Empfinden Sie pers\u00f6nlich beim besten Wissen und Gewissen diese Haltung von Primaten als artgerecht?<\/p>\n<p style=\"text-align: justify; padding-left: 30px;\">\u00a02. Liegen aus Ihrer Sicht beim Vorliegen dieses Bildmaterials keine zureichenden Anhaltspunkte f\u00fcr eine verfolgbare Straftat vor?<\/p>\n<p style=\"text-align: justify; padding-left: 30px;\">\u00a03. Ist aus Ihrer Sicht die erbetene Veranlassung der Erhebung der \u00f6ffentlichen Klage durch den Landtag NRW nicht dringend geboten?<\/p>\n<p style=\"text-align: justify; padding-left: 30px;\"><span style=\"color: #ffffff;\">.<\/span><\/p>\n<p style=\"text-align: justify;\"><img loading=\"lazy\" decoding=\"async\" class=\"alignleft\" src=\"http:\/\/www.abgeordnetenwatch.de\/images\/abgeordnete\/big\/66866\/martin_sebastian_abel.jpg\" alt=\"\" width=\"159\" height=\"212\" \/>Am 06.01.2015 hat der Landtagsabgeordnete Martin-Sebastian Abel meine Fragen beantwortet,\u00a0siehe<\/p>\n<p style=\"text-align: justify;\"><a href=\"http:\/\/www.abgeordnetenwatch.de\/martin_sebastian_abel-928-66866.html\" target=\"_blank\">Frage von Jocelyne Lopez vom 11.12.2014 und<br \/>\nAntwort von Martin-Sebastian Abel vom 06.01.2015 <\/a><\/p>\n<p style=\"text-align: justify;\">Im Vorfeld teilt mir der Landtagsabgeordneter Abel mit, dass er keine Lust hat, meine Fragen zu beantworten, weil ich in meinem Blog seine Antwort an eine andere B\u00fcrgerin in derselben Angelegenheit kritisiert habe (siehe <a href=\"https:\/\/www.jocelyne-lopez.de\/blog\/2014\/12\/der-gruene-landtagsabgeordneter-martin-sebastian-abel-verhoehnt-die-buerger-und-die-verfassung\/\" target=\"_blank\">hier<\/a>).<\/p>\n<p style=\"text-align: justify;\"><span style=\"color: #ffffff;\">&#8211;<\/span><\/p>\n<p style=\"text-align: justify;\"><span style=\"color: #ffffff;\">.<\/span><\/p>\n<p style=\"text-align: justify;\">Es mag schon sein, dass Herr Abel nicht dar\u00fcber erfreut ist, wenn man seine Positionen zu einem Vorgang vom \u00f6ffentlichen Interesse kritisiert. \u00a0Jedoch muss er sich dessen bewu\u00dft werden, dass in unserem Rechtsstaat das Recht f\u00fcr jeden einzelnen B\u00fcrger auf freie Meinungs\u00e4u\u00dferung im Grundgesetz verankert ist:<\/p>\n<p style=\"text-align: justify; padding-left: 30px;\">Art. 5 GG<\/p>\n<p style=\"text-align: justify; padding-left: 30px;\"><em>(1)\u00a0\u00a0 Jeder hat das Recht, seine Meinung in Wort, Schrift und Bild frei zu \u00e4u\u00dfern und zu verbreiten und sich aus allgemein zug\u00e4nglichen Quellen ungehindert zu unterrichten. Die Pressefreiheit und die Freiheit der Berichterstattung durch Rundfunk und Film werden gew\u00e4hrleistet. Eine Zensur findet nicht statt.<br \/>\n<span style=\"color: #ffffff;\">.<\/span><\/em><\/p>\n<p style=\"text-align: justify;\">Das Betreiben eines Internet-Blogs unterliegt dem Presserecht. Herr Abel muss sich also gefallen lassen, dass ich in meinem Blog seine Positionen und Handlungen zu \u00f6ffentlichen Vorg\u00e4ngen kritisiere. Dass er keine Lust habe, Fragen von B\u00fcrgern zu beantworten, die seine Positionen kritisieren, ist nur falsch verstandene Demokratie.<\/p>\n<p style=\"text-align: justify;\">Ich werde bestimmt weiterhin keine Bl\u00fcmchen-Fragen an Politiker stellen, wenn es um Elend und Tod von Zehntausenden von gequ\u00e4lten Tieren geht. Wenn es um Gr\u00e4uel, um Barbarei, um Gewalt, um Irrwege der Wissenschaft, um Verschwendung von Steuergeldern in Millionenh\u00f6he, um Profitgier \u00a0und um gigantische Abzocke der Verbraucher geht. Wenn es um Missachtung von Recht und Gesetz geht. Bl\u00fcmchen-Kommentare von mir dar\u00fcber braucht der Landtagsabgeordneter Abel weiterhin nicht zu erwarten.<\/p>\n<p style=\"text-align: justify;\"><span style=\"color: #ffffff;\">.<\/span><\/p>\n<p style=\"text-align: justify;\">Obwohl der Landtagsabgeordneter Abel keine Lust hat, mir meine Fragen zu beantworten, hat er sie trotzdem f\u00fcr\u00a0Mitleser beantwortet, und zwar sinngem\u00e4\u00df:<\/p>\n<p style=\"text-align: justify;\">Die Tiere tun ihm sehr leid, aber er kann nicht selbst beurteilen, ob diese Haltung artgerecht ist.\u00a0Er hat\u00a0die genehmigende\u00a0Beh\u00f6rde gefragt, ob alles bei der Haltung der Tiere in Ordnung sei, die Beh\u00f6rde hat gesagt, ja, alles ist in Ordnung, also ist alles in Ordnung, eine\u00a0Beh\u00f6rde kann nicht irren. Ist schon klar, Herr Abel, ist schon klar.<\/p>\n<p>Dar\u00fcber hinaus\u00a0k\u00f6nnen die Landtagsabgeordneten nichts dagegen tun. Ist schon klar, Herr Abel, ist schon klar.<\/p>\n<p>Ich erspare mir hier weitere Kommentare.<\/p>\n<p>&nbsp;<\/p>\n<p>&#8212;&#8212;&#8212;&#8212;&#8212;&#8212;&#8212;-<br \/>\n<strong>NACHTRAG:<\/strong><\/p>\n<p style=\"text-align: justify;\">Der Landtagsabgeordneter Martin-Sebastian Abel, der offensichtlich keine Kritik seiner Positionen \u00fcber die Primatenversuche im Land NRW vertragen kann und das Recht auf Meinungsfreiheit den B\u00fcrgern wohl am liebsten absprechen m\u00f6chte, hat mich wegen meinem obigen Blogeintrag in seiner Facebook-Seite am 08.01.2015 beleidigt, siehe <a href=\"https:\/\/www.jocelyne-lopez.de\/blog\/wp-content\/uploads\/2015\/01\/Screenshot_Abel_08_01_15.jpg\" target=\"_blank\">hier<\/a>.<\/p>\n<p style=\"text-align: left;\">Siehe auch:<strong><br \/>\n<\/strong><br \/>\n<a href=\"https:\/\/www.jocelyne-lopez.de\/blog\/2015\/03\/mdl-martin-sebastian-abel-ist-auch-ihr-parteikollege-der-gruene-umweltminister-johannes-remmel-ein-querulatorischer-arschloch\/\" target=\"_blank\">MdL Martin-Sebastian Abel: Ist auch Ihr Parteikollege, der gr\u00fcne Umweltminister Johannes Remmel, ein querulatorischer Arschloch?<\/a><\/p>\n<p style=\"text-align: left;\"><a href=\"https:\/\/www.jocelyne-lopez.de\/blog\/2015\/03\/herr-mdl-martin-sebastian-abel-begruenden-sie-bitte-genau-was-ich-fuer-ein-wirres-durchgeknalltes-zeug-verbreite\/\" target=\"_blank\">Herr MdL Martin-Sebastian Abel, begr\u00fcnden Sie bitte genau, was ich f\u00fcr eine &#8222;wirres, durchgeknalltes Zeug&#8220; verbreite<\/a><\/p>\n<p style=\"text-align: justify;\"><span style=\"color: #ffffff;\">.<\/span><\/p>\n<p><span style=\"color: #ffffff;\">.<\/span><\/p>\n<p style=\"text-align: justify;\"><span style=\"color: #ffffff;\">.<img loading=\"lazy\" decoding=\"async\" class=\"alignnone\" src=\"https:\/\/www.jocelyne-lopez.de\/blog\/wp-content\/uploads\/2014\/11\/covance-Zitat-4.jpg\" alt=\"\" width=\"513\" height=\"334\" \/><\/span><\/p>\n<p style=\"text-align: justify;\"><span style=\"color: #ffffff;\">.<\/span><\/p>\n<p>&nbsp;<\/p>\n<p>&nbsp;<\/p>\n<p style=\"text-align: justify;\"><span style=\"color: #ffffff;\">.<\/span><\/p>\n","protected":false},"excerpt":{"rendered":"<p>Ich habe am 11.12.2014 im NRW-Abgeordnetenwatch im Rahmen der Petition \u00fcber die Tierhaltung im Affenlabor COVANCE, die aktuell dem Landtag NRW zur Pr\u00fcfung und Entscheidung vorliegt, den Landtagsabgeordneten Martin-Sebastian Abel (DIE GR\u00dcNEN) drei Fragen \u00fcber seine pers\u00f6nliche Beurteilung der Tierhaltung bei\u00a0COVANCE und \u00fcber die Einstellung unserer Strafanzeige durch die Staats-anwaltschaft Bochum wegen Vorw\u00fcrfen der Verst\u00f6\u00dfe [&hellip;]<\/p>\n","protected":false},"author":3,"featured_media":0,"comment_status":"closed","ping_status":"open","sticky":false,"template":"","format":"standard","meta":{"om_disable_all_campaigns":false,"_monsterinsights_skip_tracking":false,"_monsterinsights_sitenote_active":false,"_monsterinsights_sitenote_note":"","_monsterinsights_sitenote_category":0,"ngg_post_thumbnail":0,"footnotes":""},"categories":[9],"tags":[830,311,924,869,1016,831,1043,1334],"class_list":["post-6415","post","type-post","status-publish","format-standard","hentry","category-tierversuche-abschaffen","tag-affenversuche","tag-covance","tag-johannes-remmel","tag-lanuv-nrw","tag-martin-sebastian-abel","tag-primatenversuche","tag-thomas-kutschaty","tag-tierversuche-abschaffen"],"aioseo_notices":[],"_links":{"self":[{"href":"https:\/\/www.jocelyne-lopez.de\/blog\/wp-json\/wp\/v2\/posts\/6415"}],"collection":[{"href":"https:\/\/www.jocelyne-lopez.de\/blog\/wp-json\/wp\/v2\/posts"}],"about":[{"href":"https:\/\/www.jocelyne-lopez.de\/blog\/wp-json\/wp\/v2\/types\/post"}],"author":[{"embeddable":true,"href":"https:\/\/www.jocelyne-lopez.de\/blog\/wp-json\/wp\/v2\/users\/3"}],"replies":[{"embeddable":true,"href":"https:\/\/www.jocelyne-lopez.de\/blog\/wp-json\/wp\/v2\/comments?post=6415"}],"version-history":[{"count":0,"href":"https:\/\/www.jocelyne-lopez.de\/blog\/wp-json\/wp\/v2\/posts\/6415\/revisions"}],"wp:attachment":[{"href":"https:\/\/www.jocelyne-lopez.de\/blog\/wp-json\/wp\/v2\/media?parent=6415"}],"wp:term":[{"taxonomy":"category","embeddable":true,"href":"https:\/\/www.jocelyne-lopez.de\/blog\/wp-json\/wp\/v2\/categories?post=6415"},{"taxonomy":"post_tag","embeddable":true,"href":"https:\/\/www.jocelyne-lopez.de\/blog\/wp-json\/wp\/v2\/tags?post=6415"}],"curies":[{"name":"wp","href":"https:\/\/api.w.org\/{rel}","templated":true}]}}