{"id":6379,"date":"2014-12-21T12:34:27","date_gmt":"2014-12-21T11:34:27","guid":{"rendered":"https:\/\/www.jocelyne-lopez.de\/blog\/?p=6379"},"modified":"2014-12-21T12:39:49","modified_gmt":"2014-12-21T11:39:49","slug":"abgeordnetenwatch-nrw-ist-eine-petition-beim-landtag-nrw-eine-kampagne","status":"publish","type":"post","link":"https:\/\/www.jocelyne-lopez.de\/blog\/2014\/12\/abgeordnetenwatch-nrw-ist-eine-petition-beim-landtag-nrw-eine-kampagne\/","title":{"rendered":"Abgeordnetenwatch NRW: Ist eine Petition beim Landtag NRW eine &#8222;Kampagne&#8220;?"},"content":{"rendered":"<p style=\"text-align: justify;\">Der Abgeordnetenwatch des Landes Nordrhein-Westfalen\u00a0bietet allen B\u00fcrgern an, Landesabgeordneten \u00fcber wichtige Themen online zu befragen, siehe:<\/p>\n<p style=\"text-align: justify; padding-left: 30px;\"><a href=\"http:\/\/www.abgeordnetenwatch.de\/nordrhein_westfalen-967-0.html\" target=\"_blank\">Abgeordneten-Watch NRW <\/a><\/p>\n<p style=\"text-align: justify; padding-left: 30px;\">\u201e<em>Ob Bildung oder innere Sicherheit: Viele wichtige Themen werden auf L\u00e4nderebene entschieden. Befragen Sie die 237 Abgeordneten des nordrhein-westf\u00e4lischen Landtags auf abgeordnetenwatch.de\u201c .<\/em><\/p>\n<p style=\"text-align: justify;\"><span style=\"color: #ffffff;\">.<\/span><\/p>\n<p style=\"text-align: justify;\">Siehe auch Gru\u00dfwort von Prof. Dr. Jutta Limbach:<\/p>\n<p style=\"text-align: justify; padding-left: 30px;\">\u00a0<em>\u201eInitiativen wie diese machen Politiker empf\u00e4nglicher f\u00fcr gesellschaftliche Probleme und Bed\u00fcrfnisse\u201c.<\/em> <a href=\"https:\/\/www.abgeordnetenwatch.de\/bundestag\/grusswort\" target=\"_blank\">Weiterlesen&#8230; <\/a><\/p>\n<p style=\"text-align: justify;\"><span style=\"color: #ffffff;\">.<\/span><\/p>\n<p style=\"text-align: justify;\">In der Praxis sieht es leider anders aus, wenn B\u00fcrger die Leistung des abgeordneten.watch in Anspruch nehmen wollen:<\/p>\n<p style=\"text-align: justify;\">Dem Landtag NRW liegt zurzeit die wichtige <a href=\"https:\/\/www.jocelyne-lopez.de\/pdfDateien\/Petition_Landtag_NRW_wegen_COVANCE-18-11-14-o.pdf\" target=\"_blank\">Petition\u00a0<\/a><a href=\"https:\/\/www.jocelyne-lopez.de\/pdfDateien\/Petition_Landtag_NRW_wegen_COVANCE-18-11-14-o.pdf\" target=\"_blank\">Nr. I.3\/16-P-2014-04842-03<\/a><a href=\"https:\/\/www.jocelyne-lopez.de\/pdfDateien\/Petition_Landtag_NRW_wegen_COVANCE-18-11-14-o.pdf\" target=\"_blank\"> vom 18.11.2014\u00a0 <\/a>nach \u00a7 17 Grundgesetz zur Verteidigung der Demokratie und B\u00fcrgerrechte zur Entscheidung vor, die von\u00a0 einem hohen \u00f6ffentlichen Interesse ist (verfassungsrelevanter Sachverhalt), sowie auch von einer sehr gro\u00dfen \u00a0Anzahl von interessierten B\u00fcrgern im Internet verfolgt wird, obwohl sie nicht vom Landtag ver\u00f6ffentlicht wurde:<\/p>\n<p style=\"text-align: justify; padding-left: 30px;\"><strong>Grundgesetz \u00a7 17:<\/strong><\/p>\n<p style=\"padding-left: 30px;\">\u201e<em>Jedermann hat das Recht, sich einzeln oder in Gemeinschaft mit anderen schriftlich mit Bitten oder Beschwerden an die zust\u00e4ndigen Stellen und an die Volksvertretung zu wenden.<\/em>\u201c<\/p>\n<p style=\"text-align: justify;\"><span style=\"color: #ffffff;\">.<\/span><\/p>\n<p style=\"text-align: justify;\">Der Abgeordnetewatch erkl\u00e4rt jedoch hier die Befragung von B\u00fcrgern an die Abgeordneten, die diese wichtige Entscheidung zu treffen haben, als eine \u201e<em>Kampagne<\/em>\u201c, die nicht zul\u00e4ssig sei. Ist eine Petition nach \u00a7 17 GG an ein Parlament etwa eine \u201e<em>Kampagne<\/em>\u201c?<\/p>\n<p style=\"text-align: justify;\">Wie denn auch sei, hat sich die Moderation vom Abgeordnetenwatch NRW mit dieser aus meiner Sicht eigenwilligen Vorstellung der Meinungsfreiheit, sowohl der Meinungsfreiheit von B\u00fcrgern, \u00a0als auch der Meinungsfreiheit von legitimierten Volksvertretern, nach einigen z\u00e4hen Austauschen durchgerungen, mir die \u00f6ffentliche Befragung eines einzigen Abgeordneten von den 237 zu erlauben. Sie wurde \u00a0am 11.12.2014 \u00a0freigeschaltet, siehe:<br \/>\n<span style=\"color: #ffffff;\">.<\/span><\/p>\n<p style=\"text-align: justify;\"><img loading=\"lazy\" decoding=\"async\" class=\"alignleft\" src=\"http:\/\/www.abgeordnetenwatch.de\/images\/abgeordnete\/big\/66866\/martin_sebastian_abel.jpg\" alt=\"\" width=\"128\" height=\"175\" \/><\/p>\n<p style=\"text-align: justify; padding-left: 30px;\">Abgeordnetenwatch NRW:<\/p>\n<p>Demokratie und B\u00fcrgerrechte<\/p>\n<p><a href=\"http:\/\/www.abgeordnetenwatch.de\/martin_sebastian_abel-928-66866.html\" target=\"_blank\">11.12.2014 &#8211; Frage von Jocelyne Lopez<\/a><br \/>\n<a href=\"http:\/\/www.abgeordnetenwatch.de\/martin_sebastian_abel-928-66866.html\" target=\"_blank\"> an den Abgeordneten Martin-Sebastian Abel\u00a0<\/a><br \/>\n(DIE GR\u00dcNEN)<\/p>\n<p style=\"text-align: justify; padding-left: 30px;\"><span style=\"color: #ffffff;\">.<\/span><\/p>\n<p style=\"text-align: justify; padding-left: 30px;\"><span style=\"color: #ffffff;\">.<\/span><\/p>\n<p style=\"text-align: justify;\"><span style=\"color: #ffffff;\">.<\/span><\/p>\n<p style=\"text-align: justify;\"><strong>NB<\/strong>: Andere interessierte B\u00fcrger haben \u00e4hnliche Schwierigkeiten, eine\u00a0 Befragung \u00fcber diesen konkreten Sachverhalt durch die Moderation vom abgeordneten-Watch NRW\u00a0freischalten zu lassen &#8211; bis jetzt wurde noch keine ver\u00f6ffentlicht.<\/p>\n<p style=\"text-align: justify;\"><span style=\"color: #ffffff;\">.<\/span><\/p>\n<p style=\"text-align: justify;\"><img loading=\"lazy\" decoding=\"async\" class=\"alignnone\" src=\"https:\/\/www.jocelyne-lopez.de\/blog\/wp-content\/uploads\/2014\/11\/covance-Zitat-4.jpg\" alt=\"\" width=\"509\" height=\"331\" \/><\/p>\n<p><span style=\"color: #ffffff;\">.<\/span><br \/>\n<a href=\"https:\/\/www.jocelyne-lopez.de\/blog\/2014\/08\/in-gedenken-an-den-tierschuetzer-und-tierrechtler-gerhard-oesterreich\/\" target=\"_blank\">In Gedenken an den Tiersch\u00fctzer und Tierrechtler Gerhard Oesterreich<\/a> <span style=\"color: #ffffff;\">.<\/span><br \/>\n<span style=\"color: #ffffff;\">.<\/span><\/p>\n","protected":false},"excerpt":{"rendered":"<p>Der Abgeordnetenwatch des Landes Nordrhein-Westfalen\u00a0bietet allen B\u00fcrgern an, Landesabgeordneten \u00fcber wichtige Themen online zu befragen, siehe: Abgeordneten-Watch NRW \u201eOb Bildung oder innere Sicherheit: Viele wichtige Themen werden auf L\u00e4nderebene entschieden. Befragen Sie die 237 Abgeordneten des nordrhein-westf\u00e4lischen Landtags auf abgeordnetenwatch.de\u201c . . Siehe auch Gru\u00dfwort von Prof. Dr. Jutta Limbach: \u00a0\u201eInitiativen wie diese machen Politiker [&hellip;]<\/p>\n","protected":false},"author":3,"featured_media":0,"comment_status":"closed","ping_status":"open","sticky":false,"template":"","format":"standard","meta":{"om_disable_all_campaigns":false,"_monsterinsights_skip_tracking":false,"_monsterinsights_sitenote_active":false,"_monsterinsights_sitenote_note":"","_monsterinsights_sitenote_category":0,"ngg_post_thumbnail":0,"footnotes":""},"categories":[9],"tags":[311,924,869,1043,8,7,1334],"class_list":["post-6379","post","type-post","status-publish","format-standard","hentry","category-tierversuche-abschaffen","tag-covance","tag-johannes-remmel","tag-lanuv-nrw","tag-thomas-kutschaty","tag-tierrechte","tag-tierschutz","tag-tierversuche-abschaffen"],"aioseo_notices":[],"_links":{"self":[{"href":"https:\/\/www.jocelyne-lopez.de\/blog\/wp-json\/wp\/v2\/posts\/6379"}],"collection":[{"href":"https:\/\/www.jocelyne-lopez.de\/blog\/wp-json\/wp\/v2\/posts"}],"about":[{"href":"https:\/\/www.jocelyne-lopez.de\/blog\/wp-json\/wp\/v2\/types\/post"}],"author":[{"embeddable":true,"href":"https:\/\/www.jocelyne-lopez.de\/blog\/wp-json\/wp\/v2\/users\/3"}],"replies":[{"embeddable":true,"href":"https:\/\/www.jocelyne-lopez.de\/blog\/wp-json\/wp\/v2\/comments?post=6379"}],"version-history":[{"count":0,"href":"https:\/\/www.jocelyne-lopez.de\/blog\/wp-json\/wp\/v2\/posts\/6379\/revisions"}],"wp:attachment":[{"href":"https:\/\/www.jocelyne-lopez.de\/blog\/wp-json\/wp\/v2\/media?parent=6379"}],"wp:term":[{"taxonomy":"category","embeddable":true,"href":"https:\/\/www.jocelyne-lopez.de\/blog\/wp-json\/wp\/v2\/categories?post=6379"},{"taxonomy":"post_tag","embeddable":true,"href":"https:\/\/www.jocelyne-lopez.de\/blog\/wp-json\/wp\/v2\/tags?post=6379"}],"curies":[{"name":"wp","href":"https:\/\/api.w.org\/{rel}","templated":true}]}}