{"id":6312,"date":"2014-10-28T11:28:32","date_gmt":"2014-10-28T10:28:32","guid":{"rendered":"https:\/\/www.jocelyne-lopez.de\/blog\/?p=6312"},"modified":"2015-01-02T07:12:53","modified_gmt":"2015-01-02T06:12:53","slug":"hannelore-kraft-versucht-aus-ihrer-verantwortung-wegen-missachtung-von-gesetzen-im-land-nordrhein-westfalen-zu-entweichen","status":"publish","type":"post","link":"https:\/\/www.jocelyne-lopez.de\/blog\/2014\/10\/hannelore-kraft-versucht-aus-ihrer-verantwortung-wegen-missachtung-von-gesetzen-im-land-nordrhein-westfalen-zu-entweichen\/","title":{"rendered":"Hannelore Kraft versucht, aus ihrer Verantwortung wegen Missachtung von Gesetzen im Land Nordrhein-Westfalen zu entweichen"},"content":{"rendered":"<p style=\"text-align: justify;\">Im Rahmen unserer Auseinandersetzung\u00a0 als eine Gruppe von Tiersch\u00fctzern mit der f\u00fcr die Genehmigung der Primatenversuche an der Uni Bochum zust\u00e4ndigen und verantwortlichen Beh\u00f6rde LANUV NRW, haben wir schon 2012 eine Strafanzeige gegen\u00a0diese Beh\u00f6rde wegen Vorw\u00fcrfen des Versto\u00dfes gegen das Tierschutzgesetz \u00a7\u00a7 1, 7 und 8 bei der Staatsanwaltschaft Bochum erstattet. Dabei wurden wir mit dem Problem konfrontiert, dass die Staatsanwaltschaft\u00a0unsere Strafanzeige willk\u00fcrlich mit einer unhaltbaren Begr\u00fcndung eingestellt hat und sich strikt weigert, die \u00f6ffentliche Klage im Interesse der Allgemeinheit zu erheben und somit den ordentlichen Rechtswegs einer gerichtlichen Pr\u00fcfung unserer Vorw\u00fcrfe wirksam versperrt.<\/p>\n<p style=\"text-align: justify;\"><img loading=\"lazy\" decoding=\"async\" class=\"alignleft\" src=\"http:\/\/www.nrw.de\/mediadatabase\/mp_neu_1_thumb.jpg\" alt=\"\" width=\"131\" height=\"176\" \/><span style=\"color: #ffffff;\">.<\/span><\/p>\n<p style=\"text-align: justify;\">Gem\u00e4\u00df Art. 17\u00a0Grundgesetz &#8222;Petitionsrecht&#8220; haben wir uns \u00fcber diese Haltung der Staatsanwaltschaft 2014 an die Ministerpr\u00e4sidentin des Landes Nordrhein-Westfalen, Hannelore Kraft, beschwert:<span style=\"color: #ffffff;\">.<\/span><\/p>\n<p style=\"text-align: justify;\"><a href=\"http:\/\/www.nrw.de\/landesregierung\/ministerpraesidentin\/\" target=\"_blank\">Hannelore Kraft, Ministerpr\u00e4sidentin des Lands Nordrhein-Westfalen<\/a><\/p>\n<p style=\"text-align: justify;\"><span style=\"color: #ffffff;\">.<\/span><\/p>\n<p style=\"text-align: justify;\"><span style=\"color: #ffffff;\">.<\/span><\/p>\n<p style=\"text-align: left; padding-left: 30px;\"><a href=\"https:\/\/www.jocelyne-lopez.de\/blog\/2014\/07\/beschwerde-an-die-ministerpraesidentin-hannelore-kraft-wegen-missachtung-von-gesetzen-im-land-nrw\/\" target=\"_blank\">12.07.2014 &#8211; Beschwerde an die Ministerpr\u00e4sidentin Hannelore Kraft wegen Missachtung von Gesetzen im Land NRW<\/a><\/p>\n<p style=\"text-align: left;\">Am 25.07.2014 informierte uns die Ministerpr\u00e4sidentin Hannelore Kraft, dass sie eine Pr\u00fcfung unserer Beschwerde veranlasst hat:<\/p>\n<p style=\"text-align: left; padding-left: 30px;\"><a href=\"https:\/\/www.jocelyne-lopez.de\/pdfDateien\/Antwort-Hannelore-Kraft051.pdf\" target=\"_blank\">25.07.2014 &#8211; Antwort der Ministerpr\u00e4sidentin Hannelore Kraft auf unsere Beschwerde<\/a><\/p>\n<p style=\"text-align: left;\">Am 13.10.2014 haben wir die Ministerpr\u00e4sidentin an unsere Beschwerde erinnert, da wir keine Ergebnisse einer Pr\u00fcfung erhielten:<\/p>\n<p style=\"text-align: left; padding-left: 30px;\"><a href=\"https:\/\/www.jocelyne-lopez.de\/blog\/2014\/10\/erinnerung-an-unsere-beschwerde-an-ministerpraesidentin-hannelore-kraft-wegen-missachtung-von-gesetzen-im-land-nordrhein-westfalen\/\" target=\"_blank\">13.10.2014 &#8211; Erinnerung an unsere Beschwerde vom 12.07.2014<\/a><\/p>\n<p style=\"text-align: left; padding-left: 30px;\"><span style=\"color: #ffffff;\">.<\/span><\/p>\n<p style=\"text-align: center;\">&#8212;&#8212;&#8212;&#8212;&#8212;&#8212;&#8212;&#8212;&#8212;&#8212;<\/p>\n<p style=\"text-align: center;\"><span style=\"color: #ffffff;\">.<\/span><\/p>\n<p style=\"text-align: center;\"><strong>Neue Entwicklungen:<\/strong><\/p>\n<p style=\"text-align: center;\"><span style=\"color: #ffffff;\">.<\/span><\/p>\n<p style=\"text-align: justify;\">Am 21.10.2014 antwortete die Ministerpr\u00e4sidentin auf unsere Erinnerung, dass wir schon eine Pr\u00fcfung unserer Beschwerde vom Umweltministerium NRW erhalten haben:<\/p>\n<p style=\"text-align: left; padding-left: 30px;\"><a href=\"https:\/\/www.jocelyne-lopez.de\/pdfDateien\/Ablehnung_Pruefung_Hannelore_Kraft_o086.pdf\" target=\"_blank\">21.10.2014 &#8211; Antwort der Ministerpr\u00e4sidentin Hannelore Kraft \u00fcber die Pr\u00fcfung unserer Beschwerde<\/a><\/p>\n<p style=\"text-align: left; padding-left: 30px;\"><span style=\"color: #ffffff;\">.<\/span><\/p>\n<p style=\"text-align: justify;\">\u00dcber diese verh\u00f6hnende Antwort der Ministerpr\u00e4sidentin Hannelore Kraft haben wir uns heute beschwert:<\/p>\n<p style=\"text-align: left; padding-left: 30px;\"><a href=\"https:\/\/www.jocelyne-lopez.de\/pdfDateien\/Beschwerde%20an Hannelore Kraft_28_10_14-o.pdf\" target=\"_blank\">28.10.2014 &#8211; Beschwerde an Ministerpr\u00e4sidentin Hannelore Kraft wegen Ablehnung einer Pr\u00fcfung unserer Beschwerde<\/a><\/p>\n<p>&nbsp;<\/p>\n<p style=\"text-align: justify;\"><span style=\"color: #ffffff;\">.<\/span><\/p>\n<p style=\"text-align: justify;\">Wir werden \u00fcber weitere Entwicklungen berichten.<\/p>\n<p style=\"text-align: justify;\"><span style=\"color: #ffffff;\">.<\/span><\/p>\n<p style=\"text-align: justify;\"><span style=\"color: #ffffff;\">.<\/span><\/p>\n<p style=\"text-align: left;\">\u2014\u2014\u2014\u2014\u2014\u2014\u2014\u2014\u2014\u2014\u2014\u2014\u2014\u2014\u2014\u2014\u2014\u2014-<\/p>\n<p style=\"text-align: left;\">Siehe auch:<\/p>\n<p><a href=\"https:\/\/www.jocelyne-lopez.de\/blog\/2014\/05\/andreas-kreiter-sehen-sie-sich-diese-leute-an\/\" target=\"_blank\">Andreas Kreiter, sehen Sie sich \u201c<em>diese Leute<\/em>\u201d an.<\/a><\/p>\n<p><a href=\"https:\/\/www.jocelyne-lopez.de\/blog\/2014\/10\/ergebnis-von-22-jahren-hirnforschung-mit-primaten-zwei-fussballtore\/\" target=\"_blank\">Ergebnis von 22 Jahren Hirnforschung mit Primaten: Zwei Fu\u00dfballtore!<\/a><\/p>\n<p><a href=\"https:\/\/www.jocelyne-lopez.de\/blog\/2014\/10\/primatenversuche-in-tuebingen-den-praesidenten-der-behoerde-regierungspraesidium-tuebingen-zum-kadi-schicken\/\" target=\"_blank\">Primatenversuche in T\u00fcbingen: Den Pr\u00e4sidenten der Beh\u00f6rde Regierungspr\u00e4sidium T\u00fcbingen zum Kadi schicken!<\/a><\/p>\n<p><a href=\"https:\/\/www.jocelyne-lopez.de\/blog\/2014\/10\/tierversuche-des-wolf-singer-in-frankfurt-petition-beim-landtag-hessen\/\" target=\"_blank\">Tierversuche des Wolf Singer in Frankfurt: Petition beim Landtag Hessen <\/a><\/p>\n<p><a href=\"https:\/\/www.jocelyne-lopez.de\/blog\/%20https:\/\/www.jocelyne-lopez.de\/blog\/2014\/09\/primatenversuche-in-tuebingen-demonstration-des-entsetzens-und-der-wut\/\" target=\"_blank\">Primatenversuche in T\u00fcbingen: Demonstration des Entsetzens und der Wut!<\/a><\/p>\n<p style=\"text-align: left;\"><a href=\"https:\/\/www.jocelyne-lopez.de\/blog\/2014\/09\/proteste-gegen-primatenversuche-in-tuebingen-nur-die-spitze-des-eisberges\/\" target=\"_blank\">Proteste gegen Primatenversuche in T\u00fcbingen: Nur die Spitze des Eisberges! <\/a><\/p>\n<p style=\"text-align: left;\"><a href=\"https:\/\/www.jocelyne-lopez.de\/blog\/2014\/09\/primatenversuche-in-tuebingen-und-in-bochum-der-verrat-der-partei-die-gruenen\/\" target=\"_blank\">Primatenversuche in T\u00fcbingen und in Bochum: Der Verrat der Partei DIE GR\u00dcNEN <\/a><\/p>\n<p style=\"text-align: left;\"><a href=\"https:\/\/www.jocelyne-lopez.de\/blog\/2014\/09\/tierversuche-verrat-der-partei-die-gruenen-in-baden-wuerttemberg-und-in-nordrhein-westfalen-aber-auch-in-hessen\/\" target=\"_blank\">Tierversuche: Verrat der Partei DIE GR\u00dcNEN in Baden-W\u00fcrttemberg und in Nordrhein-Westfalen, aber auch in Hessen! <\/a><\/p>\n<p style=\"text-align: left;\"><a href=\"https:\/\/www.jocelyne-lopez.de\/blog\/2014\/09\/das-zombie-parlament-des-lands-nordrhein-westfalen\/\" target=\"_blank\">Das Zombie-Parlament des Lands Nordrhein-Westfalen<\/a><\/p>\n<p style=\"text-align: left;\"><a href=\"https:\/\/www.jocelyne-lopez.de\/blog\/2014\/09\/das-zombie-parlament-des-landes-nordrhein-westfalen-die-zweite\/\" target=\"_blank\">Das Zombie-Parlament des Lands Nordrhein-Westfalen: Die zweite.<\/a><\/p>\n<p style=\"text-align: left;\"><a href=\"https:\/\/www.jocelyne-lopez.de\/blog\/2014\/09\/das-zombie-parlament-des-landes-nordrhein-westfalen-die-dritte\/\" target=\"_blank\">Das Zombie-Parlament des Landes Nordrhein-Westfalen: Die dritte <\/a><\/p>\n<p style=\"text-align: left;\"><a href=\"https:\/\/www.jocelyne-lopez.de\/blog\/2014\/09\/im-land-nrw-werden-die-rechte-der-buerger-missachtet-klageerzwingungsverfahren-gegen-die-behoerde-lanuv-nrw\" target=\"_blank\">Im Land NRW werden die Rechte der B\u00fcrger missachtet: Klageerzwingungsverfahren gegen die Beh\u00f6rde LANUV NRW <\/a><\/p>\n<p><a href=\"https:\/\/www.jocelyne-lopez.de\/blog\/2014\/05\/umweltminister-johannes-remmel-opfert-50-makaken-fuer-2-fussballtore\/\" target=\"_blank\">Umweltminister Johannes Remmel opfert 50 Makaken f\u00fcr 2 Fu\u00dfballtore <\/a><\/p>\n<p><a href=\"https:\/\/www.jocelyne-lopez.de\/blog\/2014\/08\/strafanzeige-gegen-lanuv-nrw-wegen-affenlabor-covance-in-muenster\/\" target=\"_blank\">Strafanzeige gegen LANUV NRW wegen Affenlabor COVANCE<\/a><\/p>\n<p><a href=\"https:\/\/www.jocelyne-lopez.de\/blog\/2014\/08\/strafanzeige-gegen-lanuv-nrw-wegen-primatenversuchen-an-der-uni-bochum\/\" target=\"_blank\">Strafanzeige gegen LANUV NRW wegen Primatenversuchen an der Uni Bochum<\/a><\/p>\n<p><a href=\"https:\/\/www.jocelyne-lopez.de\/blog\/2014\/08\/hat-lanuv-nrw-die-tierhaltung-im-affenlabor-covance-blind-genehmigt\/\" target=\"_blank\">Hat LANUV NRW die Tierhaltung im Affenlabor COVANCE blind genehmigt?<\/a><\/p>\n<p><a href=\"https:\/\/www.jocelyne-lopez.de\/blog\/2014\/09\/im-land-nrw-werden-die-rechte-der-buerger-missachtet-klageerzwingungsverfahren-gegen-die-behoerde-lanuv-nrw\" target=\"_blank\">Im Land NRW werden die Rechte der B\u00fcrger missachtet: Klageerzwingungsverfahren gegen die Beh\u00f6rde LANUV NRW <\/a><\/p>\n<p><a title=\"https:\/\/www.jocelyne-lopez.de\/blog\/2014\/05\/uebertragbarkeit-der-tierversuche-auf-menschen-wir-werden-belogen-auch-im-fall-andreas-kreiter\/&lt;br \/&gt;&lt;br \/&gt;&lt;br \/&gt;&lt;br \/&gt;&lt;br \/&gt;&lt;br \/&gt;&lt;br \/&gt; STRG + Klicken, um Verkn\u00fcpfung zu folgen\" href=\"https:\/\/www.jocelyne-lopez.de\/blog\/2014\/05\/uebertragbarkeit-der-tierversuche-auf-menschen-wir-werden-belogen-auch-im-fall-andreas-kreiter\/\" target=\"_blank\">\u00dcbertragbarkeit der Ergebnisse der Tierversuche auf Menschen: Wir werden belogen \u2013 auch im Fall Andreas Kreiter <\/a><\/p>\n<p><a href=\"https:\/\/www.jocelyne-lopez.de\/blog\/2014\/05\/tierversuche-erschreckender-ethischer-zerfall-und-verhoehnung-der-verfassung-beispiel-tierexperimentator-wolf-singer\/\" target=\"_blank\">Tierversuche: Erschreckender ethischer Zerfall und Verh\u00f6hnung der Verfassung \u2013 Beispiel Tierexperimentator Wolf Singer <\/a><\/p>\n<p><a href=\"https:\/\/www.jocelyne-lopez.de\/blog\/2014\/06\/wolf-singer-andreas-kreiter-co-die-tierexperimentatoren-beluegen-uns-dass-sich-die-balken-biegen\/\" target=\"_blank\">Wolf Singer, Andreas Kreiter &amp; Co: Die Tierexperimentatoren bel\u00fcgen uns, dass sich die Balken biegen!<\/a><\/p>\n<p><a href=\"https:\/\/www.jocelyne-lopez.de\/blog\/2014\/06\/tierversuche-des-wolf-singer-was-fuer-einen-nutzen-seit-40-jahren\/\" target=\"_blank\">Tierversuche des Wolf Singer: Was f\u00fcr einen Nutzen seit 40 Jahren? <\/a><\/p>\n<p><a href=\"https:\/\/www.jocelyne-lopez.de\/blog\/2014\/06\/die-tierversuche-des-wolf-singer-wie-krank-ist-das-forschungssystem\/\" target=\"_blank\">Die Tierversuche des Wolf Singer: Wie krank ist das Forschungssystem?<\/a><\/p>\n<p><a href=\"https:\/\/www.jocelyne-lopez.de\/blog\/2014\/06\/tierversuche-des-wolf-singer-wie-viel-wird-geschwindelt-und-betrogen\/\" target=\"_blank\">Tierversuche des Wolf Singer: Wie viel wird \u201c<em>geschwindelt<\/em>\u201d und \u201c<em>betrogen<\/em>\u201d?<\/a><\/p>\n<p><a href=\"https:\/\/www.jocelyne-lopez.de\/blog\/2014\/05\/wie-kam-der-beruechtigte-tierexperimentator-wolf-singer-zu-einem-bundesverdienstkreuz\/\" target=\"_blank\">Wie kam der ber\u00fcchtigte Tierexperimentator Wolf Singer zu einem Bundesverdienstkreuz? <\/a><\/p>\n<p style=\"text-align: left;\"><a href=\"https:\/\/www.jocelyne-lopez.de\/blog\/2014\/08\/in-gedenken-an-den-tierschuetzer-und-tierrechtler-gerhard-oesterreich\/\" target=\"_blank\">In Gedenken an den Tiersch\u00fctzer und Tierrechtler Gerhard Oesterreich<\/a><span style=\"color: #ffffff;\">.<\/span><\/p>\n<p>&nbsp;<\/p>\n","protected":false},"excerpt":{"rendered":"<p>Im Rahmen unserer Auseinandersetzung\u00a0 als eine Gruppe von Tiersch\u00fctzern mit der f\u00fcr die Genehmigung der Primatenversuche an der Uni Bochum zust\u00e4ndigen und verantwortlichen Beh\u00f6rde LANUV NRW, haben wir schon 2012 eine Strafanzeige gegen\u00a0diese Beh\u00f6rde wegen Vorw\u00fcrfen des Versto\u00dfes gegen das Tierschutzgesetz \u00a7\u00a7 1, 7 und 8 bei der Staatsanwaltschaft Bochum erstattet. Dabei wurden wir mit [&hellip;]<\/p>\n","protected":false},"author":3,"featured_media":0,"comment_status":"closed","ping_status":"open","sticky":false,"template":"","format":"standard","meta":{"om_disable_all_campaigns":false,"_monsterinsights_skip_tracking":false,"_monsterinsights_sitenote_active":false,"_monsterinsights_sitenote_note":"","_monsterinsights_sitenote_category":0,"ngg_post_thumbnail":0,"footnotes":""},"categories":[9],"tags":[830,820,473,822,814,311,1029,1149,1185,1010,270,924,869,754,791,831,1147,797,1186,8,7,1155,927,185],"class_list":["post-6312","post","type-post","status-publish","format-standard","hentry","category-tierversuche-abschaffen","tag-affenversuche","tag-alexander-bonde","tag-andreas-kreiter","tag-boris-palmer","tag-christian-wulff","tag-covance","tag-dieter-kley","tag-hannelore-kraft","tag-hermann-strampfer","tag-informationsfreiheitsgesetz","tag-jocelyne-lopez","tag-johannes-remmel","tag-lanuv-nrw","tag-max-planck-institut-fur-hirnforschung","tag-michael-boddenberg","tag-primatenversuche","tag-priska-hinz","tag-regierungsprasidium-darmstadt","tag-regierungspraesidium-tuebingen","tag-tierrechte","tag-tierschutz","tag-volker-bouffier","tag-winfried-kretschmann","tag-wolf-singer"],"aioseo_notices":[],"_links":{"self":[{"href":"https:\/\/www.jocelyne-lopez.de\/blog\/wp-json\/wp\/v2\/posts\/6312"}],"collection":[{"href":"https:\/\/www.jocelyne-lopez.de\/blog\/wp-json\/wp\/v2\/posts"}],"about":[{"href":"https:\/\/www.jocelyne-lopez.de\/blog\/wp-json\/wp\/v2\/types\/post"}],"author":[{"embeddable":true,"href":"https:\/\/www.jocelyne-lopez.de\/blog\/wp-json\/wp\/v2\/users\/3"}],"replies":[{"embeddable":true,"href":"https:\/\/www.jocelyne-lopez.de\/blog\/wp-json\/wp\/v2\/comments?post=6312"}],"version-history":[{"count":0,"href":"https:\/\/www.jocelyne-lopez.de\/blog\/wp-json\/wp\/v2\/posts\/6312\/revisions"}],"wp:attachment":[{"href":"https:\/\/www.jocelyne-lopez.de\/blog\/wp-json\/wp\/v2\/media?parent=6312"}],"wp:term":[{"taxonomy":"category","embeddable":true,"href":"https:\/\/www.jocelyne-lopez.de\/blog\/wp-json\/wp\/v2\/categories?post=6312"},{"taxonomy":"post_tag","embeddable":true,"href":"https:\/\/www.jocelyne-lopez.de\/blog\/wp-json\/wp\/v2\/tags?post=6312"}],"curies":[{"name":"wp","href":"https:\/\/api.w.org\/{rel}","templated":true}]}}