{"id":6295,"date":"2014-10-26T09:23:45","date_gmt":"2014-10-26T08:23:45","guid":{"rendered":"https:\/\/www.jocelyne-lopez.de\/blog\/?p=6295"},"modified":"2015-03-05T12:14:43","modified_gmt":"2015-03-05T11:14:43","slug":"diese-leute-protestieren-wieder-grossdemo-gegen-tierversuche-am-25-10-14-in-stuttgart","status":"publish","type":"post","link":"https:\/\/www.jocelyne-lopez.de\/blog\/2014\/10\/diese-leute-protestieren-wieder-grossdemo-gegen-tierversuche-am-25-10-14-in-stuttgart\/","title":{"rendered":"&#8222;Diese Leute&#8220; protestieren wieder: Gro\u00dfdemo gegen Tierversuche am 25.10.14 in Stuttgart"},"content":{"rendered":"<p>Gro\u00dfdemo gegen Tierversuche am 25.10.2014 in Stuttgart:<\/p>\n<p><span style=\"color: #ffffff;\">.<\/span><\/p>\n<p style=\"text-align: left; padding-left: 30px;\"><strong>Ganzseitige Anzeige von <a href=\"http:\/\/www.tierversuchsgegner.de\/\" target=\"_blank\">Tierversuchsgegner Bundesrepublik Deutschland e.V.<\/a>\u00a0<\/strong>in der <em>Stuttgarter Zeitung<\/em> sowie in den <em>Stuttgarter Nachrichten<\/em>:<\/p>\n<p style=\"padding-left: 30px;\"><strong><a href=\"http:\/\/www.tierversuchsgegner.de\/downloads\/Anzeige-Alekto-Stella.pdf\" target=\"_blank\">RHESUSAFFE STELLA<\/a><\/strong><\/p>\n<p style=\"text-align: left; padding-left: 30px;\"><span style=\"color: #ffffff;\">.<\/span><\/p>\n<p style=\"text-align: left; padding-left: 30px;\"><span style=\"color: #ffffff;\">.<\/span><\/p>\n<p style=\"padding-left: 30px;\"><strong>SWR4 &#8211; Nachrichten Baden-W\u00fcrttemberg &#8211; <\/strong><strong>Tiersch\u00fctzer demonstrieren in Stuttgart\u00a0 <\/strong><\/p>\n<p style=\"text-align: justify; padding-left: 30px;\"><em>&#8222;Stoppt Folter und Leid&#8220; und &#8222;Denken statt experimentieren&#8220; steht auf den Transparenten. In Stuttgart haben am Samstag Tiersch\u00fctzer gegen Affenversuche in T\u00fcbingen demonstriert.<\/em><\/p>\n<p style=\"text-align: justify; padding-left: 30px;\"><a href=\"http:\/\/www.swr.de\/swr4\/bw\/region-aktuell\/proteste-gegen-labor-in-tuebingen-tierschuetzer-demonstrieren-in-stuttgart\/-\/id=258368\/nid=258368\/did=14415514\/bbj5jm\/index.html\" target=\"_blank\">Weiterlesen&#8230;<\/a><\/p>\n<p style=\"text-align: justify; padding-left: 30px;\"><span style=\"color: #ffffff;\">.<\/span><\/p>\n<p style=\"text-align: justify; padding-left: 30px;\"><span style=\"color: #ffffff;\">.<\/span><\/p>\n<p style=\"text-align: justify; padding-left: 30px;\"><strong>YouTube-Video der Demo:<br \/>\n<\/strong><span style=\"color: #ffffff;\">.<\/span><br \/>\n[embedyt]https:\/\/www.youtube.com\/watch?v=rXMw7aek7f4&amp;feature=youtu.be[\/embedyt]<\/p>\n<p style=\"text-align: justify; padding-left: 30px;\"><span style=\"color: #ffffff;\">.<\/span><\/p>\n<p style=\"text-align: justify; padding-left: 30px;\"><span style=\"color: #ffffff;\">.<\/span><br \/>\n<span style=\"color: #ffffff;\">.<\/span><\/p>\n<p style=\"text-align: left; padding-left: 30px;\"><strong><a href=\"https:\/\/www.jocelyne-lopez.de\/blog\/2014\/05\/ich-erwarte-eine-entschuldigung-von-andreas-kreiter-wegen-seiner-bezeichnung-diese-leute-gegenueber-radio-bremen\/\" target=\"_blank\">Ich erwarte eine Entschuldigung von Andreas Kreiter wegen seiner Bezeichnung \u201c<em>diese Leute<\/em>\u201d gegen\u00fcber Radio Bremen<\/a><\/strong><\/p>\n<p style=\"text-align: left; padding-left: 30px;\">Oder meint Andreas Kreiter vielleicht &#8222;<em>diese Leute<\/em>&#8222;?<\/p>\n<p style=\"text-align: left; padding-left: 30px;\"><span style=\"color: #ffffff;\">.<\/span><\/p>\n<p style=\"padding-left: 30px;\"><span style=\"color: #ffffff;\">.<img loading=\"lazy\" decoding=\"async\" class=\"alignnone\" src=\"https:\/\/www.jocelyne-lopez.de\/blog\/wp-content\/uploads\/2014\/10\/Soko-Stuttgart-1.jpg\" alt=\"\" width=\"471\" height=\"314\" \/><\/span><\/p>\n<p style=\"text-align: left; padding-left: 30px;\"><img loading=\"lazy\" decoding=\"async\" class=\"alignnone\" src=\"https:\/\/www.jocelyne-lopez.de\/blog\/wp-content\/uploads\/2014\/10\/Demo-stuttgart-024-1024x770.jpg\" alt=\"\" width=\"475\" height=\"357\" \/><\/p>\n<p style=\"text-align: left; padding-left: 30px;\"><img loading=\"lazy\" decoding=\"async\" class=\"alignnone\" src=\"https:\/\/www.jocelyne-lopez.de\/blog\/wp-content\/uploads\/2014\/10\/Demo-stuttgart-016-1024x770.jpg\" alt=\"\" width=\"477\" height=\"359\" \/><\/p>\n<p style=\"text-align: left; padding-left: 30px;\"><span style=\"color: #ffffff;\">.<img loading=\"lazy\" decoding=\"async\" class=\"alignnone\" src=\"https:\/\/www.jocelyne-lopez.de\/blog\/wp-content\/uploads\/2014\/10\/Soko-Stuttgart-2.jpg\" alt=\"\" width=\"465\" height=\"310\" \/><\/span><\/p>\n<p style=\"text-align: left; padding-left: 30px;\"><span style=\"color: #ffffff;\">.<img loading=\"lazy\" decoding=\"async\" class=\"alignnone\" src=\"https:\/\/www.jocelyne-lopez.de\/blog\/wp-content\/uploads\/2014\/10\/Stuttgart2014.jpg\" alt=\"\" width=\"407\" height=\"551\" \/><\/span><\/p>\n<p style=\"text-align: left; padding-left: 30px;\"><img loading=\"lazy\" decoding=\"async\" class=\"alignnone\" src=\"https:\/\/www.jocelyne-lopez.de\/blog\/wp-content\/uploads\/2014\/10\/Stuttgart-Gisela.jpg\" alt=\"\" width=\"441\" height=\"331\" \/><\/p>\n<p style=\"text-align: left; padding-left: 30px;\"><span style=\"color: #ffffff;\">.<\/span><img loading=\"lazy\" decoding=\"async\" class=\"alignnone\" src=\"https:\/\/www.jocelyne-lopez.de\/blog\/wp-content\/uploads\/2014\/10\/Demo-stuttgart-006-1024x770.jpg\" alt=\"\" width=\"458\" height=\"344\" \/><\/p>\n<p style=\"text-align: left; padding-left: 30px;\"><span style=\"color: #ffffff;\">.<\/span><img loading=\"lazy\" decoding=\"async\" class=\"alignnone\" src=\"https:\/\/www.jocelyne-lopez.de\/blog\/wp-content\/uploads\/2014\/10\/Demo-stuttgart-030-1024x770.jpg\" alt=\"\" width=\"466\" height=\"350\" \/><\/p>\n<p style=\"text-align: left; padding-left: 30px;\"><span style=\"color: #ffffff;\">.<img loading=\"lazy\" decoding=\"async\" class=\"alignnone\" src=\"https:\/\/www.jocelyne-lopez.de\/blog\/wp-content\/uploads\/2014\/10\/Demo-stuttgart-0081-1024x770.jpg\" alt=\"\" width=\"474\" height=\"356\" \/><\/span><\/p>\n<p style=\"padding-left: 30px;\"><span style=\"color: #ffffff;\">.<\/span><img loading=\"lazy\" decoding=\"async\" class=\"alignnone\" src=\"https:\/\/www.jocelyne-lopez.de\/blog\/wp-content\/uploads\/2014\/10\/Demo-stuttgart-028-1024x770.jpg\" alt=\"\" width=\"471\" height=\"354\" \/><\/p>\n<p style=\"padding-left: 30px;\"><span style=\"color: #ffffff;\">.<\/span><img loading=\"lazy\" decoding=\"async\" class=\"alignnone\" src=\"https:\/\/www.jocelyne-lopez.de\/blog\/wp-content\/uploads\/2014\/10\/Demo-stuttgart-034-1024x770.jpg\" alt=\"\" width=\"459\" height=\"345\" \/><\/p>\n<p style=\"padding-left: 30px;\"><img loading=\"lazy\" decoding=\"async\" class=\"alignnone\" src=\"https:\/\/www.jocelyne-lopez.de\/blog\/wp-content\/uploads\/2014\/10\/Demo-stuttgart-013-1024x770.jpg\" alt=\"\" width=\"464\" height=\"349\" \/><\/p>\n<p style=\"padding-left: 30px;\"><img loading=\"lazy\" decoding=\"async\" class=\"alignnone\" src=\"https:\/\/www.jocelyne-lopez.de\/blog\/wp-content\/uploads\/2014\/10\/Demo-stuttgart-019-1024x770.jpg\" alt=\"\" width=\"464\" height=\"349\" \/><\/p>\n<p style=\"padding-left: 30px;\"><img loading=\"lazy\" decoding=\"async\" class=\"alignnone\" src=\"https:\/\/www.jocelyne-lopez.de\/blog\/wp-content\/uploads\/2014\/10\/Demo-stuttgart-032-1024x770.jpg\" alt=\"\" width=\"464\" height=\"349\" \/><\/p>\n<p style=\"padding-left: 30px;\"><img loading=\"lazy\" decoding=\"async\" class=\"alignnone\" src=\"https:\/\/www.jocelyne-lopez.de\/blog\/wp-content\/uploads\/2014\/10\/Demo-stuttgart-035-1024x770.jpg\" alt=\"\" width=\"465\" height=\"349\" \/><\/p>\n<p style=\"padding-left: 30px;\"><img loading=\"lazy\" decoding=\"async\" class=\"alignnone\" src=\"https:\/\/www.jocelyne-lopez.de\/blog\/wp-content\/uploads\/2014\/10\/Demo-stuttgart-031-1024x770.jpg\" alt=\"\" width=\"470\" height=\"353\" \/><\/p>\n<p style=\"padding-left: 30px;\"><img loading=\"lazy\" decoding=\"async\" class=\"alignnone\" src=\"https:\/\/www.jocelyne-lopez.de\/blog\/wp-content\/uploads\/2014\/10\/Demo-stuttgart-014-1024x770.jpg\" alt=\"\" width=\"464\" height=\"349\" \/><\/p>\n<p style=\"padding-left: 30px;\">\n<p style=\"padding-left: 30px;\"><img loading=\"lazy\" decoding=\"async\" class=\"alignnone\" src=\"https:\/\/www.jocelyne-lopez.de\/blog\/wp-content\/uploads\/2014\/10\/Soko-Stuttgart-3.jpg\" alt=\"\" width=\"461\" height=\"307\" \/><\/p>\n<p style=\"padding-left: 30px;\"><span style=\"color: #ffffff;\">.<\/span><\/p>\n<p style=\"text-align: center; padding-left: 30px;\">&#8212;&#8212;&#8212;&#8212;&#8212;&#8212;&#8212;&#8212;&#8211;<\/p>\n<p style=\"text-align: left; padding-left: 30px;\">\n<p style=\"padding-left: 30px;\">\n<p style=\"padding-left: 30px;\"><img loading=\"lazy\" decoding=\"async\" class=\"alignnone\" src=\"https:\/\/www.jocelyne-lopez.de\/blog\/wp-content\/uploads\/2014\/09\/Affe_Max-Planck_Tuebingen.jpg\" alt=\"\" width=\"457\" height=\"257\" \/><\/p>\n<p><span style=\"color: #ffffff;\">.<\/span><\/p>\n<p style=\"text-align: left;\">\u2014\u2014\u2014\u2014\u2014\u2014\u2014\u2014\u2014\u2014\u2014\u2014\u2014\u2014\u2014\u2014\u2014\u2014-<\/p>\n<p style=\"text-align: left;\">Siehe auch:<\/p>\n<p><a href=\"https:\/\/www.jocelyne-lopez.de\/blog\/2014\/05\/andreas-kreiter-sehen-sie-sich-diese-leute-an\/\" target=\"_blank\">Andreas Kreiter, sehen Sie sich \u201c<em>diese Leute<\/em>\u201d an.<\/a><\/p>\n<p><a href=\"https:\/\/www.jocelyne-lopez.de\/blog\/2014\/10\/ergebnis-von-22-jahren-hirnforschung-mit-primaten-zwei-fussballtore\/\" target=\"_blank\">Ergebnis von 22 Jahren Hirnforschung mit Primaten: Zwei Fu\u00dfballtore!<\/a><\/p>\n<p><a href=\"https:\/\/www.jocelyne-lopez.de\/blog\/2014\/10\/primatenversuche-in-tuebingen-den-praesidenten-der-behoerde-regierungspraesidium-tuebingen-zum-kadi-schicken\/\" target=\"_blank\">Primatenversuche in T\u00fcbingen: Den Pr\u00e4sidenten der Beh\u00f6rde Regierungspr\u00e4sidium T\u00fcbingen zum Kadi schicken!<\/a><\/p>\n<p><a href=\"https:\/\/www.jocelyne-lopez.de\/blog\/2014\/10\/tierversuche-des-wolf-singer-in-frankfurt-petition-beim-landtag-hessen\/\" target=\"_blank\">Tierversuche des Wolf Singer in Frankfurt: Petition beim Landtag Hessen <\/a><\/p>\n<p><a href=\"https:\/\/www.jocelyne-lopez.de\/blog\/%20https:\/\/www.jocelyne-lopez.de\/blog\/2014\/09\/primatenversuche-in-tuebingen-demonstration-des-entsetzens-und-der-wut\/\" target=\"_blank\">Primatenversuche in T\u00fcbingen: Demonstration des Entsetzens und der Wut!<\/a><\/p>\n<p style=\"text-align: left;\"><a href=\"https:\/\/www.jocelyne-lopez.de\/blog\/2014\/09\/proteste-gegen-primatenversuche-in-tuebingen-nur-die-spitze-des-eisberges\/\" target=\"_blank\">Proteste gegen Primatenversuche in T\u00fcbingen: Nur die Spitze des Eisberges! <\/a><\/p>\n<p style=\"text-align: left;\"><a href=\"https:\/\/www.jocelyne-lopez.de\/blog\/2014\/09\/primatenversuche-in-tuebingen-und-in-bochum-der-verrat-der-partei-die-gruenen\/\" target=\"_blank\">Primatenversuche in T\u00fcbingen und in Bochum: Der Verrat der Partei DIE GR\u00dcNEN <\/a><\/p>\n<p style=\"text-align: left;\"><a href=\"https:\/\/www.jocelyne-lopez.de\/blog\/2014\/09\/tierversuche-verrat-der-partei-die-gruenen-in-baden-wuerttemberg-und-in-nordrhein-westfalen-aber-auch-in-hessen\/\" target=\"_blank\">Tierversuche: Verrat der Partei DIE GR\u00dcNEN in Baden-W\u00fcrttemberg und in Nordrhein-Westfalen, aber auch in Hessen! <\/a><\/p>\n<p style=\"text-align: left;\"><a href=\"https:\/\/www.jocelyne-lopez.de\/blog\/2014\/09\/das-zombie-parlament-des-lands-nordrhein-westfalen\/\" target=\"_blank\">Das Zombie-Parlament des Lands Nordrhein-Westfalen<\/a><\/p>\n<p style=\"text-align: left;\"><a href=\"https:\/\/www.jocelyne-lopez.de\/blog\/2014\/09\/das-zombie-parlament-des-landes-nordrhein-westfalen-die-zweite\/\" target=\"_blank\">Das Zombie-Parlament des Lands Nordrhein-Westfalen: Die zweite.<\/a><\/p>\n<p style=\"text-align: left;\"><a href=\"https:\/\/www.jocelyne-lopez.de\/blog\/2014\/09\/das-zombie-parlament-des-landes-nordrhein-westfalen-die-dritte\/\" target=\"_blank\">Das Zombie-Parlament des Landes Nordrhein-Westfalen: Die dritte <\/a><\/p>\n<p style=\"text-align: left;\"><a href=\"https:\/\/www.jocelyne-lopez.de\/blog\/2014\/09\/im-land-nrw-werden-die-rechte-der-buerger-missachtet-klageerzwingungsverfahren-gegen-die-behoerde-lanuv-nrw\" target=\"_blank\">Im Land NRW werden die Rechte der B\u00fcrger missachtet: Klageerzwingungsverfahren gegen die Beh\u00f6rde LANUV NRW <\/a><\/p>\n<p><a href=\"https:\/\/www.jocelyne-lopez.de\/blog\/2014\/05\/umweltminister-johannes-remmel-opfert-50-makaken-fuer-2-fussballtore\/\" target=\"_blank\">Umweltminister Johannes Remmel opfert 50 Makaken f\u00fcr 2 Fu\u00dfballtore <\/a><\/p>\n<p><a href=\"https:\/\/www.jocelyne-lopez.de\/blog\/2014\/08\/strafanzeige-gegen-lanuv-nrw-wegen-affenlabor-covance-in-muenster\/\" target=\"_blank\">Strafanzeige gegen LANUV NRW wegen Affenlabor COVANCE<\/a><\/p>\n<p><a href=\"https:\/\/www.jocelyne-lopez.de\/blog\/2014\/08\/strafanzeige-gegen-lanuv-nrw-wegen-primatenversuchen-an-der-uni-bochum\/\" target=\"_blank\">Strafanzeige gegen LANUV NRW wegen Primatenversuchen an der Uni Bochum<\/a><\/p>\n<p><a href=\"https:\/\/www.jocelyne-lopez.de\/blog\/2014\/08\/hat-lanuv-nrw-die-tierhaltung-im-affenlabor-covance-blind-genehmigt\/\" target=\"_blank\">Hat LANUV NRW die Tierhaltung im Affenlabor COVANCE blind genehmigt?<\/a><\/p>\n<p><a href=\"https:\/\/www.jocelyne-lopez.de\/blog\/2014\/09\/im-land-nrw-werden-die-rechte-der-buerger-missachtet-klageerzwingungsverfahren-gegen-die-behoerde-lanuv-nrw\" target=\"_blank\">Im Land NRW werden die Rechte der B\u00fcrger missachtet: Klageerzwingungsverfahren gegen die Beh\u00f6rde LANUV NRW <\/a><\/p>\n<p><a title=\"https:\/\/www.jocelyne-lopez.de\/blog\/2014\/05\/uebertragbarkeit-der-tierversuche-auf-menschen-wir-werden-belogen-auch-im-fall-andreas-kreiter\/&lt;br \/&gt;&lt;br \/&gt;&lt;br \/&gt;&lt;br \/&gt;&lt;br \/&gt;&lt;br \/&gt;&lt;br \/&gt; STRG + Klicken, um Verkn\u00fcpfung zu folgen\" href=\"https:\/\/www.jocelyne-lopez.de\/blog\/2014\/05\/uebertragbarkeit-der-tierversuche-auf-menschen-wir-werden-belogen-auch-im-fall-andreas-kreiter\/\" target=\"_blank\">\u00dcbertragbarkeit der Ergebnisse der Tierversuche auf Menschen: Wir werden belogen \u2013 auch im Fall Andreas Kreiter <\/a><\/p>\n<p><a href=\"https:\/\/www.jocelyne-lopez.de\/blog\/2014\/05\/tierversuche-erschreckender-ethischer-zerfall-und-verhoehnung-der-verfassung-beispiel-tierexperimentator-wolf-singer\/\" target=\"_blank\">Tierversuche: Erschreckender ethischer Zerfall und Verh\u00f6hnung der Verfassung \u2013 Beispiel Tierexperimentator Wolf Singer <\/a><\/p>\n<p><a href=\"https:\/\/www.jocelyne-lopez.de\/blog\/2014\/06\/wolf-singer-andreas-kreiter-co-die-tierexperimentatoren-beluegen-uns-dass-sich-die-balken-biegen\/\" target=\"_blank\">Wolf Singer, Andreas Kreiter &amp; Co: Die Tierexperimentatoren bel\u00fcgen uns, dass sich die Balken biegen!<\/a><\/p>\n<p><a href=\"https:\/\/www.jocelyne-lopez.de\/blog\/2014\/06\/tierversuche-des-wolf-singer-was-fuer-einen-nutzen-seit-40-jahren\/\" target=\"_blank\">Tierversuche des Wolf Singer: Was f\u00fcr einen Nutzen seit 40 Jahren? <\/a><\/p>\n<p><a href=\"https:\/\/www.jocelyne-lopez.de\/blog\/2014\/06\/die-tierversuche-des-wolf-singer-wie-krank-ist-das-forschungssystem\/\" target=\"_blank\">Die Tierversuche des Wolf Singer: Wie krank ist das Forschungssystem?<\/a><\/p>\n<p><a href=\"https:\/\/www.jocelyne-lopez.de\/blog\/2014\/06\/tierversuche-des-wolf-singer-wie-viel-wird-geschwindelt-und-betrogen\/\" target=\"_blank\">Tierversuche des Wolf Singer: Wie viel wird \u201c<em>geschwindelt<\/em>\u201d und \u201c<em>betrogen<\/em>\u201d?<\/a><\/p>\n<p><a href=\"https:\/\/www.jocelyne-lopez.de\/blog\/2014\/05\/wie-kam-der-beruechtigte-tierexperimentator-wolf-singer-zu-einem-bundesverdienstkreuz\/\" target=\"_blank\">Wie kam der ber\u00fcchtigte Tierexperimentator Wolf Singer zu einem Bundesverdienstkreuz? <\/a><\/p>\n<p style=\"text-align: left;\"><a href=\"https:\/\/www.jocelyne-lopez.de\/blog\/2014\/08\/in-gedenken-an-den-tierschuetzer-und-tierrechtler-gerhard-oesterreich\/\" target=\"_blank\">In Gedenken an den Tiersch\u00fctzer und Tierrechtler Gerhard Oesterreich<\/a><span style=\"color: #ffffff;\">.<\/span><\/p>\n<p>&nbsp;<\/p>\n","protected":false},"excerpt":{"rendered":"<p>Gro\u00dfdemo gegen Tierversuche am 25.10.2014 in Stuttgart: . Ganzseitige Anzeige von Tierversuchsgegner Bundesrepublik Deutschland e.V.\u00a0in der Stuttgarter Zeitung sowie in den Stuttgarter Nachrichten: RHESUSAFFE STELLA . . SWR4 &#8211; Nachrichten Baden-W\u00fcrttemberg &#8211; Tiersch\u00fctzer demonstrieren in Stuttgart\u00a0 &#8222;Stoppt Folter und Leid&#8220; und &#8222;Denken statt experimentieren&#8220; steht auf den Transparenten. In Stuttgart haben am Samstag Tiersch\u00fctzer gegen [&hellip;]<\/p>\n","protected":false},"author":3,"featured_media":0,"comment_status":"closed","ping_status":"open","sticky":false,"template":"","format":"standard","meta":{"om_disable_all_campaigns":false,"_monsterinsights_skip_tracking":false,"_monsterinsights_sitenote_active":false,"_monsterinsights_sitenote_note":"","_monsterinsights_sitenote_category":0,"ngg_post_thumbnail":0,"footnotes":""},"categories":[9],"tags":[830,820,473,822,814,311,1029,1149,1185,1010,270,924,869,754,791,831,1147,797,1186,8,7,1334,1155,927,185],"class_list":["post-6295","post","type-post","status-publish","format-standard","hentry","category-tierversuche-abschaffen","tag-affenversuche","tag-alexander-bonde","tag-andreas-kreiter","tag-boris-palmer","tag-christian-wulff","tag-covance","tag-dieter-kley","tag-hannelore-kraft","tag-hermann-strampfer","tag-informationsfreiheitsgesetz","tag-jocelyne-lopez","tag-johannes-remmel","tag-lanuv-nrw","tag-max-planck-institut-fur-hirnforschung","tag-michael-boddenberg","tag-primatenversuche","tag-priska-hinz","tag-regierungsprasidium-darmstadt","tag-regierungspraesidium-tuebingen","tag-tierrechte","tag-tierschutz","tag-tierversuche-abschaffen","tag-volker-bouffier","tag-winfried-kretschmann","tag-wolf-singer"],"aioseo_notices":[],"_links":{"self":[{"href":"https:\/\/www.jocelyne-lopez.de\/blog\/wp-json\/wp\/v2\/posts\/6295"}],"collection":[{"href":"https:\/\/www.jocelyne-lopez.de\/blog\/wp-json\/wp\/v2\/posts"}],"about":[{"href":"https:\/\/www.jocelyne-lopez.de\/blog\/wp-json\/wp\/v2\/types\/post"}],"author":[{"embeddable":true,"href":"https:\/\/www.jocelyne-lopez.de\/blog\/wp-json\/wp\/v2\/users\/3"}],"replies":[{"embeddable":true,"href":"https:\/\/www.jocelyne-lopez.de\/blog\/wp-json\/wp\/v2\/comments?post=6295"}],"version-history":[{"count":0,"href":"https:\/\/www.jocelyne-lopez.de\/blog\/wp-json\/wp\/v2\/posts\/6295\/revisions"}],"wp:attachment":[{"href":"https:\/\/www.jocelyne-lopez.de\/blog\/wp-json\/wp\/v2\/media?parent=6295"}],"wp:term":[{"taxonomy":"category","embeddable":true,"href":"https:\/\/www.jocelyne-lopez.de\/blog\/wp-json\/wp\/v2\/categories?post=6295"},{"taxonomy":"post_tag","embeddable":true,"href":"https:\/\/www.jocelyne-lopez.de\/blog\/wp-json\/wp\/v2\/tags?post=6295"}],"curies":[{"name":"wp","href":"https:\/\/api.w.org\/{rel}","templated":true}]}}