{"id":6269,"date":"2014-10-08T14:21:36","date_gmt":"2014-10-08T13:21:36","guid":{"rendered":"https:\/\/www.jocelyne-lopez.de\/blog\/?p=6269"},"modified":"2015-07-30T07:57:05","modified_gmt":"2015-07-30T06:57:05","slug":"primatenversuche-in-tuebingen-beschwerde-an-ministerpraesident-winfried-kretschmann-ueber-umweltminister-alexander-bonde-wegen-missachtung-von-buergerrechten","status":"publish","type":"post","link":"https:\/\/www.jocelyne-lopez.de\/blog\/2014\/10\/primatenversuche-in-tuebingen-beschwerde-an-ministerpraesident-winfried-kretschmann-ueber-umweltminister-alexander-bonde-wegen-missachtung-von-buergerrechten\/","title":{"rendered":"Primatenversuche in T\u00fcbingen: Beschwerde an Ministerpr\u00e4sident Winfried Kretschmann \u00fcber Umweltminister Alexander Bonde wegen Missachtung von B\u00fcrgerrechten"},"content":{"rendered":"<p style=\"text-align: justify;\">Ich verweise auf meinen Blog-Eintrag<\/p>\n<p style=\"text-align: justify; padding-left: 30px;\"><a href=\"https:\/\/www.jocelyne-lopez.de\/blog\/2014\/10\/der-gruene-umweltminister-alexander-bonde-verweigert-jegliche-auskuenfte-ueber-die-affenversuche-in-tuebingen\/\" target=\"_blank\">Der gr\u00fcne Umweltminister Alexander Bonde verweigert jegliche Ausk\u00fcnfte \u00fcber die Affenversuche in T\u00fcbingen <\/a><\/p>\n<p style=\"text-align: justify;\">wo ich dar\u00fcber berichtet habe, dass der Umweltminister des Landes Baden-W\u00fcrttemberg, Alexander Bonde (DIE GR\u00dcNEN) sich seit 2012 verweigert, den B\u00fcrgern jegliche Ausk\u00fcnfte \u00fcber die Primatenversuche in T\u00fcbingen zu erteilen, die von seiner untergeordneten Beh\u00f6rde <em>Regierungspr\u00e4sidium T\u00fcbingen<\/em> genehmigt werden, und zwar solche Ausk\u00fcnfte, die Verst\u00f6\u00dfe gegen das geltende Tierschutzgesetz \u00a7\u00a7 1, 7 und 8 bei der Erteilung der Genehmigungen ersichtlich machen w\u00fcrden:<\/p>\n<p style=\"text-align: justify; padding-left: 30px;\">1. Es handelt sich um Wiederholungs- und Doppelversuche, die seit mehreren Jahrzehnten in mehreren Forschungsstandorten durchgef\u00fchrt werden (noch aktuell: T\u00fcbingen, Frankfurt, Bremen, Magdeburg, G\u00f6ttingen \u2013 Eingestellt: Berlin, M\u00fcnchen, Bochum). Das Tierschutzgesetz\u00a0 verbietet Wiederholungs- und Doppelversuche.<br \/>\n<span style=\"color: #ffffff;\">.<\/span> <span style=\"color: #ffffff;\">.<\/span><br \/>\n2. Das Tierschutzgesetz\u00a0verlangt den Nachweis von brauchbaren Ergebnissen der Forschung f\u00fcr die Gesundheit von Menschen oder Tieren: Die Hirnforschung kann seit mehreren Jahrzehnten keine brauchbaren Ergebnisse liefern, in keinem der Forschungsstandorte!<br \/>\n<strong><span style=\"color: #ffffff;\">.<\/span><br \/>\n<\/strong>3. Gem\u00e4\u00df Tierschutzgesetz\u00a0ist der Stand der wissenschaftlichen Erkenntnisse bei der Genehmigung von Tierversuchen zugrunde zu legen.\u00a0 Der Stand der wissenschaftlichen Erkenntnisse ist seit Jahrzehnten in der Fachwelt durch unz\u00e4hlige nationale und internationale Studien belegt: Die Ergebnisse aus Tierversuchen sind auf Menschen nicht \u00fcbertragbar!<br \/>\n<span style=\"color: #ffffff;\">.<\/span><br \/>\n4. Das Tierschutzgesetz verlangt die Bevorzugung von tierversuchsfreien Forschungsmethoden. Geeignete tierversuchsfreie Forschungsmethoden sind in der Hirnforschung vorhanden und schon im Einsatz.<\/p>\n<p style=\"text-align: justify;\">Auch unser erneuter Anlauf 2014, Transparenz \u00fcber diese Versuche im \u00f6ffentlichen Interesse herbeizuf\u00fchren, ist gescheitert: Unsere <a href=\"https:\/\/www.jocelyne-lopez.de\/blog\/2014\/06\/ansprache-an-umweltminister-alexander-bonde-wegen-affenversuchen-in-tuebingen\/\" target=\"_blank\">B\u00fcrgeranfrage an Umweltminister Alexander Bonde vom 26.06.2014<\/a> wurde gleich am 01.07.2014\u00a0erneut abgeschmettert &#8211; die Blockade sitzt tief und ist extrem hartn\u00e4ckig.<\/p>\n<p style=\"text-align: justify;\">Wir haben daher heute eine Beschwerde an den Ministerpr\u00e4sident des Landes Baden-W\u00fcrttemberg Winfried Kretschmann\u00a0 wegen Verletzung der B\u00fcrgerrechte in Sachen Informationsfreiheit\u00a0gerichtet:<\/p>\n<p>&nbsp;<\/p>\n<p><img loading=\"lazy\" decoding=\"async\" class=\"alignleft\" src=\"http:\/\/www.abgeordnetenwatch.de\/images\/abgeordnete\/big\/44443\/winfried_kretschmann.jpg\" alt=\"\" width=\"111\" height=\"167\" \/><br \/>\n<strong><a href=\"http:\/\/www.baden-wuerttemberg.de\/de\/regierung\/ministerpraesident\/\" target=\"_blank\">Winfried Kretschmann<\/a><\/strong><\/p>\n<p><strong>Ministerpr\u00e4sident des Landes Baden-W\u00fcrttemberg, Stuttgart<\/strong><\/p>\n<p><strong>Koalition GR\u00dcNEN\/SPD<\/strong><\/p>\n<p>&nbsp;<\/p>\n<p>&nbsp;<\/p>\n<p><a href=\"https:\/\/www.jocelyne-lopez.de\/pdfDateien\/Beschwerde_Ministerpraesident_Kretschmann_wegen_Alexander_Bonde_18_10_14-o.pdf\" target=\"_blank\">08.10.2014 &#8211;\u00a0Beschwerde an Ministerpr\u00e4sident des Landes Baden-W\u00fcrttemberg Winfried Kretschmann \u00fcber Umweltminister Alexander Bonde wegen Primatenversuchen in T\u00fcbingen<\/a><\/p>\n<p>&nbsp;<\/p>\n<p style=\"text-align: center;\">&#8212;&#8212;&#8212;&#8212;&#8212;&#8212;&#8212;&#8212;&#8212;&#8212;&#8212;&#8212;-<\/p>\n<p style=\"text-align: center;\"><span style=\"color: #ffffff;\">.<\/span><\/p>\n<p style=\"text-align: center;\">Affenm\u00e4dchen Stella, 5 Jahre alt, 5 Jahre lang gesetzwidrig gefoltert und im &#8222;Endexperiment&#8220; von den Pseudowissenschaftlern des Max Planck Instituts f\u00fcr Hirnforschung in T\u00fcbingen get\u00f6tet &#8211; mit dem Segen der f\u00fcr die Genehmigung der Versuche zust\u00e4ndigen und verantwortlichen Beh\u00f6rde <em>Regierungspr\u00e4sidium T\u00fcbingen<\/em> und der Politiker aller Parteien, vorneweg der Partei DIE GR\u00dcNEN:<\/p>\n<p><span style=\"color: #ffffff;\"><img loading=\"lazy\" decoding=\"async\" class=\"aligncenter\" src=\"https:\/\/www.jocelyne-lopez.de\/blog\/wp-content\/uploads\/2014\/11\/Zitat_Jahrhundert1.jpg\" alt=\"\" width=\"400\" height=\"400\" \/><\/span><\/p>\n<p>&nbsp;<\/p>\n<p style=\"text-align: center;\"><strong>Nichts vergessen, nichts vergeben! Gerechtigkeit f\u00fcr die Tiere, jetzt!<\/strong><\/p>\n<p style=\"text-align: center;\"><strong>Menschlichkeit durchsetzen, jetzt!<\/strong><\/p>\n<p style=\"text-align: center;\"><strong>Forschung ja, Tierversuche nein!<\/strong><\/p>\n<p style=\"text-align: center;\"><span style=\"color: #ffffff;\">.<\/span><\/p>\n<p><span style=\"color: #ffffff;\">.<\/span><\/p>\n<div id=\"id_542f8b85808dc4409322017\" class=\"text_exposed_root text_exposed\" style=\"padding-left: 90px;\"><strong>GROSSDEMO GEGEN TIERVERSUCHE<\/strong><\/div>\n<div class=\"text_exposed_root text_exposed\" style=\"padding-left: 90px;\"><span style=\"color: #ffffff;\">.<\/span><br \/>\nDatum: 25.10.2014<br \/>\nOrt: Stuttgart<br \/>\nTreffpunkt: Schlossplatz (am Fahnenrondell)<br \/>\nZeit: 14:00 &#8211; 17:00 Uhr<\/div>\n<p style=\"padding-left: 90px;\"><a href=\"https:\/\/www.soko-tierschutz.org\/de\/tierversuche-tuebingen.html\" target=\"_blank\">SOKO Tierschutz e.V.<\/a><\/p>\n<p style=\"padding-left: 90px;\"><span style=\"color: #ffffff;\">.<\/span><\/p>\n<div class=\"text_exposed_root text_exposed\">\n<p style=\"text-align: justify;\">\u2014\u2014\u2014\u2014\u2014\u2014\u2014\u2014\u2014\u2014\u2014\u2014\u2014&#8212;&#8212;&#8212;&#8212;&#8212;-\u2014\u2014\u2013<br \/>\nSiehe auch in diesem Gesamtkontext:<\/p>\n<p style=\"text-align: justify;\"><a href=\"https:\/\/www.jocelyne-lopez.de\/blog\/%20https:\/\/www.jocelyne-lopez.de\/blog\/2014\/09\/primatenversuche-in-tuebingen-demonstration-des-entsetzens-und-der-wut\/\" target=\"_blank\">Primatenversuche in T\u00fcbingen: Demonstration des Entsetzens und der Wut!<\/a><\/p>\n<p style=\"text-align: justify;\"><a href=\"https:\/\/www.jocelyne-lopez.de\/blog\/2014\/09\/proteste-gegen-primatenversuche-in-tuebingen-nur-die-spitze-des-eisberges\/\" target=\"_blank\">Proteste gegen Primatenversuche in T\u00fcbingen: Nur die Spitze des Eisberges! <\/a><\/p>\n<p style=\"text-align: left;\"><a href=\"https:\/\/www.jocelyne-lopez.de\/blog\/2014\/09\/primatenversuche-in-tuebingen-und-in-bochum-der-verrat-der-partei-die-gruenen\/\" target=\"_blank\">Primatenversuche in T\u00fcbingen und in Bochum: Der Verrat der Partei DIE GR\u00dcNEN <\/a><\/p>\n<p style=\"text-align: left;\"><a href=\"https:\/\/www.jocelyne-lopez.de\/blog\/2014\/10\/tierversuche-sind-eine-unannehmbare-verletzung-der-grundrechte-der-buerger\/\" target=\"_blank\">Tierversuche sind eine unannehmbare Verletzung der Grundrechte der B\u00fcrger <\/a><\/p>\n<p style=\"text-align: left;\"><a href=\"https:\/\/www.jocelyne-lopez.de\/blog\/2014\/10\/der-gruene-umweltminister-alexander-bonde-verweigert-jegliche-auskuenfte-ueber-die-affenversuche-in-tuebingen\/\" target=\"_blank\">Der gr\u00fcne Umweltminister Alexander Bonde verweigert jegliche Ausk\u00fcnfte \u00fcber die Affenversuche in T\u00fcbingen <\/a><\/p>\n<p style=\"text-align: left;\"><a href=\"https:\/\/www.jocelyne-lopez.de\/blog\/2014\/09\/das-zombie-parlament-des-lands-nordrhein-westfalen\/\" target=\"_blank\">Das Zombie-Parlament des Lands Nordrhein-Westfalen<\/a><\/p>\n<p style=\"text-align: left;\"><a href=\"https:\/\/www.jocelyne-lopez.de\/blog\/2014\/09\/das-zombie-parlament-des-landes-nordrhein-westfalen-die-zweite\/\" target=\"_blank\">Das Zombie-Parlament des Lands Nordrhein-Westfalen: Die zweite.<\/a><\/p>\n<p style=\"text-align: left;\"><a href=\"https:\/\/www.jocelyne-lopez.de\/blog\/2014\/09\/das-zombie-parlament-des-landes-nordrhein-westfalen-die-dritte\/\" target=\"_blank\">Das Zombie-Parlament des Landes Nordrhein-Westfalen: Die dritte <\/a><\/p>\n<p><a href=\"https:\/\/www.jocelyne-lopez.de\/blog\/2014\/07\/das-land-nrw-ist-kein-rechtsstaat-fallbeispiel-der-tierversuche-an-der-uni-bochum\/\" target=\"_blank\">Das Land NRW ist kein Rechtsstaat: Fallbeispiel der Tierversuche an der Uni Bochum <\/a><\/p>\n<p><a href=\"https:\/\/www.jocelyne-lopez.de\/blog\/2014\/08\/ministerpraesidentin-hannelore-kraft-muss-die-frage-klaeren-ob-das-land-nordrhein-westfalen-ein-rechtsstaat-oder-ein-totalitaerer-staat-ist-2\/\" target=\"_blank\">Ministerpr\u00e4sidentin Hannelore Kraft muss die Frage kl\u00e4ren, ob das Land Nordrhein Westfalen ein Rechtsstaat oder ein totalit\u00e4rer Staat ist<\/a><\/p>\n<p><a href=\"https:\/\/www.jocelyne-lopez.de\/blog\/2014\/07\/beschwerde-an-die-ministerpraesidentin-hannelore-kraft-wegen-missachtung-von-gesetzen-im-land-nrw\" target=\"_blank\">B<\/a><a href=\"https:\/\/www.jocelyne-lopez.de\/blog\/2014\/07\/beschwerde-an-die-ministerpraesidentin-hannelore-kraft-wegen-missachtung-von-gesetzen-im-land-nrw\" target=\"_blank\">eschwerde an die Ministerpr\u00e4sidentin Hannelore Kraft wegen Missachtung von Gesetzen im Land NRW<\/a><\/p>\n<p><a href=\"http:\/\/www.abgeordnetenwatch.de\/frage-928-49950--f424798.html\" target=\"_blank\">Frage an Hannelore Kraft im Abgeordneten-Watch \u2013 Demokratie und B\u00fcrgerrechte<\/a><\/p>\n<p style=\"text-align: left;\"><a href=\"https:\/\/www.jocelyne-lopez.de\/blog\/2014\/05\/umweltminister-johannes-remmel-opfert-50-makaken-fuer-2-fussballtore\/\" target=\"_blank\">Umweltminister Johannes Remmel opfert 50 Makaken f\u00fcr 2 Fu\u00dfballtore <\/a><\/p>\n<p><a href=\"https:\/\/www.jocelyne-lopez.de\/blog\/2014\/08\/strafanzeige-gegen-lanuv-nrw-wegen-affenlabor-covance-in-muenster\/\" target=\"_blank\">Strafanzeige gegen LANUV NRW wegen Affenlabor COVANCE<\/a><\/p>\n<p><a href=\"https:\/\/www.jocelyne-lopez.de\/blog\/2014\/08\/strafanzeige-gegen-lanuv-nrw-wegen-primatenversuchen-an-der-uni-bochum\/\" target=\"_blank\">Strafanzeige gegen LANUV NRW wegen Primatenversuchen an der Uni Bochum<\/a><\/p>\n<p><a href=\"https:\/\/www.jocelyne-lopez.de\/blog\/2014\/08\/hat-lanuv-nrw-die-tierhaltung-im-affenlabor-covance-blind-genehmigt\/\" target=\"_blank\">Hat LANUV NRW die Tierhaltung im Affenlabor COVANCE blind genehmigt?<\/a><\/p>\n<p><a href=\"https:\/\/www.jocelyne-lopez.de\/blog\/2014\/09\/der-totalitaere-staat-nrw-der-hannelore-kraft-hat-wieder-zugeschlagen\/\" target=\"_blank\">Der totalit\u00e4re Staat NRW der Hannelore Kraft hat wieder zugeschlagen <\/a><\/p>\n<p><a href=\"https:\/\/www.jocelyne-lopez.de\/blog\/2014\/09\/im-land-nrw-werden-die-rechte-der-buerger-missachtet-klageerzwingungsverfahren-gegen-die-behoerde-lanuv-nrw\" target=\"_blank\">Im Land NRW werden die Rechte der B\u00fcrger missachtet: Klageerzwingungsverfahren gegen die Beh\u00f6rde LANUV NRW <\/a><\/p>\n<p><a title=\"https:\/\/www.jocelyne-lopez.de\/blog\/2014\/05\/uebertragbarkeit-der-tierversuche-auf-menschen-wir-werden-belogen-auch-im-fall-andreas-kreiter\/&lt;br \/&gt;&lt;br \/&gt;&lt;br \/&gt;&lt;br \/&gt;&lt;br \/&gt;&lt;br \/&gt;&lt;br \/&gt; STRG + Klicken, um Verkn\u00fcpfung zu folgen\" href=\"https:\/\/www.jocelyne-lopez.de\/blog\/2014\/05\/uebertragbarkeit-der-tierversuche-auf-menschen-wir-werden-belogen-auch-im-fall-andreas-kreiter\/\" target=\"_blank\">\u00dcbertragbarkeit der Ergebnisse der Tierversuche auf Menschen: Wir werden belogen \u2013 auch im Fall Andreas Kreiter <\/a><\/p>\n<p><a href=\"https:\/\/www.jocelyne-lopez.de\/blog\/2014\/05\/tierversuche-erschreckender-ethischer-zerfall-und-verhoehnung-der-verfassung-beispiel-tierexperimentator-wolf-singer\/\" target=\"_blank\">Tierversuche: Erschreckender ethischer Zerfall und Verh\u00f6hnung der Verfassung \u2013 Beispiel Tierexperimentator Wolf Singer <\/a><\/p>\n<p><a href=\"https:\/\/www.jocelyne-lopez.de\/blog\/2014\/06\/wolf-singer-andreas-kreiter-co-die-tierexperimentatoren-beluegen-uns-dass-sich-die-balken-biegen\/\" target=\"_blank\">Wolf Singer, Andreas Kreiter &amp; Co: Die Tierexperimentatoren bel\u00fcgen uns, dass sich die Balken biegen!<\/a><\/p>\n<p><a href=\"https:\/\/www.jocelyne-lopez.de\/blog\/2014\/06\/tierversuche-des-wolf-singer-was-fuer-einen-nutzen-seit-40-jahren\/\" target=\"_blank\">Tierversuche des Wolf Singer: Was f\u00fcr einen Nutzen seit 40 Jahren? <\/a><\/p>\n<p><a href=\"https:\/\/www.jocelyne-lopez.de\/blog\/2014\/06\/die-tierversuche-des-wolf-singer-wie-krank-ist-das-forschungssystem\/\" target=\"_blank\">Die Tierversuche des Wolf Singer: Wie krank ist das Forschungssystem?<\/a><\/p>\n<p><a href=\"https:\/\/www.jocelyne-lopez.de\/blog\/2014\/05\/wie-kam-der-beruechtigte-tierexperimentator-wolf-singer-zu-einem-bundesverdienstkreuz\/\" target=\"_blank\">Wie kam der ber\u00fcchtigte Tierexperimentator Wolf Singer zu einem Bundesverdienstkreuz? <\/a><\/p>\n<p><a href=\"https:\/\/www.jocelyne-lopez.de\/blog\/2014\/06\/tierversuche-des-wolf-singer-wie-viel-wird-geschwindelt-und-betrogen\/\" target=\"_blank\">Tierversuche des Wolf Singer: Wie viel wird \u201c<em>geschwindelt<\/em>\u201d und \u201c<em>betrogen<\/em>\u201d?<\/a><\/p>\n<p><a href=\"https:\/\/www.jocelyne-lopez.de\/blog\/2014\/08\/umweltministerin-priska-hinz-verweigert-jegliche-auskunft-ueber-die-tierversuche-des-wolf-singer-in-frankfurt\" target=\"_blank\">Umweltministerin Priska Hinz verweigert jegliche Auskunft \u00fcber die Tierversuche des Wolf Singer in Frankfurt <\/a><\/p>\n<p><a href=\"https:\/\/www.jocelyne-lopez.de\/blog\/2014\/08\/beschwerde-an-den-hessischen-ministerpraesident-volker-bouffier-ueber-umweltministerin-priska-hinz-wegen-tierversuchen-des-wolf-singer\/\" target=\"_blank\">Beschwerde an den Hessischen Ministerpr\u00e4sident Volker Bouffier \u00fcber Umweltministerin Priska Hinz wegen Tierversuchen des Wolf Singer <\/a><\/p>\n<p><a href=\"https:\/\/www.jocelyne-lopez.de\/blog\/2014\/10\/wie-korrupt-ist-das-forschungssytem-mit-tierversuchen-im-land-hessen\/\" target=\"_blank\">Tierversuche des Wolf Singer: Wie korrupt ist das Forschungssystem mit Tierversuchen im Land Hessen? <\/a><\/p>\n<p><a href=\"https:\/\/www.jocelyne-lopez.de\/blog\/2014\/10\/wie-weit-reichen-die-bedeutsamen-verbindungen-des-wolf-singer-wofuer-er-ein-bundesverdienstkreuz-verpasst-bekommen-hat\/\" target=\"_blank\">Wie weit reichen die bedeutsamen Verbindungen des Wolf Singer, wof\u00fcr er ein Bundesverdienstkreuz verpasst bekommen hat? <\/a><\/p>\n<p><a href=\"https:\/\/www.jocelyne-lopez.de\/blog\/2011\/12\/ehemaliger-gesundheitsminister-horst-seehofer-uber-abzocke-der-pharma-industrie\/\" target=\"_blank\">Ehemaliger Gesundheitsminister Horst Seehofer \u00fcber Abzocke der Pharma-Industrie <\/a><\/p>\n<p style=\"text-align: left;\"><a href=\"https:\/\/www.jocelyne-lopez.de\/blog\/2014\/08\/in-gedenken-an-den-tierschuetzer-und-tierrechtler-gerhard-oesterreich\/\" target=\"_blank\">In Gedenken an den Tiersch\u00fctzer und Tierrechtler Gerhard Oesterreich<\/a><span style=\"color: #ffffff;\">.<\/span><\/p>\n<p style=\"text-align: left;\"><span style=\"color: #ffffff;\">.<\/span><\/p>\n<\/div>\n","protected":false},"excerpt":{"rendered":"<p>Ich verweise auf meinen Blog-Eintrag Der gr\u00fcne Umweltminister Alexander Bonde verweigert jegliche Ausk\u00fcnfte \u00fcber die Affenversuche in T\u00fcbingen wo ich dar\u00fcber berichtet habe, dass der Umweltminister des Landes Baden-W\u00fcrttemberg, Alexander Bonde (DIE GR\u00dcNEN) sich seit 2012 verweigert, den B\u00fcrgern jegliche Ausk\u00fcnfte \u00fcber die Primatenversuche in T\u00fcbingen zu erteilen, die von seiner untergeordneten Beh\u00f6rde Regierungspr\u00e4sidium T\u00fcbingen [&hellip;]<\/p>\n","protected":false},"author":3,"featured_media":0,"comment_status":"closed","ping_status":"open","sticky":false,"template":"","format":"standard","meta":{"om_disable_all_campaigns":false,"_monsterinsights_skip_tracking":false,"_monsterinsights_sitenote_active":false,"_monsterinsights_sitenote_note":"","_monsterinsights_sitenote_category":0,"ngg_post_thumbnail":0,"footnotes":""},"categories":[9],"tags":[830,820,473,822,814,311,1029,1149,1182,270,924,869,754,791,831,1147,797,8,7,1334,1155,927,185],"class_list":["post-6269","post","type-post","status-publish","format-standard","hentry","category-tierversuche-abschaffen","tag-affenversuche","tag-alexander-bonde","tag-andreas-kreiter","tag-boris-palmer","tag-christian-wulff","tag-covance","tag-dieter-kley","tag-hannelore-kraft","tag-informationsfreiheitgesetz","tag-jocelyne-lopez","tag-johannes-remmel","tag-lanuv-nrw","tag-max-planck-institut-fur-hirnforschung","tag-michael-boddenberg","tag-primatenversuche","tag-priska-hinz","tag-regierungsprasidium-darmstadt","tag-tierrechte","tag-tierschutz","tag-tierversuche-abschaffen","tag-volker-bouffier","tag-winfried-kretschmann","tag-wolf-singer"],"aioseo_notices":[],"_links":{"self":[{"href":"https:\/\/www.jocelyne-lopez.de\/blog\/wp-json\/wp\/v2\/posts\/6269"}],"collection":[{"href":"https:\/\/www.jocelyne-lopez.de\/blog\/wp-json\/wp\/v2\/posts"}],"about":[{"href":"https:\/\/www.jocelyne-lopez.de\/blog\/wp-json\/wp\/v2\/types\/post"}],"author":[{"embeddable":true,"href":"https:\/\/www.jocelyne-lopez.de\/blog\/wp-json\/wp\/v2\/users\/3"}],"replies":[{"embeddable":true,"href":"https:\/\/www.jocelyne-lopez.de\/blog\/wp-json\/wp\/v2\/comments?post=6269"}],"version-history":[{"count":0,"href":"https:\/\/www.jocelyne-lopez.de\/blog\/wp-json\/wp\/v2\/posts\/6269\/revisions"}],"wp:attachment":[{"href":"https:\/\/www.jocelyne-lopez.de\/blog\/wp-json\/wp\/v2\/media?parent=6269"}],"wp:term":[{"taxonomy":"category","embeddable":true,"href":"https:\/\/www.jocelyne-lopez.de\/blog\/wp-json\/wp\/v2\/categories?post=6269"},{"taxonomy":"post_tag","embeddable":true,"href":"https:\/\/www.jocelyne-lopez.de\/blog\/wp-json\/wp\/v2\/tags?post=6269"}],"curies":[{"name":"wp","href":"https:\/\/api.w.org\/{rel}","templated":true}]}}